{"id":14662,"date":"2025-04-07T12:47:45","date_gmt":"2025-04-07T10:47:45","guid":{"rendered":"https:\/\/www.ladislavjakl.cz\/?p=14662"},"modified":"2025-04-07T12:47:45","modified_gmt":"2025-04-07T10:47:45","slug":"vzhuru-hled-vrtulovnik-nato-nelze-prehlednout","status":"publish","type":"post","link":"https:\/\/www.ladislavjakl.cz\/?p=14662","title":{"rendered":"Vzh\u016fru hle\u010f! Vrtulovn\u00edk NATO nelze p\u0159ehl\u00e9dnout\u2026"},"content":{"rendered":"<p>Zn\u00e1te pt\u00e1ka vrtulovn\u00edka? Ne? To je chyba! Je to toti\u017e nadm\u00edru zaj\u00edmav\u00fd pt\u00e1k, zcela odli\u0161n\u00fd od v\u0161ech ostatn\u00edch. Jeden z&nbsp;jeho domestikovan\u00fdch exempl\u00e1\u0159\u016f se jmenuje NATO.<\/p>\n<p><!--more--><\/p>\n<p>Ur\u010dit\u011b jste si u\u017e v\u0161imli, jak se v&nbsp;souvislosti s&nbsp;vojsky USA a&nbsp;dal\u0161\u00edch spojeneck\u00fdch zem\u00ed um\u00edst\u011bn\u00fdch v&nbsp;Pobalt\u00ed, Rumunsku nebo Polsku mluv\u00ed jako o&nbsp;jednotk\u00e1ch, kter\u00e9 maj\u00ed pos\u00edlit \u201ev\u00fdchodn\u00ed k\u0159\u00eddlo NATO\u201c. Naposledy jsme o&nbsp;tom mohli \u010d\u00edst v&nbsp;souvislosti se \u010dty\u0159mi americk\u00fdmi voj\u00e1ky utopen\u00fdmi v&nbsp;litevsk\u00fdch ba\u017ein\u00e1ch pobl\u00ed\u017e b\u011blorusk\u00fdch hranic b\u011bhem vojensk\u00e9ho cvi\u010den\u00ed.<\/p>\n<div class=\"g g-13\">\n<div class=\"g-dyn a-37 c-1\">\n<div id=\"PX_27933_436877629908784\">\n<div class=\"px-w-s27933\" data-visible=\"0\">&nbsp;<\/div>\n<\/div>\n<\/div>\n<\/div>\n<p>I tihle voj\u00e1ci byli v&nbsp;Litv\u011b pr\u00fd kv\u016fli pos\u00edlen\u00ed \u201ev\u00fdchodn\u00edho k\u0159\u00eddla.\u201c Obrat \u201ev\u00fdchodn\u00ed k\u0159\u00eddlo NATO\u201c se \u00fapln\u011b v\u017eil, v\u0161ichni ho od sebe opisuj\u00ed, ale nikdo nev\u011bnuje ani dv\u011b vte\u0159iny, aby se nad obsahem onoho souslov\u00ed zamyslel. \u010clov\u011bk nemus\u00ed b\u00fdt zrovna ornitolog, aby v\u011bd\u011bl, jak zhruba vypad\u00e1 pt\u00e1k. Vep\u0159edu m\u00e1 hlavu se zob\u00e1kem, po stran\u00e1ch k\u0159\u00eddla, mezi nimi trup a&nbsp;vzadu ocas. Nen\u00ed v&nbsp;tom \u017e\u00e1dn\u00e1 v\u011bda.<\/p>\n<p>U\u017e po tis\u00edce let se silueta let\u00edc\u00edho&nbsp;pt\u00e1ka pou\u017e\u00edv\u00e1 jako p\u0159\u00edm\u011br ke klasick\u00e9mu typu rozvinut\u00ed vojsk p\u0159i bojov\u00e9 operaci. Ur\u010dit\u011b zn\u00e1te grafick\u00e1 sch\u00e9mata mnoha historick\u00fdch bitev. \u010celo vojsk tvo\u0159\u00ed p\u0159edvoj. To je ta hlava se zob\u00e1kem. Po stran\u00e1ch jsou k\u0159\u00eddla, \u010dasto jezdectvo, pro p\u0159\u00edpadn\u00fd obchvat zprava nebo zleva. Mezi nimi coby trup je hlavn\u00ed j\u00e1dro vojska. A&nbsp;vzadu coby ocas je t\u00fdl: zabezpe\u010den\u00ed, kuchyn\u011b, z\u00e1sobov\u00e1n\u00ed, o\u0161et\u0159ovny.<\/p>\n<p>V&nbsp;bitv\u011b nebo p\u0159ed n\u00ed jsou pt\u00e1ci vojsk protivn\u00edk\u016f \u010delem proti sob\u011b. Nestoj\u00ed k&nbsp;sob\u011b bokem. To d\u00e1 rozum. Stoj\u00ed hlavou proti hlav\u011b. A&nbsp;po stran\u00e1ch k\u0159\u00eddla. A&nbsp;nejen v&nbsp;bitv\u011b nebo p\u0159ed n\u00ed, ale i&nbsp;p\u0159i vy\u010dk\u00e1vac\u00edch, p\u0159\u00edpravn\u00fdch nebo zastra\u0161ovac\u00edch f\u00e1z\u00edch st\u0159etu. No, a&nbsp;te\u010f si vezm\u011bme, jak je to s&nbsp;t\u00edm \u00fadajn\u00fdm v\u00fdchodn\u00edm k\u0159\u00eddlem NATO.<\/p>\n<p>Jestli m\u00e1 NATO n\u011bjak\u00e9 k\u0159\u00eddlo na v\u00fdchod\u011b, mus\u00ed m\u00edt druh\u00e9 na z\u00e1pad\u011b. Pak by sv\u016fj ocas Aliance m\u00e1\u010dela n\u011bkde ve St\u0159edomo\u0159\u00ed a&nbsp;klof\u00e1k by byl nam\u00ed\u0159en k&nbsp;severn\u00edmu p\u00f3lu. To fakt odpov\u00edd\u00e1 vojensk\u00fdm doktr\u00edn\u00e1m a&nbsp;politicko-medi\u00e1ln\u00edm p\u0159edstav\u00e1m, odkud \u017ee hroz\u00ed nebezpe\u010d\u00ed a&nbsp;kter\u00fdm sm\u011brem je t\u0159eba se naje\u017eit? Proti ledn\u00edm medv\u011bd\u016fm?<\/p>\n<figure class=\"wp-block-image size-full\"><img loading=\"lazy\" decoding=\"async\" class=\"wp-image-43803 lazyloaded\" src=\"https:\/\/denik.to\/wp-content\/uploads\/2025\/04\/shutterstock_2583257421.jpg\" sizes=\"auto, (max-width: 1600px) 100vw, 1600px\" srcset=\"https:\/\/denik.to\/wp-content\/uploads\/2025\/04\/shutterstock_2583257421.jpg 1600w, https:\/\/denik.to\/wp-content\/uploads\/2025\/04\/shutterstock_2583257421-800x420.jpg 800w, https:\/\/denik.to\/wp-content\/uploads\/2025\/04\/shutterstock_2583257421-768x403.jpg 768w, https:\/\/denik.to\/wp-content\/uploads\/2025\/04\/shutterstock_2583257421-600x315.jpg 600w, https:\/\/denik.to\/wp-content\/uploads\/2025\/04\/shutterstock_2583257421-1200x630.jpg 1200w, https:\/\/denik.to\/wp-content\/uploads\/2025\/04\/shutterstock_2583257421-370x194.jpg 370w, https:\/\/denik.to\/wp-content\/uploads\/2025\/04\/shutterstock_2583257421-740x388.jpg 740w, https:\/\/denik.to\/wp-content\/uploads\/2025\/04\/shutterstock_2583257421-250x131.jpg 250w, https:\/\/denik.to\/wp-content\/uploads\/2025\/04\/shutterstock_2583257421-500x262.jpg 500w\" alt=\"Vrtulovn\u00edk NATO\" width=\"472\" height=\"248\" data-src=\"https:\/\/denik.to\/wp-content\/uploads\/2025\/04\/shutterstock_2583257421.jpg\" data-srcset=\"https:\/\/denik.to\/wp-content\/uploads\/2025\/04\/shutterstock_2583257421.jpg 1600w, https:\/\/denik.to\/wp-content\/uploads\/2025\/04\/shutterstock_2583257421-800x420.jpg 800w, https:\/\/denik.to\/wp-content\/uploads\/2025\/04\/shutterstock_2583257421-768x403.jpg 768w, https:\/\/denik.to\/wp-content\/uploads\/2025\/04\/shutterstock_2583257421-600x315.jpg 600w, https:\/\/denik.to\/wp-content\/uploads\/2025\/04\/shutterstock_2583257421-1200x630.jpg 1200w, https:\/\/denik.to\/wp-content\/uploads\/2025\/04\/shutterstock_2583257421-370x194.jpg 370w, https:\/\/denik.to\/wp-content\/uploads\/2025\/04\/shutterstock_2583257421-740x388.jpg 740w, https:\/\/denik.to\/wp-content\/uploads\/2025\/04\/shutterstock_2583257421-250x131.jpg 250w, https:\/\/denik.to\/wp-content\/uploads\/2025\/04\/shutterstock_2583257421-500x262.jpg 500w\" data-sizes=\"(max-width: 1600px) 100vw, 1600px\"><figcaption class=\"wp-element-caption\"><\/figcaption><\/figure>\n<h2 class=\"wp-block-heading\">M\u00ed\u0159\u00ed zob\u00e1k k&nbsp;severn\u00edmu p\u00f3lu, nebo k&nbsp;Africe?<\/h2>\n<p>Nebo je to mo\u017en\u00e1 je\u0161t\u011b jinak. Ocas mrzne n\u011bkde ve Skandin\u00e1vii a&nbsp;zoban m\u00ed\u0159\u00ed proti Africe. No, na to snad ani nem\u016f\u017eeme pomyslet. Tam jsou jen m\u00edrumilovn\u00ed dokto\u0159i a&nbsp;in\u017een\u00fd\u0159i. Tak jak to je? Nastavujeme se v\u016f\u010di p\u0159\u00edpadn\u00e9mu nebezpe\u010d\u00ed z&nbsp;v\u00fdchodu bokem? K\u0159\u00eddlem? Nen\u00ed to pitomost? Nebo \u017ee by \u0161lo o&nbsp;n\u011bjak\u00e9ho pt\u00e1ka, co m\u00e1 k\u0159\u00eddla \u010dty\u0159i: po stran\u00e1ch, a&nbsp;pak vep\u0159edu a&nbsp;vzadu? Mohl by se jmenovat t\u0159eba vrtulovn\u00edk. To je ale taky pitomost, ne?<\/p>\n<p>Je, a&nbsp;nikomu to nevad\u00ed. \u201eV\u00fdchodn\u00ed k\u0159\u00eddlo\u201c je mantrou, o&nbsp;kter\u00e9 se nep\u0159em\u00fd\u0161l\u00ed. Pokud ale pr\u00fd NATO \u010del\u00ed nebezpe\u010d\u00ed z&nbsp;v\u00fdchodu, pak mus\u00ed m\u00edt p\u0159ece logicky k\u0159\u00eddlo severn\u00ed a&nbsp;ji\u017en\u00ed, na z\u00e1pad\u011b ocas a&nbsp;zoban m\u00e1 m\u00ed\u0159it k&nbsp;v\u00fdchodu. Nen\u00ed to v\u0161ak ta hlavn\u00ed pitomost. Tou hlavn\u00ed je stup\u0148ovan\u00e9 militaristick\u00e9 nad\u0161en\u00ed.<\/p>\n<p>Ne, nen\u00ed zas tak nov\u00e9. Francouzi maj\u00ed coby sv\u016fj symbol aspo\u0148 toho kohouta, jin\u00e9 n\u00e1rody ale miluj\u00ed pr\u00e1v\u011b drav\u00e9 pt\u00e1ky. Nebo \u0161elmy. T\u0159eba na\u0161e zem\u011b by klidn\u011b mohla m\u00edt ve znaku mor\u010de, to by d\u00e1valo smysl jako zkratka pro Moravu a&nbsp;\u010cechy. M\u00e1 v\u0161ak lva, typick\u00e9 zv\u00ed\u0159\u00e1tko \u010desk\u00e9 bukolick\u00e9 krajiny. Jinak se to pt\u00e1ky drav\u00fdmi v\u0161ude jen hem\u017e\u00ed. Jsou \u00fadajn\u011b p\u0159ipraveni odehnat nep\u0159\u00edtele sv\u00fdm zob\u00e1kem a&nbsp;dr\u00e1py (tedy ne p\u00edch\u00e1n\u00edm \u0161pi\u010dkou k\u0159\u00eddla).<\/p>\n<p>Nezb\u00fdv\u00e1 ne\u017e se zasn\u00edt p\u0159i p\u0159edstav\u011b budoucnosti, kterou bude nejv\u00edc symbolizovat n\u011bjak\u00fd pt\u00e1k u\u017eite\u010dn\u00fd. T\u0159eba ten, co sn\u00e1\u0161\u00ed vejce. Pokud mo\u017eno zlat\u00e1.<\/p>\n<p><a href=\"https:\/\/denik.to\/vzhuru-hled-vrtulovnik-nato-nelze-prehlednout\/\">Zdroj:<\/a><\/p>\n","protected":false},"excerpt":{"rendered":"<p>Zn\u00e1te pt\u00e1ka vrtulovn\u00edka? Ne? To je chyba! Je to toti\u017e nadm\u00edru zaj\u00edmav\u00fd pt\u00e1k, zcela odli\u0161n\u00fd od v\u0161ech ostatn\u00edch. Jeden z&nbsp;jeho domestikovan\u00fdch exempl\u00e1\u0159\u016f se jmenuje NATO.<\/p>\n","protected":false},"author":9,"featured_media":0,"comment_status":"open","ping_status":"open","sticky":false,"template":"","format":"standard","meta":{"ngg_post_thumbnail":0,"footnotes":""},"categories":[10],"tags":[],"class_list":["post-14662","post","type-post","status-publish","format-standard","hentry","category-zlehka"],"_links":{"self":[{"href":"https:\/\/www.ladislavjakl.cz\/index.php?rest_route=\/wp\/v2\/posts\/14662","targetHints":{"allow":["GET"]}}],"collection":[{"href":"https:\/\/www.ladislavjakl.cz\/index.php?rest_route=\/wp\/v2\/posts"}],"about":[{"href":"https:\/\/www.ladislavjakl.cz\/index.php?rest_route=\/wp\/v2\/types\/post"}],"author":[{"embeddable":true,"href":"https:\/\/www.ladislavjakl.cz\/index.php?rest_route=\/wp\/v2\/users\/9"}],"replies":[{"embeddable":true,"href":"https:\/\/www.ladislavjakl.cz\/index.php?rest_route=%2Fwp%2Fv2%2Fcomments&post=14662"}],"version-history":[{"count":1,"href":"https:\/\/www.ladislavjakl.cz\/index.php?rest_route=\/wp\/v2\/posts\/14662\/revisions"}],"predecessor-version":[{"id":14663,"href":"https:\/\/www.ladislavjakl.cz\/index.php?rest_route=\/wp\/v2\/posts\/14662\/revisions\/14663"}],"wp:attachment":[{"href":"https:\/\/www.ladislavjakl.cz\/index.php?rest_route=%2Fwp%2Fv2%2Fmedia&parent=14662"}],"wp:term":[{"taxonomy":"category","embeddable":true,"href":"https:\/\/www.ladislavjakl.cz\/index.php?rest_route=%2Fwp%2Fv2%2Fcategories&post=14662"},{"taxonomy":"post_tag","embeddable":true,"href":"https:\/\/www.ladislavjakl.cz\/index.php?rest_route=%2Fwp%2Fv2%2Ftags&post=14662"}],"curies":[{"name":"wp","href":"https:\/\/api.w.org\/{rel}","templated":true}]}}