{"id":14667,"date":"2025-04-17T21:27:08","date_gmt":"2025-04-17T19:27:08","guid":{"rendered":"https:\/\/www.ladislavjakl.cz\/?p=14667"},"modified":"2025-04-17T21:27:08","modified_gmt":"2025-04-17T19:27:08","slug":"velikonoce-jako-semafor","status":"publish","type":"post","link":"https:\/\/www.ladislavjakl.cz\/?p=14667","title":{"rendered":"Velikonoce jako semafor"},"content":{"rendered":"<p>T\u00e9m\u011b\u0159 denn\u011b p\u0159es tenhle p\u0159echod chod\u00edv\u00e1m. Naposled v\u010dera. A t\u00e9m\u011b\u0159 denn\u011b tam b\u00fdv\u00e1m jedin\u00fdm, kdo na semaforu \u010dek\u00e1 na zelenou, mnoz\u00ed ostatn\u00ed se \u017eenou d\u00e1l na \u010dervenou, i kdy\u017e zjevn\u011b nikam neposp\u00edchaj\u00ed.<\/p>\n<p><!--more--><\/p>\n<p>Prost\u011b b\u00fdv\u00e1 lidem zat\u011b\u017eko se ovl\u00e1dat, kontrolovat se, poru\u010dit si, s\u00e1m sebe usm\u011br\u0148ovat. Dnes na tom p\u0159echodu vb\u011bhl chlapec rovnou pod tramvaj \u2013 a ta ho se\u0161rotovala pod sebe a zabila. Takov\u00e1 stra\u0161liv\u00e1 v\u011bc. P\u0159itom mo\u017en\u00e1 sta\u010dilo se na p\u00e1r vte\u0159in zastavit.<\/p>\n<p>Je \u010das velikono\u010dn\u00ed. Ka\u017ed\u00fd ho m\u00e1 spojen\u00fd s&nbsp;jin\u00fdmi zvyky, ritu\u00e1ly, p\u0159edstavami a pl\u00e1ny. P\u0159edev\u0161\u00edm je to ale chv\u00edle, kdy se m\u00e1 \u010dlov\u011bk zastavit. Poru\u010dit si. Zavelet s\u00e1m sob\u011b. Nenechat se jen tak pasivn\u011b un\u00e1\u0161et proudem. Zastavit se a hledat v&nbsp;sob\u011b co, co ho ochr\u00e1n\u00ed, co mu uk\u00e1\u017ee cestu, co mu porad\u00ed, jak d\u011blat v\u011bci l\u00e9pe.<\/p>\n<p>K&nbsp;tomu slou\u017e\u00ed i nyn\u00ed pomalu kon\u010d\u00edc\u00ed doba postn\u00ed. Je to vlastn\u011b takov\u00e9 zastaven\u00ed se na semaforu. I kdy\u017e zrovna \u0161irokodaleko nic nejede a nikdo se nekouk\u00e1. To ne kv\u016fli druh\u00fdm. To ne kv\u016fli riziku pokuty \u010di kolize s&nbsp;autem. To prim\u00e1rn\u011b kv\u016fli tomu, aby si \u010dlov\u011bk s\u00e1m \u0159ekl, \u017ee on je sv\u00fdm p\u00e1nem, ne okolnosti, ve kter\u00fdch se jen tak pland\u00e1.<\/p>\n<p>Jsme civiln\u00ed a sekul\u00e1rn\u00ed spole\u010dnost\u00ed. Tady se n\u011bjak\u00e1 bigotnost moc nenos\u00ed. Ale i v&nbsp;r\u00e1mci \u00fapln\u011b oby\u010dejn\u00fdch radost\u00ed a starost\u00ed stoj\u00ed za to si zahr\u00e1t s\u00e1m se sebou hru na sebeovl\u00e1d\u00e1n\u00ed, na schopnost si n\u011bco odep\u0159\u00edt, na aktivov\u00e1n\u00ed vlastn\u00ed v\u016fle a nejet jen tak na autopilota.<\/p>\n<p>Velikonoce tak\u00e9 p\u0159ipom\u00ednaj\u00ed ob\u011b\u0165. K&nbsp;ob\u011bti n\u00e1m d\u00e1v\u00e1 tis\u00edc p\u0159\u00edle\u017eitost\u00ed ka\u017ed\u00fd den. Nejsou jen ob\u011bti velk\u00e9. Jsou i ty nen\u00e1padn\u00e9 a neok\u00e1zal\u00e9. A \u00fapln\u011b nejlep\u0161\u00ed jsou ty, kter\u00fdch si nikdo nev\u0161imne. Velikonoce jsou ale i p\u0159\u00edle\u017eitost\u00ed k&nbsp;velk\u00fdm pitomostem.<\/p>\n<p>V&nbsp;jednom n\u011bmeck\u00e9m cukr\u00e1\u0159stv\u00ed vyrobili sladk\u00e9 pamlsky ve tvaru zaj\u00ed\u010dk\u016f obsluhuj\u00edc\u00edch vojensk\u00e1 d\u011bla. Jinde je zvykem zt\u0159\u00edskat se jako d\u011blo. N\u011bkdo m\u00e1 z\u00e1chvaty moralizov\u00e1n\u00ed a pou\u010dov\u00e1n\u00ed. A jin\u00fd je r\u00e1d, \u017ee m\u00e1 p\u00e1r dn\u016f volna na m\u00edch\u00e1n\u00ed betonu a nahazov\u00e1n\u00ed zd\u00ed.<\/p>\n<p>Kv\u016fli na\u0161emu p\u0159em\u00edt\u00e1n\u00ed a rozumbradov\u00e1n\u00ed se sv\u011bt nezastav\u00ed ani po tyto sv\u00e1te\u010dn\u00ed dny. D\u00e1l budou prob\u00edhat dramata i pok\u0159iven\u00e9 reflexe on\u011bch dramat. N\u011bkdo se tomu um\u00ed \u00fapln\u011b vyhnout, alespo\u0148 na Velikonoce, pro jin\u00e9ho jsou ony medi\u00e1ln\u00ed reflexe n\u00e1vykovou l\u00e1tkou. Ale i tady je dobr\u00e9 n\u011bkdy zastavit na semaforu, zamyslet se, a po\u010dkat si na zelenou n\u011bkde v sob\u011b.<\/p>\n<p>Jinak vb\u011bhneme pod d\u011bjiny, a ty n\u00e1s p\u0159ejedou.<\/p>\n<p><em>Ladislav Jakl, 17. 4. 2025<\/em><\/p>\n<p><a href=\"https:\/\/www.institutvk.cz\/clanky\/3106.html\">Zdroj:<\/a><\/p>\n","protected":false},"excerpt":{"rendered":"<p>T\u00e9m\u011b\u0159 denn\u011b p\u0159es tenhle p\u0159echod chod\u00edv\u00e1m. Naposled v\u010dera. A t\u00e9m\u011b\u0159 denn\u011b tam b\u00fdv\u00e1m jedin\u00fdm, kdo na semaforu \u010dek\u00e1 na zelenou, mnoz\u00ed ostatn\u00ed se \u017eenou d\u00e1l na \u010dervenou, i kdy\u017e zjevn\u011b nikam neposp\u00edchaj\u00ed.<\/p>\n","protected":false},"author":9,"featured_media":0,"comment_status":"open","ping_status":"open","sticky":false,"template":"","format":"standard","meta":{"ngg_post_thumbnail":0,"footnotes":""},"categories":[1],"tags":[],"class_list":["post-14667","post","type-post","status-publish","format-standard","hentry","category-publikovane-clanky"],"_links":{"self":[{"href":"https:\/\/www.ladislavjakl.cz\/index.php?rest_route=\/wp\/v2\/posts\/14667","targetHints":{"allow":["GET"]}}],"collection":[{"href":"https:\/\/www.ladislavjakl.cz\/index.php?rest_route=\/wp\/v2\/posts"}],"about":[{"href":"https:\/\/www.ladislavjakl.cz\/index.php?rest_route=\/wp\/v2\/types\/post"}],"author":[{"embeddable":true,"href":"https:\/\/www.ladislavjakl.cz\/index.php?rest_route=\/wp\/v2\/users\/9"}],"replies":[{"embeddable":true,"href":"https:\/\/www.ladislavjakl.cz\/index.php?rest_route=%2Fwp%2Fv2%2Fcomments&post=14667"}],"version-history":[{"count":1,"href":"https:\/\/www.ladislavjakl.cz\/index.php?rest_route=\/wp\/v2\/posts\/14667\/revisions"}],"predecessor-version":[{"id":14668,"href":"https:\/\/www.ladislavjakl.cz\/index.php?rest_route=\/wp\/v2\/posts\/14667\/revisions\/14668"}],"wp:attachment":[{"href":"https:\/\/www.ladislavjakl.cz\/index.php?rest_route=%2Fwp%2Fv2%2Fmedia&parent=14667"}],"wp:term":[{"taxonomy":"category","embeddable":true,"href":"https:\/\/www.ladislavjakl.cz\/index.php?rest_route=%2Fwp%2Fv2%2Fcategories&post=14667"},{"taxonomy":"post_tag","embeddable":true,"href":"https:\/\/www.ladislavjakl.cz\/index.php?rest_route=%2Fwp%2Fv2%2Ftags&post=14667"}],"curies":[{"name":"wp","href":"https:\/\/api.w.org\/{rel}","templated":true}]}}