{"id":14676,"date":"2025-04-24T18:21:44","date_gmt":"2025-04-24T16:21:44","guid":{"rendered":"https:\/\/www.ladislavjakl.cz\/?p=14676"},"modified":"2025-04-24T18:21:44","modified_gmt":"2025-04-24T16:21:44","slug":"papez-na-ktereho-cekame","status":"publish","type":"post","link":"https:\/\/www.ladislavjakl.cz\/?p=14676","title":{"rendered":"Pape\u017e, na kter\u00e9ho \u010dek\u00e1me"},"content":{"rendered":"<p>Bl\u00ed\u017e\u00ed se volba nov\u00e9ho pape\u017ee. Ve Vatik\u00e1nu st\u00e1le panuje ofici\u00e1ln\u00ed smutek, ten je ale z\u00e1rove\u0148 lh\u016ftou, kter\u00e1 m\u00e1 umo\u017enit volitel\u016fm z&nbsp;cel\u00e9ho sv\u011bta, aby se dostavili do Sixtinsk\u00e9 kaple na konkl\u00e1ve.<\/p>\n<p><!--more--><\/p>\n<p>Naprostou v\u011bt\u0161inu vol\u00edc\u00edch kardin\u00e1l\u016f jmenoval pr\u00e1v\u011b zesnul\u00fd pape\u017e Franti\u0161ek, tak\u017ee by se mohlo p\u0159edpokl\u00e1dat, \u017ee jeho n\u00e1stupce bude pokra\u010dovatelem Franti\u0161kovy linie navenek siln\u011b liber\u00e1ln\u00edho, uvnit\u0159 tvrd\u011b autoritativn\u00edho pontifik\u00e1tu. Nen\u00ed ale p\u0159edstaviteln\u00e9, aby se do volby neprom\u00edtly spole\u010densk\u00e9 ot\u0159esy dne\u0161n\u00ed doby.<\/p>\n<p>Dnes je p\u0159ehodnocov\u00e1no i to, co bylo spole\u010dn\u00fdm z\u00e1kladem na\u0161eho sv\u011bta po stovky let. Prosakov\u00e1n\u00ed extr\u00e9mn\u00edho pokrok\u00e1\u0159stv\u00ed do kultury, politiky, vzd\u011bl\u00e1v\u00e1n\u00ed, v\u00fdchovy i rodiny se nemohlo vyhnout ani struktur\u00e1m katolick\u00e9 c\u00edrkve. Ale ne v\u0161ude to vid\u00ed stejn\u011b. Ne v\u0161ude je spole\u010dnost rozmazlen\u00e1, znud\u011bn\u00e1, p\u0159e\u017eran\u00e1, a tedy zral\u00e1 pro dekadenci. Katol\u00edci v&nbsp;rozvojov\u00fdch zem\u00edch \u010del\u00ed chudob\u011b i krut\u00e9mu n\u00e1sil\u00ed od muslimsk\u00fdch boj\u016fvek. Tam je c\u00edrkev ostrovem, \u00fato\u010di\u0161t\u011bm i posledn\u00ed z\u00e1chranou. A volitel\u00e9 z&nbsp;t\u011bchto zem\u00ed za hlavn\u00ed probl\u00e9m dne\u0161n\u00edho sv\u011bta nejsp\u00ed\u0161e nepova\u017euj\u00ed to, zda lze eucharistii poj\u00edmat jako bezva mejdan.<\/p>\n<p>Brut\u00e1ln\u00ed pokrok\u00e1\u0159stv\u00ed ud\u011blalo velikou chybu. Po des\u00edtky let se mu vypl\u00e1cela metoda va\u0159en\u00e9 \u017e\u00e1by, sal\u00e1mov\u00e1 metoda, metoda pomal\u00e9ho a nen\u00e1padn\u00e9ho prosakov\u00e1n\u00ed rozhoduj\u00edc\u00edmi institucemi. V&nbsp;posledn\u00edch letech ale protagonist\u00e9 extr\u00e9mn\u00edho liberalismu z\u00edskali pocit, \u017ee c\u00edl u\u017e je nadosah. A tak \u0161l\u00e1pli na plyn a ztratili svou taktickou opatrnost. A najednou jejich j\u00edzda za\u010d\u00edn\u00e1 vadit i t\u011bm, co si v\u00fdst\u0159elky pokrok\u00e1\u0159stv\u00ed nechali dlouho l\u00edbit.<\/p>\n<p>A tohle v\u0161e bude tvo\u0159it r\u00e1mec volby nov\u00e9ho pape\u017ee, to v\u0161e se bude prom\u00edtat do motivace volitel\u016f, do jejich debat a dohod. A mo\u017en\u00e1 n\u011bkdo z&nbsp;kardin\u00e1l\u016f pronese my\u0161lenku, zda nen\u00ed na\u010dase za\u010d\u00edt p\u0159ehodnocovat p\u0159ehodnocov\u00e1n\u00ed.<\/p>\n<p>Za p\u00e1r t\u00fddn\u016f bude m\u00edt sv\u011bt pape\u017ee nov\u00e9ho. Ano, sv\u011bt, ne pouze katolick\u00e1 c\u00edrkev. Budeme v\u011bd\u011bt, zda nov\u00fd pape\u017e bude zosob\u0148ovat nadechnut\u00ed, nebo jen pasivn\u00ed posouv\u00e1n\u00ed se v&nbsp;dosavadn\u00ed trajektorii.<\/p>\n<p>Dnes je to dvacet let, co na Svatopetrsk\u00e9m n\u00e1m\u011bst\u00ed prob\u00edhala inaugurace tehdy nov\u011b zvolen\u00e9ho pape\u017ee Benedikta XVI. Byla u toho i p\u011bti\u010dlenn\u00e1 delegace z&nbsp;\u010cesk\u00e9 republiky. Prezident republiky V\u00e1clav Klaus s&nbsp;chot\u00ed Livi\u00ed, ministr zahrani\u010d\u00ed Cyril Svoboda, j\u00e1 a \u0161\u00e9f hradn\u00edho protokolu Jind\u0159ich Forejt. Dob\u0159e si pamatuji na pocit jist\u00e9ho zadostiu\u010din\u011bn\u00ed, \u017ee p\u0159ich\u00e1z\u00ed spr\u00e1vn\u00fd pape\u017e pro tyto \u010dasy. S&nbsp;jak\u00fdmi pocity uv\u00edt\u00e1me toho p\u0159\u00ed\u0161t\u00edho?<\/p>\n<p><em>Ladislav Jakl, 24. 4. 2025<\/em><\/p>\n<p><a href=\"https:\/\/www.institutvk.cz\/clanky\/3107.html\">Zdroj:<\/a><\/p>\n","protected":false},"excerpt":{"rendered":"<p>Bl\u00ed\u017e\u00ed se volba nov\u00e9ho pape\u017ee. Ve Vatik\u00e1nu st\u00e1le panuje ofici\u00e1ln\u00ed smutek, ten je ale z\u00e1rove\u0148 lh\u016ftou, kter\u00e1 m\u00e1 umo\u017enit volitel\u016fm z&nbsp;cel\u00e9ho sv\u011bta, aby se dostavili do Sixtinsk\u00e9 kaple na konkl\u00e1ve.<\/p>\n","protected":false},"author":9,"featured_media":0,"comment_status":"open","ping_status":"open","sticky":false,"template":"","format":"standard","meta":{"ngg_post_thumbnail":0,"footnotes":""},"categories":[1],"tags":[],"class_list":["post-14676","post","type-post","status-publish","format-standard","hentry","category-publikovane-clanky"],"_links":{"self":[{"href":"https:\/\/www.ladislavjakl.cz\/index.php?rest_route=\/wp\/v2\/posts\/14676","targetHints":{"allow":["GET"]}}],"collection":[{"href":"https:\/\/www.ladislavjakl.cz\/index.php?rest_route=\/wp\/v2\/posts"}],"about":[{"href":"https:\/\/www.ladislavjakl.cz\/index.php?rest_route=\/wp\/v2\/types\/post"}],"author":[{"embeddable":true,"href":"https:\/\/www.ladislavjakl.cz\/index.php?rest_route=\/wp\/v2\/users\/9"}],"replies":[{"embeddable":true,"href":"https:\/\/www.ladislavjakl.cz\/index.php?rest_route=%2Fwp%2Fv2%2Fcomments&post=14676"}],"version-history":[{"count":1,"href":"https:\/\/www.ladislavjakl.cz\/index.php?rest_route=\/wp\/v2\/posts\/14676\/revisions"}],"predecessor-version":[{"id":14677,"href":"https:\/\/www.ladislavjakl.cz\/index.php?rest_route=\/wp\/v2\/posts\/14676\/revisions\/14677"}],"wp:attachment":[{"href":"https:\/\/www.ladislavjakl.cz\/index.php?rest_route=%2Fwp%2Fv2%2Fmedia&parent=14676"}],"wp:term":[{"taxonomy":"category","embeddable":true,"href":"https:\/\/www.ladislavjakl.cz\/index.php?rest_route=%2Fwp%2Fv2%2Fcategories&post=14676"},{"taxonomy":"post_tag","embeddable":true,"href":"https:\/\/www.ladislavjakl.cz\/index.php?rest_route=%2Fwp%2Fv2%2Ftags&post=14676"}],"curies":[{"name":"wp","href":"https:\/\/api.w.org\/{rel}","templated":true}]}}