{"id":14679,"date":"2025-04-30T13:50:57","date_gmt":"2025-04-30T11:50:57","guid":{"rendered":"https:\/\/www.ladislavjakl.cz\/?p=14679"},"modified":"2025-04-30T13:53:15","modified_gmt":"2025-04-30T11:53:15","slug":"ve-vzduchu-cosi-smrdi-jako-tenkrat","status":"publish","type":"post","link":"https:\/\/www.ladislavjakl.cz\/?p=14679","title":{"rendered":"Ve vzduchu cosi smrd\u00ed. Jako tenkr\u00e1t"},"content":{"rendered":"<p>Francouzsk\u00fd prezident Macron ned\u00e1vno znovu zopakoval, \u017ee re\u00e1ln\u011b zva\u017euje vysl\u00e1n\u00ed francouzsk\u00fdch vojsk na Ukrajinu a \u017ee n\u011bjak\u00e9 Rusko o tom nebude rozhodovat. Mysl\u00edm, \u017ee s n\u00edm je nutno souhlasit.<\/p>\n<p><!--more--><\/p>\n<p>Pravdu m\u00e1, tenhle mot\u00fdl Emanuel. Rusko ur\u010dit\u011b nebude a ani nem\u016f\u017ee rozhodovat o tom, zda Francie (nebo jin\u00e1 \u010dlensk\u00e1 zem\u011b NATO) po\u0161le sv\u00e9 voj\u00e1ky na ukrajinsk\u00e9 \u00fazem\u00ed. Bude ale rozhodovat o tom, jakou zvol\u00ed reakci. A ta se t\u0159eba Francouz\u016fm nebude l\u00edbit.<\/p>\n<p>U\u017e sly\u0161\u00edm rozho\u0159\u010denou argumentaci, \u017ee na n\u011bjakou reakci, kter\u00e1 \u201ese nebude l\u00edbit\u201c, nem\u00e1 Rusko pr\u00e1vo. Mo\u017en\u00e1 je to i argumentace form\u00e1ln\u011b pravdiv\u00e1. Ale trochu se podob\u00e1 argumentaci jednoho \u0159idi\u010de, kter\u00fd jede po hlavn\u00ed silnici a bl\u00ed\u017e\u00ed se ke k\u0159i\u017eovatce. V tom mu do cesty z vedlej\u0161\u00ed silnice vjede n\u00e1kla\u010f\u00e1k. N\u00e1\u0161 \u0159idi\u010d rozho\u0159\u010den\u011b zvol\u00e1: n\u00e1kla\u010f\u00e1ku, na to nem\u00e1\u0161 pr\u00e1vo! Na\u010de\u017e pokra\u010duje stejnou rychlost\u00ed, do n\u00e1kla\u010f\u00e1ku to nap\u00e1l\u00ed a zabije se s dobr\u00fdm pocitem, \u017ee je v pr\u00e1vu.<\/p>\n<p><strong>Politici &#8211; \u0159idi\u010di<\/strong><\/p>\n<p>P\u0159i pohledu na dne\u0161n\u00ed evropsk\u00e9 politiky \u010dlov\u011bk snadno z\u00edsk\u00e1 pocit, \u017ee jsou mezi nimi sam\u00ed \u0159idi\u010di, kte\u0159\u00ed si ze sv\u00fdch aut brzdy rovnou odmontovali, proto\u017ee p\u0159ece jedou po hlavn\u00ed a nikdo nem\u00e1 pr\u00e1vo jim k\u0159\u00ed\u017eit cestu. No, pr\u00e1vo mo\u017en\u00e1 nem\u00e1, ale\u2026<\/p>\n<p>P\u0159ipom\u00edn\u00e1me si v t\u011bchto dnech 80. v\u00fdro\u010d\u00ed osvobozen\u00ed, i kdy\u017e se u\u010d\u00edme pou\u017e\u00edvat term\u00edn \u201ekonec v\u00e1lky\u201c, tedy jako\u017ee ta Druh\u00e1 sv\u011btov\u00e1 v\u00e1lka skon\u010dila tak n\u011bjak sama od sebe. Mluvit o osvobozen\u00ed je neslu\u0161n\u00e9, proto\u017ee p\u0159ece ne\u0161lo o osvobozen\u00ed, ale o novou okupaci. Sov\u011btsk\u00e1 vojska n\u00e1s sice opustila v z\u00e1\u0159\u00ed 1945 (na 23 let), zat\u00edmco americk\u00e1 neopustila N\u011bmecko od jeho por\u00e1\u017eky u\u017e nikdy a z tohoto pohledu bychom tedy museli pova\u017eovat N\u011bmecko za st\u00e1le okupovan\u00e9. No, o osvobozen\u00ed se mluvit vlastn\u011b sm\u00ed, ale jen u t\u00e9 \u010d\u00e1sti na\u0161\u00ed republiky, kterou osvobodili Ameri\u010dan\u00e9. T\u011bch sice na na\u0161em \u00fazem\u00ed padlo asi tis\u00edckr\u00e1t m\u00e9n\u011b ne\u017e p\u0159\u00edslu\u0161n\u00edk\u016f Rud\u00e9 arm\u00e1dy (a asi dv\u011bst\u011bkr\u00e1t m\u00e9n\u011b ne\u017e Rumun\u016f), ale jako rod\u00e1k z Chebu, o kter\u00fd Ameri\u010dan\u00e9 museli opravdu bojovat, bych si nedovolil zleh\u010dovat by\u0165 jen jedinou ob\u011b\u0165.<\/p>\n<p>Vzpom\u00ednky na 80 let star\u00e9 ud\u00e1losti se dnes poj\u00edmaj\u00ed jako vhodn\u00fd p\u0159\u00edsp\u011bvek k celkov\u00e9 \u0161roubovan\u00e9 militarizaci spole\u010densk\u00e9 atmosf\u00e9ry. Pokud ale dne\u0161n\u00ed doba n\u011bco p\u0159ipom\u00edn\u00e1, tak je to daleko sp\u00ed\u0161e Prvn\u00ed sv\u011btov\u00e1 v\u00e1lka, l\u00e9pe \u0159e\u010deno n\u00e1lady a pocity, kter\u00e9 j\u00ed p\u0159edch\u00e1zely.<\/p>\n<p>I tehdy pamatovali opravdick\u00e9 velk\u00e9 vojensk\u00e9 st\u0159ety jen nejstar\u0161\u00ed pam\u011btn\u00edci. I tehdy m\u011bly evropsk\u00e9 st\u00e1ty za sebou dlouh\u00e9 obdob\u00ed ekonomick\u00e9ho rozvoje a r\u016fstu \u017eivotn\u00ed \u00farovn\u011b. I tehdy byli na\u0161e p\u0159edkov\u00e9 sv\u011bdky ohromn\u00e9ho technologick\u00e9ho pokroku. I tehdy se tento pokrok nevyhnul zbra\u0148ov\u00fdm syst\u00e9m\u016fm \u2013 t\u011b\u0161n\u011b p\u0159ed rokem 1914 byly do v\u00fdzbroje arm\u00e1d za\u0159azeny tanky, letadla, modern\u00ed d\u011bla, bojov\u00e9 otravn\u00e9 plyny, balony, zpravodajsk\u00e1 technika. I tehdy si nikdo re\u00e1ln\u011b neum\u011bl p\u0159edstavit hnus a utrpen\u00ed opravdov\u00e9 v\u00e1lky s masakry milion\u016f mlad\u00fdch mu\u017e\u016f, i tehdy se m\u011blo za to, \u017ee arm\u00e1dy slou\u017e\u00ed k zastra\u0161en\u00ed a reprezentaci, a ne ke vz\u00e1jemn\u00e9mu masakrov\u00e1n\u00ed.<\/p>\n<p>I tehdy, v dob\u011b ve\u010d\u00edrk\u016f a b\u00e1l\u016f, promen\u00e1dn\u00edch koncert\u016f, oslav a kulturn\u00edch po\u010din\u016f, ve vzduchu cosi smrd\u011blo. I tehdy se \u0161roubovaly s\u00e1zky, zapom\u00ednalo na re\u00e1ln\u00e9 z\u00e1jmy, navazovala podivn\u00e1 spojenectv\u00ed a p\u0159ij\u00edmaly nesplniteln\u00e9 z\u00e1vazky. Bouch\u00e1n\u00ed do stolu bylo p\u0159ece jen jako. Fr\u00e1ze o historick\u00e9 \u00faloze a n\u00e1roku na preferovan\u00e9 uspo\u0159\u00e1d\u00e1n\u00ed sv\u011bta p\u0159ece nikdo nemyslel doslovn\u011b. Podobnost na\u0161\u00ed a tehdej\u0161\u00ed doby je a\u017e mraziv\u00e1.<\/p>\n<p><strong>Ochotn\u00ed<\/strong><\/p>\n<p>Ale zp\u00e1tky k Macronovi a dal\u0161\u00edm \u201eochotn\u00fdm\u201c, kte\u0159\u00ed vytrubuj\u00ed p\u0159ipravenost k vysl\u00e1n\u00ed vojsk k Dn\u011bpru. \u010casto operuj\u00ed term\u00ednem \u201em\u00edrov\u00e9 s\u00edly\u201c. Na to se pod\u00edvejme bl\u00ed\u017ee. Na Ukrajin\u011b zu\u0159\u00ed v\u00e1lka. Jak m\u016f\u017ee skon\u010dit? Jedn\u00edm ze zp\u016fsob\u016f, jak\u00fdm kon\u010d\u00edvaj\u00ed v\u0161echny v\u00e1lky lidsk\u00fdch d\u011bjin.<\/p>\n<p>Prvn\u00edm zp\u016fsobem je dlouhodob\u00e9 zamrznut\u00ed konfliktu. Velk\u00e9 operace ustanou, ob\u010das se odehraje men\u0161\u00ed kontrolovan\u00fd konflikt, nap\u011bt\u00ed trv\u00e1, ale t\u0159eba i po cel\u00e1 desetilet\u00ed nep\u0159eroste zp\u011bt ve v\u00e1lku na pln\u00fd plyn. Korea. Kypr. Sinaj. Karabach. \u0158e\u0161en\u00ed je to nestabiln\u00ed, ale aspo\u0148 se neum\u00edr\u00e1 ve velk\u00e9m. Je dost d\u016fle\u017eit\u00e9, jak je \u010das formalizovan\u00e9ho \u010di neform\u00e1ln\u00edho p\u0159\u00edm\u011b\u0159\u00ed vyu\u017eit. Je to minov\u00e9 pole (n\u011bkde doslovn\u00e9), kolem kter\u00e9ho se nedupe ale chod\u00ed po \u0161pi\u010dk\u00e1ch.<\/p>\n<p>Druh\u00fdm je tot\u00e1ln\u00ed v\u00fdhra jedn\u00e9 strany a tot\u00e1ln\u00ed prohra druh\u00e9. V\u00edt\u011bz bere v\u0161e a ur\u010duje podm\u00ednky. V pora\u017een\u00e9m doutn\u00e1 jiskra revan\u0161e, ale na dlouho dobu se na nic nezm\u016f\u017ee. \u010casem takto vznikl\u00e9 uspo\u0159\u00e1d\u00e1n\u00ed vroste do \u017eivota a b\u00fdv\u00e1 nakonec tak n\u011bjak p\u0159ijato. Jen\u017ee. P\u0159edt\u00edm je nutn\u00e9 jednoho ze soupe\u0159\u016f rozfl\u00e1kat na cucky. Jak by toto fl\u00e1k\u00e1n\u00ed vypadalo s prstem na \u010derven\u00e9m tla\u010d\u00edtku, co by mo\u017en\u00e1 m\u011bl n\u011bkdo vysv\u011btlit.<\/p>\n<p>T\u0159et\u00edm koncem je pat. Dohoda. Rem\u00edza. Kompromis. A dlouh\u00e1 cesta k usm\u00ed\u0159en\u00ed. Dohoda mus\u00ed v\u00e9st ke stabiln\u00edmu uspo\u0159\u00e1d\u00e1n\u00ed bez dramatick\u00e9ho pocitu k\u0159ivdy jedn\u00e9 ze stran. \u010casto se to neobjede bez strany t\u0159et\u00ed. V roli zprost\u0159edkovatele, garanta, pozorovatele a ranhoji\u010de.<\/p>\n<p><strong>M\u00edrov\u00e9, nebo v\u00e1le\u010dn\u00e9 s\u00edly? Kdo to v\u00ed?<\/strong><\/p>\n<p>Pokud n\u011bkdo neprotla\u010duje jednu z prvn\u00edch dvou verz\u00ed, m\u011bl by si uv\u011bdomit, co vy\u017eaduje ono \u0159e\u0161en\u00ed t\u0159et\u00ed. A jsme u on\u011bch \u201eochotn\u00fdch\u201c a jejich \u201em\u00edrov\u00fdch sil\u201c. Ty by mohly nastoupit jen v p\u0159\u00edpad\u011b, \u017ee jejich nasazen\u00ed bude sou\u010d\u00e1st\u00ed dohody \u00fa\u010dastn\u00edk\u016f konfliktu. Tedy s jejich souhlasem. \u0158\u00edkaj\u00ed n\u00e1m tedy \u201eochotn\u00ed\u201c Macronov\u00e9 a dal\u0161\u00ed, \u017ee po\u010d\u00edtaj\u00ed se souhlasem i Ruska jako s podm\u00ednkou sine qua non? \u0158\u00edkaj\u00ed, \u017ee takov\u00e9ho souhlasu lze dos\u00e1hnout jen t\u00edm, \u017ee by takov\u00e9 s\u00edly chr\u00e1nily dohodu p\u0159ed poru\u0161ov\u00e1n\u00edm z jak\u00e9koli strany a nikoli \u017ee by chr\u00e1nily bezpe\u010d\u00ed jen jedn\u00e9 ze stran? No, to se nahlas ne\u0159\u00edk\u00e1.<\/p>\n<p>Pokud ale n\u011bkdo mysl\u00ed, \u017ee takov\u00e9ho souhlasu nen\u00ed k vysl\u00e1n\u00ed \u201em\u00edrov\u00fdch sil\u201c t\u0159eba a \u017ee ty s\u00edly by tam m\u00edr \u0161ly n\u011bjak zajistit, pak by pochopiteln\u011b ne\u0161lo o m\u00edrov\u00e9 s\u00edly, ale o s\u00edly v\u00e1le\u010dn\u00e9, bojov\u00e9, bojuj\u00edc\u00ed. \u0158\u00edkaj\u00ed to auto\u0159i t\u011bchto iniciativ? No, ne\u0159\u00edkaj\u00ed. Zaml\u010duj\u00ed. Zaml\u010duj\u00ed, \u017ee souhlas obou stran je nutn\u00fd a \u017ee bez n\u011bj jde o vstup do v\u00e1lky.<\/p>\n<p>Tu pochopiteln\u011b nikdo nechce. Podobn\u00e9 verb\u00e1ln\u00ed iniciativy se nevyhla\u0161uj\u00ed v\u00e1\u017en\u011b, ale jen jako demonstrace charakteru, odhodlanosti a s\u00edly. Berme je tedy tak. Do chv\u00edle, ne\u017e to n\u011bjak\u00fd horliv\u00fd ochotn\u00fd vezme fakt v\u00e1\u017en\u011b a rozjede se po d\u00e1lnici plnou rychlost\u00ed. Co na tom, \u017ee tam je nep\u0159ehledn\u00e1 k\u0159i\u017eovatka. Jedeme p\u0159ece po hlavn\u00ed a m\u00e1me pr\u00e1vo na p\u0159ednost, ne? Chcete snad n\u011bkdo relativizovat \u010di zpochyb\u0148ovat dopravn\u00ed p\u0159edpisy?!<\/p>\n<p>Jak\u00fd \u017ee to m\u00e1me rok? Thomas Edison si pr\u00e1v\u011b nechal patentovat gramofonovou desku a Viktor Kaplan sestavil svou turb\u00ednu. \u010cas pln\u00fd nad\u011bje&#8230;<\/p>\n<p>Ps\u00e1no pro dubnov\u00e9 \u010d\u00edslo \u010dasopisu TO<\/p>\n","protected":false},"excerpt":{"rendered":"<p>Francouzsk\u00fd prezident Macron ned\u00e1vno znovu zopakoval, \u017ee re\u00e1ln\u011b zva\u017euje vysl\u00e1n\u00ed francouzsk\u00fdch vojsk na Ukrajinu a \u017ee n\u011bjak\u00e9 Rusko o tom nebude rozhodovat. Mysl\u00edm, \u017ee s n\u00edm je nutno souhlasit.<\/p>\n","protected":false},"author":9,"featured_media":0,"comment_status":"open","ping_status":"open","sticky":false,"template":"","format":"standard","meta":{"ngg_post_thumbnail":0,"footnotes":""},"categories":[1],"tags":[],"class_list":["post-14679","post","type-post","status-publish","format-standard","hentry","category-publikovane-clanky"],"_links":{"self":[{"href":"https:\/\/www.ladislavjakl.cz\/index.php?rest_route=\/wp\/v2\/posts\/14679","targetHints":{"allow":["GET"]}}],"collection":[{"href":"https:\/\/www.ladislavjakl.cz\/index.php?rest_route=\/wp\/v2\/posts"}],"about":[{"href":"https:\/\/www.ladislavjakl.cz\/index.php?rest_route=\/wp\/v2\/types\/post"}],"author":[{"embeddable":true,"href":"https:\/\/www.ladislavjakl.cz\/index.php?rest_route=\/wp\/v2\/users\/9"}],"replies":[{"embeddable":true,"href":"https:\/\/www.ladislavjakl.cz\/index.php?rest_route=%2Fwp%2Fv2%2Fcomments&post=14679"}],"version-history":[{"count":2,"href":"https:\/\/www.ladislavjakl.cz\/index.php?rest_route=\/wp\/v2\/posts\/14679\/revisions"}],"predecessor-version":[{"id":14681,"href":"https:\/\/www.ladislavjakl.cz\/index.php?rest_route=\/wp\/v2\/posts\/14679\/revisions\/14681"}],"wp:attachment":[{"href":"https:\/\/www.ladislavjakl.cz\/index.php?rest_route=%2Fwp%2Fv2%2Fmedia&parent=14679"}],"wp:term":[{"taxonomy":"category","embeddable":true,"href":"https:\/\/www.ladislavjakl.cz\/index.php?rest_route=%2Fwp%2Fv2%2Fcategories&post=14679"},{"taxonomy":"post_tag","embeddable":true,"href":"https:\/\/www.ladislavjakl.cz\/index.php?rest_route=%2Fwp%2Fv2%2Ftags&post=14679"}],"curies":[{"name":"wp","href":"https:\/\/api.w.org\/{rel}","templated":true}]}}