{"id":14698,"date":"2025-05-23T13:01:12","date_gmt":"2025-05-23T11:01:12","guid":{"rendered":"https:\/\/www.ladislavjakl.cz\/?p=14698"},"modified":"2025-05-23T13:01:12","modified_gmt":"2025-05-23T11:01:12","slug":"pozor-zleva","status":"publish","type":"post","link":"https:\/\/www.ladislavjakl.cz\/?p=14698","title":{"rendered":"Pozor zleva"},"content":{"rendered":"<p>V&nbsp;Jihoafrick\u00e9 republice, odkud na n\u00e1v\u0161t\u011bvu Spojen\u00fdch st\u00e1t\u016f p\u0159ilet\u011bl prezident JAR Ramaphosa, vypukly kdysi velk\u00e9 krvav\u00e9 rasov\u00e9 nepokoje. Spou\u0161t\u011bc\u00ed moment byl zd\u00e1nliv\u011b bizarn\u00ed: v&nbsp;Johannesburgu tehdy za\u010daly zav\u00e1d\u011bt novinku: bankomaty.<\/p>\n<p><!--more--><\/p>\n<p>A pozorn\u00ed \u010derno\u0161i (mo\u017en\u00e1 korektn\u011bji Afroafri\u010dan\u00e9) si v\u0161imli, \u017ee k&nbsp;t\u011bm sk\u0159\u00ed\u0148k\u00e1m chod\u00ed b\u011blo\u0161i, cosi zma\u010dknou \u2013 a vylezou jim pen\u00edze. Zat\u00edmco kdy\u017e p\u0159i\u0161el ke boxu \u010dernoch, a\u0165 ma\u010dkal, co cht\u011bl, nevylezlo z&nbsp;p\u0159\u00edstroje ani \u0148. Jasn\u00e1 rasov\u00e1 diskriminace. A v\u00fdlohy se t\u0159\u00ed\u0161tily, auta ho\u0159ela, honi\u010dky v&nbsp;ulic\u00edch zu\u0159ily. &nbsp;&nbsp;&nbsp;&nbsp;&nbsp;&nbsp;<\/p>\n<p>Podobn\u011b p\u0159em\u00fd\u0161l\u00ed americk\u00fd socialistick\u00fd radik\u00e1ln\u00ed aktivista Elias Rodriguez. Ten nap\u0159\u00edklad podn\u011bcoval revoltu proti spole\u010dnosti Amazon s&nbsp;t\u00edm, \u017ee firma p\u0159i\u0161la do Seattlu vyd\u011bl\u00e1vat velk\u00e9 pen\u00edze, o kter\u00e9 se ale s&nbsp;m\u00edstn\u00edmi \u010dernochy (mo\u017en\u00e1 korektn\u011bji Afroameri\u010dany) nijak ned\u011bl\u00ed. Elias byl organizovan\u00fdm marxistou, podporovatelem (a sponzorem) Joa Bidena, stoupencem n\u00e1siln\u00e9ho hnut\u00ed Black Lives Matter.<\/p>\n<p>Tahle Amerika mo\u017en\u00e1 loni v&nbsp;listopadu prohr\u00e1la prezidentsk\u00e9 volby, ale zcela ur\u010dit\u011b nezmizela, nezmiz\u00ed a nijak se nem\u011bn\u00ed, pokud se dokonce sp\u00ed\u0161e je\u0161t\u011b nezradikalizuje. Sv\u011bd\u010dil by o tom fakt, \u017ee tenhle Elias v\u010dera u \u017eidovsk\u00e9ho muzea ve Washingtonu zast\u0159elil dva pracovn\u00edky izraelsk\u00e9 ambas\u00e1dy. Protestoval t\u00edm pr\u00fd proti protipalestinsk\u00e9 politice Izraele.<\/p>\n<p>Vlastn\u011b a\u017e do t\u00e9to vra\u017edy ned\u011blal nic, za co by ho medi\u00e1ln\u00ed hlavn\u00ed proud nechv\u00e1lil. Jeho v\u00fdroky nebyly karikov\u00e1ny, p\u0159ekrucov\u00e1ny, d\u00e1v\u00e1ny do uvozovek, byly p\u0159ej\u00edm\u00e1ny prvopl\u00e1nov\u011b v\u0161emi hlavn\u00edmi agenturami a redakcemi. Byl proti rasov\u00e9 a soci\u00e1ln\u00ed nerovnosti. Ne \u201etvrdil, \u017ee je proti&#8230;\u201c<\/p>\n<p>Kde je l\u00edhe\u0148 my\u0161len\u00ed, \u017ee ka\u017ed\u00fd m\u00e1 pr\u00e1vo na pen\u00edze druh\u00fdch? \u017de rovnost se zajist\u00ed nikoli zru\u0161en\u00edm diskriminace, ale naopak jej\u00edm zaveden\u00edm, oto\u010den\u00edm naruby a masivn\u00edm p\u0159erozd\u011blov\u00e1n\u00edm? V&nbsp;cel\u00e9m onom ohromn\u00e9m univerzitn\u00edm, um\u011bleck\u00e9m, medi\u00e1ln\u00edm a aktivistick\u00e9m prost\u0159ed\u00ed. Tam tohle my\u0161len\u00ed \u017eije \u00fapln\u011b p\u0159irozen\u011b. V&nbsp;prost\u0159ed\u00ed, kter\u00e9 se vy\u017e\u00edv\u00e1 v&nbsp;nen\u00e1vistn\u00e9m n\u00e1lepkov\u00e1n\u00ed \u010dehokoli, co se pokrokov\u00fdm aktivist\u016fm zd\u00e1 \u00fadajn\u011b pravicov\u00e9.<\/p>\n<p>Ne, Amerika nen\u00ed daleko. Boj\u016fvky neomarxistick\u00fdch radik\u00e1ln\u00edch aktivist\u016f tu m\u00e1me i u n\u00e1s. Za p\u0159ihl\u00ed\u017een\u00ed policie jsou schopny silou zma\u0159it leg\u00e1ln\u00ed shrom\u00e1\u017ed\u011bn\u00ed lid\u00ed, kte\u0159\u00ed se provinili jen t\u00edm, \u017ee rodina s&nbsp;t\u00e1tou, m\u00e1mou a d\u011btmi je pode nich dobr\u00e1 v\u011bc.<\/p>\n<p>T\u00e9m\u011b\u0159 cel\u00e1 kapacita tajn\u00fdch slu\u017eeb v&nbsp;\u010ceskoslovensku p\u0159ed 100 \u010di 90 lety byla koncentrov\u00e1na na sledov\u00e1n\u00ed \u010dlen\u016f habsbursk\u00e9 rodiny. \u017de by n\u00e1m hrozilo existen\u010dn\u00ed ohro\u017een\u00ed \u00fapln\u011b odjinud, to si p\u0159\u00edslu\u0161n\u00e9 org\u00e1ny v\u016fbec neuv\u011bdomovaly.<\/p>\n<p>I dnes se \u0161ikanuj\u00ed \u00fadajn\u00ed pravi\u010d\u00e1ci, zat\u00edmco n\u00e1m v\u0161ude kolem rostou surov\u00e9 ultralevicov\u00e9 \u00faderky. V&nbsp;m\u00e9di\u00edch, soci\u00e1ln\u00edch s\u00edt\u00edch, v&nbsp;politice, na ulici. Nem\u011bli bychom si jich kone\u010dn\u011b za\u010d\u00edt v\u0161\u00edmat?<\/p>\n<p><em>Ladislav Jakl,&nbsp;<\/em>22. 5. 2025<\/p>\n<p><a href=\"https:\/\/www.institutvk.cz\/clanky\/3128.html\">Zdroj:<\/a><\/p>\n","protected":false},"excerpt":{"rendered":"<p>V&nbsp;Jihoafrick\u00e9 republice, odkud na n\u00e1v\u0161t\u011bvu Spojen\u00fdch st\u00e1t\u016f p\u0159ilet\u011bl prezident JAR Ramaphosa, vypukly kdysi velk\u00e9 krvav\u00e9 rasov\u00e9 nepokoje. Spou\u0161t\u011bc\u00ed moment byl zd\u00e1nliv\u011b bizarn\u00ed: v&nbsp;Johannesburgu tehdy za\u010daly zav\u00e1d\u011bt novinku: bankomaty.<\/p>\n","protected":false},"author":9,"featured_media":0,"comment_status":"open","ping_status":"open","sticky":false,"template":"","format":"standard","meta":{"ngg_post_thumbnail":0,"footnotes":""},"categories":[1],"tags":[],"class_list":["post-14698","post","type-post","status-publish","format-standard","hentry","category-publikovane-clanky"],"_links":{"self":[{"href":"https:\/\/www.ladislavjakl.cz\/index.php?rest_route=\/wp\/v2\/posts\/14698","targetHints":{"allow":["GET"]}}],"collection":[{"href":"https:\/\/www.ladislavjakl.cz\/index.php?rest_route=\/wp\/v2\/posts"}],"about":[{"href":"https:\/\/www.ladislavjakl.cz\/index.php?rest_route=\/wp\/v2\/types\/post"}],"author":[{"embeddable":true,"href":"https:\/\/www.ladislavjakl.cz\/index.php?rest_route=\/wp\/v2\/users\/9"}],"replies":[{"embeddable":true,"href":"https:\/\/www.ladislavjakl.cz\/index.php?rest_route=%2Fwp%2Fv2%2Fcomments&post=14698"}],"version-history":[{"count":1,"href":"https:\/\/www.ladislavjakl.cz\/index.php?rest_route=\/wp\/v2\/posts\/14698\/revisions"}],"predecessor-version":[{"id":14699,"href":"https:\/\/www.ladislavjakl.cz\/index.php?rest_route=\/wp\/v2\/posts\/14698\/revisions\/14699"}],"wp:attachment":[{"href":"https:\/\/www.ladislavjakl.cz\/index.php?rest_route=%2Fwp%2Fv2%2Fmedia&parent=14698"}],"wp:term":[{"taxonomy":"category","embeddable":true,"href":"https:\/\/www.ladislavjakl.cz\/index.php?rest_route=%2Fwp%2Fv2%2Fcategories&post=14698"},{"taxonomy":"post_tag","embeddable":true,"href":"https:\/\/www.ladislavjakl.cz\/index.php?rest_route=%2Fwp%2Fv2%2Ftags&post=14698"}],"curies":[{"name":"wp","href":"https:\/\/api.w.org\/{rel}","templated":true}]}}