{"id":14701,"date":"2025-05-23T13:03:43","date_gmt":"2025-05-23T11:03:43","guid":{"rendered":"https:\/\/www.ladislavjakl.cz\/?p=14701"},"modified":"2025-05-23T13:03:43","modified_gmt":"2025-05-23T11:03:43","slug":"patronem-atom-peace-festu-je-bojovnik-za-svetovy-mir-francis-gary-powers-jr-zahraji-beer-reminder-folimanka-blues-i-wenda-gang","status":"publish","type":"post","link":"https:\/\/www.ladislavjakl.cz\/?p=14701","title":{"rendered":"Patronem Atom Peace Festu je bojovn\u00edk za sv\u011btov\u00fd m\u00edr Francis Gary Powers Jr., zahraj\u00ed Beer Reminder, Folimanka Blues i Wenda Gang"},"content":{"rendered":"<p>Atom Peace Fest 2025 v&nbsp;b\u00fdval\u00e9m skladu jadern\u00e9 munice v M\u00ed\u0161ov\u011b na Rokycansku bude 9. srpna po \u00fasp\u011b\u0161n\u00e9 lo\u0148sk\u00e9 premi\u00e9\u0159e op\u011bt jedin\u00fdm rockov\u00fdm festivalem v \u010cesku, kter\u00fd se sv\u00fdm n\u00e1zvem hl\u00e1s\u00ed k&nbsp;m\u00edru. Patronem festivalu bude bojovn\u00edk za sv\u011btov\u00fd m\u00edr Francis Gary Powers Jr., syn slavn\u00e9ho stejnojmenn\u00e9ho americk\u00e9ho pilota, sest\u0159elen\u00e9ho za studen\u00e9 v\u00e1lky v&nbsp;roce 1960 Rusy v&nbsp;oblasti Sverdlovska, a pot\u00e9 vym\u011bn\u011bn\u00e9ho za rusk\u00e9ho \u0161piona Rudolfa Ivanovi\u010de Abela.<\/p>\n<p><!--more--><\/p>\n<div class=\"obte a1014705 \">\n<p class=\"first foto-img-main\"><strong><span class=\"wf_caption\"><a href=\"https:\/\/www.ireport.cz\/fotogalerie\/patronem-atom-peace-festu-je-bojovnik-za-svetovy-mir-francis-gary-powers-jr-zahraji-beer-reminder-folimanka-blues-i-wenda-gang?photo=2_1014705_344329.jpg\"><img decoding=\"async\" src=\"https:\/\/www.ireport.cz\/files\/2_1014705_344329.jpg\" alt=\"Patronem Atom Peace Festu je bojovn\u00edk za sv\u011btov\u00fd m\u00edr Francis Gary Powers Jr., zahraj\u00ed Beer Reminder, Folimanka Blues i Wenda Gang\">Patronem Atom Peace Festu je bojovn\u00edk za sv\u011btov\u00fd m\u00edr Francis Gary Powers Jr., zahraj\u00ed Beer Reminder, Folimanka Blues i Wenda Gang<\/a><\/span><\/strong><\/p>\n<\/div>\n","protected":false},"excerpt":{"rendered":"<p>Atom Peace Fest 2025 v&nbsp;b\u00fdval\u00e9m skladu jadern\u00e9 munice v M\u00ed\u0161ov\u011b na Rokycansku bude 9. srpna po \u00fasp\u011b\u0161n\u00e9 lo\u0148sk\u00e9 premi\u00e9\u0159e op\u011bt jedin\u00fdm rockov\u00fdm festivalem v \u010cesku, kter\u00fd se sv\u00fdm n\u00e1zvem hl\u00e1s\u00ed k&nbsp;m\u00edru. Patronem festivalu bude bojovn\u00edk za sv\u011btov\u00fd m\u00edr Francis Gary Powers Jr., syn slavn\u00e9ho stejnojmenn\u00e9ho americk\u00e9ho pilota, sest\u0159elen\u00e9ho za studen\u00e9 v\u00e1lky v&nbsp;roce 1960 Rusy v&nbsp;oblasti [&hellip;]<\/p>\n","protected":false},"author":9,"featured_media":0,"comment_status":"open","ping_status":"open","sticky":false,"template":"","format":"standard","meta":{"ngg_post_thumbnail":0,"footnotes":""},"categories":[4,11],"tags":[],"class_list":["post-14701","post","type-post","status-publish","format-standard","hentry","category-hudba","category-ozvena"],"_links":{"self":[{"href":"https:\/\/www.ladislavjakl.cz\/index.php?rest_route=\/wp\/v2\/posts\/14701","targetHints":{"allow":["GET"]}}],"collection":[{"href":"https:\/\/www.ladislavjakl.cz\/index.php?rest_route=\/wp\/v2\/posts"}],"about":[{"href":"https:\/\/www.ladislavjakl.cz\/index.php?rest_route=\/wp\/v2\/types\/post"}],"author":[{"embeddable":true,"href":"https:\/\/www.ladislavjakl.cz\/index.php?rest_route=\/wp\/v2\/users\/9"}],"replies":[{"embeddable":true,"href":"https:\/\/www.ladislavjakl.cz\/index.php?rest_route=%2Fwp%2Fv2%2Fcomments&post=14701"}],"version-history":[{"count":1,"href":"https:\/\/www.ladislavjakl.cz\/index.php?rest_route=\/wp\/v2\/posts\/14701\/revisions"}],"predecessor-version":[{"id":14702,"href":"https:\/\/www.ladislavjakl.cz\/index.php?rest_route=\/wp\/v2\/posts\/14701\/revisions\/14702"}],"wp:attachment":[{"href":"https:\/\/www.ladislavjakl.cz\/index.php?rest_route=%2Fwp%2Fv2%2Fmedia&parent=14701"}],"wp:term":[{"taxonomy":"category","embeddable":true,"href":"https:\/\/www.ladislavjakl.cz\/index.php?rest_route=%2Fwp%2Fv2%2Fcategories&post=14701"},{"taxonomy":"post_tag","embeddable":true,"href":"https:\/\/www.ladislavjakl.cz\/index.php?rest_route=%2Fwp%2Fv2%2Ftags&post=14701"}],"curies":[{"name":"wp","href":"https:\/\/api.w.org\/{rel}","templated":true}]}}