{"id":14703,"date":"2025-05-26T12:32:56","date_gmt":"2025-05-26T10:32:56","guid":{"rendered":"https:\/\/www.ladislavjakl.cz\/?p=14703"},"modified":"2025-05-26T12:32:56","modified_gmt":"2025-05-26T10:32:56","slug":"klaus-s-jaklem-maji-tezky-zivot-neomarxiste-na-ne-zrejme-cihaji-i-pod-posteli","status":"publish","type":"post","link":"https:\/\/www.ladislavjakl.cz\/?p=14703","title":{"rendered":"Klaus s Jaklem maj\u00ed t\u011b\u017ek\u00fd \u017eivot. Neomarxist\u00e9 na n\u011b z\u0159ejm\u011b \u010d\u00edhaj\u00ed i pod postel\u00ed"},"content":{"rendered":"<p><strong>Ladislav Jakl je pon\u011bkud mimo. Vym\u00fd\u0161l\u00ed si nebezpe\u010dn\u00e9 boj\u016fvky radik\u00e1ln\u00edch neomarxist\u016f a rusk\u00fd st\u00e1tn\u00ed terorismus ho nezaj\u00edm\u00e1<\/strong><\/p>\n<p><!--more--><\/p>\n<section class=\"flex flex-col border-b lg:flex-row \"><main class=\"flex-1\"><\/main><\/section>\n<article id=\"934532\" class=\"p-6 pt-0 space-y-4\">\n<figure class=\"-mx-6 md:mx-0 md:min-h-[400px]\">\n<div class=\"px_in-media-overlay-wrap\">\n<p><img loading=\"lazy\" decoding=\"async\" class=\"w-full max-h-[400px] object-cover object-top article-image\" src=\"https:\/\/www.forum24.cz\/wp-content\/uploads\/fly-images\/839006\/Jakl-1440x810-c.jpg\" srcset=\"https:\/\/www.forum24.cz\/wp-content\/uploads\/fly-images\/839006\/Jakl-1440x810-c.jpg 2x\" alt=\"Ladislav Jakl\" width=\"590\" height=\"332\"><\/p>\n<div id=\"PX_in-media_overlay\">\n<div class=\"px-w-s23720 px_shown\" data-visible=\"0\">\n<div class=\"px-creative\" data-id=\"153155\">\n<div class=\"px_close_wrap\">\n<div class=\"px2-close-button\">&nbsp;<\/div>\n<\/div>\n<div class=\"px_label\">Reklama<\/div>\n<div class=\"ad-wrapper\" data-px2-ifr=\"true\">&nbsp;<\/div>\n<\/div>\n<\/div>\n<\/div>\n<\/div><figcaption class=\"md:grid md:grid-cols-3 text-[.65rem] font-medium bg-slate-100 text-slate-600 not-prose font-sans relative z-10\">\n<p class=\"md:col-span-2 px-3 py-2 m-0\">Ladislav Jakl<\/p>\n<p class=\"hidden px-3 py-2 md:flex bg-slate-200\/70 max-w-[300px] m-0\">FOTO: commons.wikimedia.org\/CC BY SA 4.0\/David Sedleck\u00fd<\/p>\n<\/figcaption><\/figure>\n<div class=\"flex items-center space-x-2 max-w-[600px] mx-auto\">\n<div>\n<div class=\"space-y-1\">\n<div class=\"flex items-center space-x-2 text-[.65rem] font-semibold text-slate-500\/80 uppercase leading-none\">\n<p>26. 5. 2025<\/p>\n<\/div>\n<\/div>\n<\/div>\n<\/div>\n<div class=\"font-serif prose prose-lg leading-relaxed max-w-[600px] mx-auto prose-a:text-brand-red prose-h4:font-bold text-black prose-headings:font-fira-sans prose-h2:text-xl prose-h2:mb-1 prose-a:article-hyperlink prose-blockquote:article-blockquote\">\n<p><strong>N\u00c1ZOR \/ Text Ladislava Jakla,&nbsp;<a href=\"https:\/\/www.institutvk.cz\/clanky\/3128.html\" target=\"_blank\" rel=\"noreferrer noopener\">zve\u0159ejn\u011bn\u00fd na str\u00e1nk\u00e1ch&nbsp;<\/a>Institutu&nbsp;<a href=\"https:\/\/www.forum24.cz\/temata\/vaclav-klaus\" target=\"_blank\" rel=\"noreferrer noopener\">V\u00e1clava Klause<\/a>, je klasick\u00fd koktejl zjednodu\u0161uj\u00edc\u00edch pov\u00edda\u010dek, zav\u00e1d\u011bj\u00edc\u00edch paralel a ideologicky toxikovan\u00e9 r\u00e9toriky. P\u0159\u00ednos takov\u00e9ho bl\u00e1bolu je p\u0159esn\u011b nula.<\/strong><\/p>\n<p>Jakl m\u00edch\u00e1 dohromady n\u011bkolik nesouvisej\u00edc\u00edch ud\u00e1lost\u00ed a jev\u016f \u2013 od rasov\u00fdch nepokoj\u016f v Jihoafrick\u00e9 republice p\u0159es teroristick\u00fd \u010din ve Spojen\u00fdch st\u00e1tech a\u017e po domn\u011bl\u00e9 nebezpe\u010d\u00ed \u201eneomarxistick\u00fdch \u00faderek\u201c v \u010cesku \u2013 do jedn\u00e9 linie, kter\u00e1 m\u00e1 \u010dten\u00e1\u0159e p\u0159esv\u011bd\u010dit o hrozb\u011b levicov\u00e9ho extremismu. P\u0159itom ignoruje skute\u010dn\u00e9 bezpe\u010dnostn\u00ed hrozby, jako je rusk\u00e1 hybridn\u00ed v\u00e1lka.<\/p>\n<p>\u201eV&nbsp;Jihoafrick\u00e9 republice, odkud na n\u00e1v\u0161t\u011bvu&nbsp;<a href=\"https:\/\/www.forum24.cz\/temata\/spojene-staty-americke-usa\" target=\"_blank\" rel=\"noreferrer noopener\">Spojen\u00fdch st\u00e1t\u016f&nbsp;<\/a>p\u0159ilet\u011bl prezident JAR Ramaphosa, vypukly kdysi velk\u00e9 krvav\u00e9 rasov\u00e9 nepokoje. Spou\u0161t\u011bc\u00ed moment byl zd\u00e1nliv\u011b bizarn\u00ed: v Johannesburgu tehdy za\u010daly zav\u00e1d\u011bt novinku: bankomaty. A pozorn\u00ed \u010derno\u0161i (mo\u017en\u00e1 korektn\u011bji Afroafri\u010dan\u00e9) si v\u0161imli, \u017ee k t\u011bm sk\u0159\u00ed\u0148k\u00e1m chod\u00ed b\u011blo\u0161i, cosi zm\u00e1\u010dknou \u2013 a vylezou jim pen\u00edze. Zat\u00edmco kdy\u017e p\u0159i\u0161el k boxu \u010dernoch, a\u0165 ma\u010dkal, co cht\u011bl, nevylezlo z p\u0159\u00edstroje ani \u0148. Jasn\u00e1 rasov\u00e1 diskriminace. A v\u00fdlohy se t\u0159\u00ed\u0161tily, auta ho\u0159ela, honi\u010dky v ulic\u00edch zu\u0159ily,\u201c p\u00ed\u0161e v \u00favodu \u010dl\u00e1ne\u010dku Jakl.<\/p>\n<div class=\"prolink not-prose\">\n<div class=\"p-4 pt-0\">\n<h3 class=\"m-0 text-base font-semibold leading-tight transition font-fira-sans md:text-lg group-hover:text-brand-red\">Nechceme premi\u00e9ra, co se bude plazit p\u0159ed Putinem. Poj\u010fme tomu spole\u010dn\u011b zabr\u00e1nit<\/h3>\n<p><span class=\"hidden mt-2 mb-0 font-serif text-sm text-black md:block opacity-80\">Slovensk\u00fd p\u0159edseda vl\u00e1dy Robert Fico se pon\u00ed\u017een\u011b klan\u00ed p\u0159ed masov\u00fdm vrahem Vladimirem Putinem. Je to odporn\u00e9 a zvr\u00e1cen\u00e9, proto\u017ee Putinova\u2026<\/span><\/p>\n<\/div>\n<\/div>\n<p>Jakl n\u011bjak pominul trapnou situaci, kdy&nbsp;<a href=\"https:\/\/www.forum24.cz\/temata\/donald-trump\" target=\"_blank\" rel=\"noreferrer noopener\">Donald Trump&nbsp;<\/a>ukazoval jihoafrick\u00e9mu prezidentovi jak\u00e9si fotografie \u00fadajn\u00e9 genocidy b\u00edl\u00fdch farm\u00e1\u0159\u016f v&nbsp;JAR, aby se pak uk\u00e1zalo, \u017ee&nbsp;<a href=\"https:\/\/www.reuters.com\/world\/africa\/trumps-image-dead-white-farmers-came-reuters-footage-congo-not-south-africa-2025-05-22\/\" target=\"_blank\" rel=\"noreferrer noopener\">jde o fotografie z&nbsp;Konga<\/a>. Zmaten\u00fd Trump (tolik milovan\u00fd Klausov\u00fdm institutem) z\u0159ejm\u011b konzumuje konspira\u010dn\u00ed a dezinforma\u010dn\u00ed zdroje s&nbsp;d\u016fv\u011brou mal\u00e9ho d\u00edt\u011bte a podle toho se pak zmaten\u011b pokou\u0161\u00ed \u0159\u00eddit zahrani\u010dn\u00ed politiku.<\/p>\n<h2 class=\"wp-block-heading\">Jaklovi legra\u010dn\u00ed \u010derno\u0161i<\/h2>\n<p>Jakl \u010derno\u0161sk\u00e9 obyvatelstvo vykresluje jako iracion\u00e1ln\u00ed a agresivn\u00ed dav, kter\u00fd ni\u010d\u00ed majetek kv\u016fli nepochopen\u00ed technologie. Klaus\u016fv souputn\u00edk se z&nbsp;n\u011bjak\u00e9ho d\u016fvodu domn\u00edv\u00e1, \u017ee je kompetentn\u00ed analyzovat zahrani\u010dn\u00ed politiku, ov\u0161em tady si slo\u017eitou soci\u00e1ln\u00ed situaci d\u016fsledky minulosti dost zjednodu\u0161uje. Z\u0159ejm\u011b aby to s\u00e1m pochopil. Dlouhodob\u00e9 dopady letit\u00e9ho apartheidu, chudoba a nerovnost v my\u0161len\u00ed n\u011bkter\u00fdch lid\u00ed nehraj\u00ed roli. Poslou\u017eil si t\u00edm, \u017ee vesele dehumanizuje \u010derno\u0161sk\u00e9 obyvatelstvo.<\/p>\n<p>Pou\u017eit\u00ed term\u00ednu \u201epozorn\u00ed \u010derno\u0161i\u201c s ironick\u00fdm podtextem a hranou korekc\u00ed na \u201eAfroafri\u010dan\u00e9\u201c je manipulativn\u00ed. Zesm\u011b\u0161\u0148uje snahu o politickou korektnost, kterou Jakl o\u010dividn\u011b opovrhuje. Vybral si \u0161patnou zemi, u n\u00e1s nen\u00ed ani korektnost, nato\u017e politick\u00e1, a u\u017e v\u016fbec ne p\u0159ehnan\u00e1. Stereotyp \u201eprimitivn\u00edch\u201c \u010dernoch\u016f, kte\u0159\u00ed nerozum\u00ed modern\u00edm technologi\u00edm, bude ale u jednodu\u0161\u0161\u00edch lid\u00ed slavit \u00fasp\u011bch.<\/p>\n<div class=\"prolink not-prose\">\n<div class=\"p-4 pt-0\">\n<h3 class=\"m-0 text-base font-semibold leading-tight transition font-fira-sans md:text-lg group-hover:text-brand-red\">V\u011bt\u0161ina Rus\u016f z v\u00e1lky nic nem\u00e1 a chudoba je frustruje. Stabilita re\u017eimu je k\u0159ehk\u00e1, \u0159\u00edk\u00e1 rusk\u00fd v\u00fdzkumn\u00edk<\/h3>\n<p><span class=\"hidden mt-2 mb-0 font-serif text-sm text-black md:block opacity-80\">Stabilita rusk\u00e9ho re\u017eimu je k\u0159ehk\u00e1 a nelze se spolehnout na to, co lid\u00e9 \u0159\u00edkaj\u00ed v pr\u016fzkumech. M\u011b\u0159en\u00ed ve\u0159ejn\u00e9ho m\u00edn\u011bn\u00ed v\u2026<\/span><\/p>\n<\/div>\n<\/div>\n<p>Klausovsk\u00fd \u201eexpert\u201c pak p\u0159ech\u00e1z\u00ed k&nbsp;<a href=\"https:\/\/abcnews.go.com\/US\/suspect-killing-couple-capital-jewish-museum\/story?id=122068843\" target=\"_blank\" rel=\"noreferrer noopener\">Eliasu Rodriguezovi<\/a>, kter\u00e9ho ozna\u010duje za \u201esocialistick\u00e9ho radik\u00e1ln\u00edho aktivistu\u201c. Rodriguez skute\u010dn\u011b sp\u00e1chal vra\u017edu dvou lid\u00ed z&nbsp;izraelsk\u00e9 ambas\u00e1dy, co\u017e byl odporn\u00fd \u010din. Jakl ale konkr\u00e9tn\u00ed p\u0159\u00edpad zneu\u017e\u00edv\u00e1 k vytvo\u0159en\u00ed \u201eosl\u00edho m\u016fstku\u201c, jak\u00fd se pou\u017e\u00edv\u00e1 pro p\u0159esv\u011bd\u010dov\u00e1n\u00ed osl\u00edk\u016f. Rodriguez\u016fv vra\u017eedn\u00fd \u010din pou\u017eil k podpo\u0159e sv\u00fdch teori\u00ed o \u00fadajn\u00e9 hrozb\u011b \u201eneomarxistick\u00fdch aktivist\u016f\u201c, kte\u0159\u00ed podle Jakla ohro\u017euj\u00ed nejen Ameriku, ale i \u010ceskou republiku. Logika trp\u00ed. K \u010demu ale logika, kdy\u017e sta\u010d\u00ed \u201epocit\u201c a prostopravdy ze 4. cenov\u00e9 skupiny. (V\u00edm, \u017ee u\u017e nem\u00e1me cenov\u00e9 skupiny, ale d\u0159\u00edve narozen\u00ed v\u011bd\u00ed, jak takov\u00e9 \u201epohostinstv\u00ed\u201c vypadalo.)<\/p>\n<p>Jakl neposkytuje \u017e\u00e1dn\u00e9 d\u016fkazy o tom, \u017ee by Rodriguezovy \u010diny byly typick\u00e9 pro \u0161ir\u0161\u00ed levicov\u00e9 hnut\u00ed. Kdyby byly, je zna\u010dn\u00e1 \u010d\u00e1st americk\u00e9 populace u\u017e po smrti. Lze statisticky dok\u00e1zat, \u017ee v\u011bt\u0161inu dom\u00e1c\u00edho terorismu v&nbsp;USA prov\u00e1d\u011bj\u00ed ultrapravicov\u00ed b\u00edl\u00ed mu\u017ei.<\/p>\n<p><a href=\"https:\/\/www.csis.org\/analysis\/escalating-terrorism-problem-united-states\" target=\"_blank\" rel=\"noreferrer noopener\">Podle anal\u00fdzy&nbsp;<\/a>Centra pro strategick\u00e1 a mezin\u00e1rodn\u00ed studia (CSIS) z roku 2020, kter\u00e1 zkoumala 893 teroristick\u00fdch \u00fatok\u016f a pl\u00e1n\u016f v USA od roku 1994 do kv\u011btna 2020, tvo\u0159ily ultrapravicov\u00e9 \u00fatoky a pl\u00e1ny 57 procent v\u0161ech teroristick\u00fdch incident\u016f. Tyto \u00fatoky zahrnovaly zejm\u00e9na \u010diny motivovan\u00e9 b\u00edl\u00fdm \u0161ovinismem, protiimigrantsk\u00fdmi n\u00e1ladami nebo antigovernment\u00e1ln\u00edmi ideologiemi.&nbsp;<a href=\"https:\/\/time.com\/5647304\/white-nationalist-terrorism-united-states\/\" target=\"_blank\" rel=\"noreferrer noopener\">Anti-Defamation League (ADL)<\/a>&nbsp;v roce 2019 uvedla, \u017ee od roku 2009 do 2018 bylo 73 procent \u00famrt\u00ed spojen\u00fdch s extremismem v USA zp\u016fsobeno ultrapravicov\u00fdmi extremisty, z nich\u017e v\u011bt\u0161inu tvo\u0159\u00ed b\u00edl\u00ed mu\u017ei s ideologiemi b\u00edl\u00e9 nad\u0159azenosti.<\/p>\n<p>Jaklovi fakta nep\u0159ek\u00e1\u017eej\u00ed, kdepak. On vypou\u0161t\u00ed mlhu a sna\u017e\u00ed se vytvo\u0159it dojem, \u017ee ka\u017ed\u00fd, kdo kritizuje soci\u00e1ln\u00ed nerovnosti nebo podporuje hnut\u00ed jako Black Lives Matter, je potenci\u00e1ln\u00edm teroristou.<\/p>\n<h2 class=\"wp-block-heading\">Ignorov\u00e1n\u00ed rusk\u00e9 hrozby<\/h2>\n<p>Jakl naprosto opom\u00edj\u00ed skute\u010dn\u00e9 bezpe\u010dnostn\u00ed hrozby, kter\u00fdm \u010cesko \u010del\u00ed, zejm\u00e9na ruskou hybridn\u00ed v\u00e1lku. Nep\u0159ekvapuje. Institut V\u00e1clava Klause i s\u00e1m V\u00e1clav Klaus jsou dlouhodob\u011b vst\u0159\u00edcn\u00ed v\u016f\u010di&nbsp;<a href=\"https:\/\/www.forum24.cz\/temata\/ruska-federace-rusko\" target=\"_blank\" rel=\"noreferrer noopener\">Rusku&nbsp;<\/a>a zleh\u010duj\u00ed jeho agresivn\u00ed aktivity. Rusko systematicky vyu\u017e\u00edv\u00e1 dezinformace, kybernetick\u00e9 \u00fatoky a podporu extremistick\u00fdch skupin k destabilizaci z\u00e1padn\u00edch demokraci\u00ed, v\u010detn\u011b \u010ceska.<\/p>\n<div class=\"prolink not-prose\">\n<div class=\"p-4 pt-0\">\n<h3 class=\"m-0 text-base font-semibold leading-tight transition font-fira-sans md:text-lg group-hover:text-brand-red\">\u201ePl\u00e1cat, co m\u011b napadne, urazit, koho uvid\u00edm, to nen\u00ed t\u011b\u017ek\u00e9.\u201c Fiala se na debat\u011b ost\u0159e vymezil v\u016f\u010di Babi\u0161ovi<\/h3>\n<p><span class=\"hidden mt-2 mb-0 font-serif text-sm text-black md:block opacity-80\">&#8222;Pro\u010d my, kte\u0159\u00ed jsme vyhr\u00e1li minul\u00e9 volby, bychom obdivovali marketing Andreje Babi\u0161e?&#8220; ptal se na debat\u011b v \u00dast\u00ed nad Labem\u2026<\/span><\/p>\n<\/div>\n<\/div>\n<p>P\u0159\u00edkladem jsou nap\u0159\u00edklad odhalen\u00e9 aktivity rusk\u00fdch agent\u016f v souvislosti s v\u00fdbuchy ve Vrb\u011btic\u00edch (Klaus tuto akci rusk\u00e9 rozv\u011bdky GRU&nbsp;<a href=\"https:\/\/www.novinky.cz\/clanek\/domaci-klaus-vrbetice-jsou-vykonstruovany-strasak-40357465\" target=\"_blank\" rel=\"noreferrer noopener\">ozna\u010dil za \u201evykonstruovan\u00e9ho stra\u0161\u00e1ka\u201c<\/a>) nebo podpora prorusk\u00fdch akt\u00e9r\u016f na \u010desk\u00e9 politick\u00e9 sc\u00e9n\u011b. Jakl to zcela ignoruje a m\u00edsto toho se zam\u011b\u0159uje na domn\u011bl\u00e9 nebezpe\u010d\u00ed \u201eultralevicov\u00fdch \u00faderek\u201c, kter\u00e9 v \u010desk\u00e9m kontextu nemaj\u00ed \u017e\u00e1dnou v\u00fdznamnou oporu. Jeho tvrzen\u00ed o \u201eboj\u016fvk\u00e1ch\u201c, kter\u00e9 \u00fadajn\u011b ma\u0159\u00ed leg\u00e1ln\u00ed shrom\u00e1\u017ed\u011bn\u00ed, jsou p\u0159ehnan\u00e1 a nepodlo\u017een\u00e1. Pokojn\u00e9 blokov\u00e1n\u00ed akc\u00ed, jako je \u201ePochod za rodinu\u201c, nelze srovn\u00e1vat s n\u00e1siln\u00fdm extremismem, jak ho Jakl vykresluje.<\/p>\n<p>Jakl\u016fv v\u00fdlev je uk\u00e1zkou r\u00e9toriky, kter\u00e1 chce v&nbsp;hlav\u00e1ch lid\u00ed rozd\u011blit spole\u010dnost na \u201en\u00e1s\u201c (pr\u00fd ohro\u017een\u00e9 konzervativce) a \u201eje\u201c (levicov\u00e9 aktivisty, kte\u0159\u00ed jsou vykresleni jako n\u00e1siln\u00ed a nebezpe\u010dn\u00ed). Tvrzen\u00ed, \u017ee \u201eneomarxisti\u010dt\u00ed radik\u00e1lov\u00e9\u201c dominuj\u00ed m\u00e9di\u00edm, soci\u00e1ln\u00edm s\u00edt\u00edm a politice, je nejen zav\u00e1d\u011bj\u00edc\u00ed, ale krajn\u011b hloup\u00e9. V \u010desk\u00e9m prost\u0159ed\u00ed je politick\u00e1 sc\u00e9na sp\u00ed\u0161e konzervativn\u00ed, a pokud n\u011bco ohro\u017euje demokratick\u00e9 principy, jsou to sp\u00ed\u0161e dezinforma\u010dn\u00ed kampan\u011b a populistick\u00e9 poh\u00e1dky.<\/p>\n<div class=\"prolink not-prose\">\n<div class=\"p-4 pt-0\">\n<h3 class=\"m-0 text-base font-semibold leading-tight transition font-fira-sans md:text-lg group-hover:text-brand-red\">Co se to stalo s Amerikou? Fenom\u00e9n jm\u00e9nem Donald Trump v\u00e1m vysv\u011btl\u00ed nov\u00e1 kniha<\/h3>\n<p><span class=\"hidden mt-2 mb-0 font-serif text-sm text-black md:block opacity-80\">Nazvali jsme ji Trump 2.0. Novinka, kterou ji\u017e nyn\u00ed najdete na e-shopu FORUM, se zab\u00fdv\u00e1 t\u00edm, co znamen\u00e1 znovuzvolen\u00ed\u2026<\/span><\/p>\n<\/div>\n<\/div>\n<p>N\u011bjak jsme si nev\u0161imli, \u017ee by Klaus a Jakl odsoudili&nbsp;<a href=\"https:\/\/www.seznamzpravy.cz\/clanek\/napochodovali-do-divadla-navzdory-pokutam-ted-radikalni-svalovci-slusni-lide-tahnou-na-radnici-56830\" target=\"_blank\" rel=\"noreferrer noopener\">\u0159\u00e1d\u011bn\u00ed skute\u010dn\u00e9 \u00faderky&nbsp;<\/a>brn\u011bnsk\u00fdch ple\u0161at\u00fdch svalovc\u016f \u201eSlu\u0161n\u00fdch lid\u00ed\u201c, kte\u0159\u00ed v roce 2018 vpadli na divadeln\u00ed p\u0159edstaven\u00ed \u201eNa\u0161e n\u00e1sil\u00ed, va\u0161e n\u00e1sil\u00ed\u201c v divadle Husa na prov\u00e1zku a p\u0159eru\u0161ili ho. Stejn\u011b tak jsme nezaznamenali odsouzen\u00ed t\u011bch dvou tis\u00edc \u201ekonzervativn\u00edch\u201c chlap\u00edk\u016f v&nbsp;\u010dern\u00fdch od\u011bvech, kte\u0159\u00ed&nbsp;<a href=\"https:\/\/www.novinky.cz\/clanek\/zahranicni-paleni-duhovych-vlajek-a-strety-s-policii-festival-lgbt-komunity-v-gruzii-napadly-dve-tisicovky-odpurcu-40437161\" target=\"_blank\" rel=\"noreferrer noopener\">vpadli na akci LGBT v&nbsp;Gruzii<\/a>, tak\u017ee \u00fa\u010dastn\u00edky musela evakuovat policie. \u00daderka stoupenc\u016f \u201etradi\u010dn\u00edch hodnot\u201c se tak musela p\u0159i sv\u00e9m \u0159\u00e1d\u011bn\u00ed spokojit jen s&nbsp;t\u00edm, \u017ee vypili, co na st\u00e1nc\u00edch ukradli.<\/p>\n<p>P\u00eds\u00e1n\u00ed Ladislava Jakla je prost\u011b p\u0159\u00edkladem manipulace zneu\u017e\u00edvaj\u00edc\u00ed skute\u010dn\u00e9 ud\u00e1losti k podpo\u0159e ideologick\u00fdch konstrukc\u00ed. Klaus, Jakl a&nbsp;<a href=\"https:\/\/www.forum24.cz\/temata\/tomio-okamura\" target=\"_blank\" rel=\"noreferrer noopener\">Tomio Okamura&nbsp;<\/a>mo\u017en\u00e1 p\u0159ed span\u00edm kontroluj\u00ed, jestli jim pod postel\u00ed ne\u010d\u00edh\u00e1 neomarxismus, aby se jich v&nbsp;jejich pokojn\u00e9m sp\u00e1nku zmocnil. Pro tyhle lidi pln\u00ed n\u00e1lepka \u201eneomarxismus\u201c stejnou funkci jako pro ruskou propagandu ozna\u010den\u00ed \u201efa\u0161ista\u201c. Fa\u0161istou je pro Kreml ka\u017ed\u00fd, kdo se re\u017eimu nel\u00edb\u00ed. Norm\u00e1ln\u00ed \u010dlov\u011bk fantasmagoriemi o neomarxistick\u00e9 hrozb\u011b, co se chce zmocnit sv\u011bta, ov\u0161em netrp\u00ed.<\/p>\n<p><a href=\"https:\/\/www.forum24.cz\/klaus-s-jaklem-maji-tezky-zivot-neomarxiste-na-ne-zrejme-cihaji-i-pod-posteli\">Zdroj<\/a><\/p>\n<\/div>\n<\/article>\n<p>&nbsp;<\/p>\n","protected":false},"excerpt":{"rendered":"<p>Ladislav Jakl je pon\u011bkud mimo. Vym\u00fd\u0161l\u00ed si nebezpe\u010dn\u00e9 boj\u016fvky radik\u00e1ln\u00edch neomarxist\u016f a rusk\u00fd st\u00e1tn\u00ed terorismus ho nezaj\u00edm\u00e1<\/p>\n","protected":false},"author":9,"featured_media":0,"comment_status":"open","ping_status":"open","sticky":false,"template":"","format":"standard","meta":{"ngg_post_thumbnail":0,"footnotes":""},"categories":[11],"tags":[],"class_list":["post-14703","post","type-post","status-publish","format-standard","hentry","category-ozvena"],"_links":{"self":[{"href":"https:\/\/www.ladislavjakl.cz\/index.php?rest_route=\/wp\/v2\/posts\/14703","targetHints":{"allow":["GET"]}}],"collection":[{"href":"https:\/\/www.ladislavjakl.cz\/index.php?rest_route=\/wp\/v2\/posts"}],"about":[{"href":"https:\/\/www.ladislavjakl.cz\/index.php?rest_route=\/wp\/v2\/types\/post"}],"author":[{"embeddable":true,"href":"https:\/\/www.ladislavjakl.cz\/index.php?rest_route=\/wp\/v2\/users\/9"}],"replies":[{"embeddable":true,"href":"https:\/\/www.ladislavjakl.cz\/index.php?rest_route=%2Fwp%2Fv2%2Fcomments&post=14703"}],"version-history":[{"count":1,"href":"https:\/\/www.ladislavjakl.cz\/index.php?rest_route=\/wp\/v2\/posts\/14703\/revisions"}],"predecessor-version":[{"id":14704,"href":"https:\/\/www.ladislavjakl.cz\/index.php?rest_route=\/wp\/v2\/posts\/14703\/revisions\/14704"}],"wp:attachment":[{"href":"https:\/\/www.ladislavjakl.cz\/index.php?rest_route=%2Fwp%2Fv2%2Fmedia&parent=14703"}],"wp:term":[{"taxonomy":"category","embeddable":true,"href":"https:\/\/www.ladislavjakl.cz\/index.php?rest_route=%2Fwp%2Fv2%2Fcategories&post=14703"},{"taxonomy":"post_tag","embeddable":true,"href":"https:\/\/www.ladislavjakl.cz\/index.php?rest_route=%2Fwp%2Fv2%2Ftags&post=14703"}],"curies":[{"name":"wp","href":"https:\/\/api.w.org\/{rel}","templated":true}]}}