{"id":14705,"date":"2025-05-29T14:28:35","date_gmt":"2025-05-29T12:28:35","guid":{"rendered":"https:\/\/www.ladislavjakl.cz\/?p=14705"},"modified":"2025-05-29T14:28:35","modified_gmt":"2025-05-29T12:28:35","slug":"ct24-jako-promarnena-sance-nemine-minuta-abychom-v-teto-hlasni-troube-vladni-propagandy-nevideli-tendencni-reinterpretaci-reality","status":"publish","type":"post","link":"https:\/\/www.ladislavjakl.cz\/?p=14705","title":{"rendered":"\u010cT24 jako promarn\u011bn\u00e1 \u0161ance. Nemine minuta, abychom v\u202ft\u00e9to hl\u00e1sn\u00ed troub\u011b vl\u00e1dn\u00ed propagandy nevid\u011bli tenden\u010dn\u00ed reinterpretaci reality"},"content":{"rendered":"<p>P\u0159ipom\u00edn\u00e1me si 20 let od chv\u00edle kdy za\u010dal vys\u00edlat zpravodajsk\u00fd kan\u00e1l \u010cT24, kter\u00fd se stal d\u016fle\u017eit\u00fdm n\u00e1strojem liber\u00e1l\u016f v\u202fprosazov\u00e1n\u00ed jejich pohledu na sv\u011bt.<\/p>\n<p><!--more--><img decoding=\"async\" class=\"\" src=\"https:\/\/ztratyanalezy.info\/cdn-cgi\/image\/format=auto,fit=contain,width=800\/https:\/\/directus-r2.ztratyanalezy.info\/17a47b37-47ad-4a3b-9207-ce96b27f2b69.png\" sizes=\"(max-width: 800px) 100vw, 800px\" srcset=\"\/cdn-cgi\/image\/format=auto,fit=contain,width=800,dpr=0.5\/https:\/\/directus-r2.ztratyanalezy.info\/17a47b37-47ad-4a3b-9207-ce96b27f2b69.png 400w, \/cdn-cgi\/image\/format=auto,fit=contain,width=800,dpr=1\/https:\/\/directus-r2.ztratyanalezy.info\/17a47b37-47ad-4a3b-9207-ce96b27f2b69.png 800w, \/cdn-cgi\/image\/format=auto,fit=contain,width=800,dpr=1\/https:\/\/directus-r2.ztratyanalezy.info\/17a47b37-47ad-4a3b-9207-ce96b27f2b69.png 1x, \/cdn-cgi\/image\/format=auto,fit=contain,width=800,dpr=2\/https:\/\/directus-r2.ztratyanalezy.info\/17a47b37-47ad-4a3b-9207-ce96b27f2b69.png 2x, \/cdn-cgi\/image\/format=auto,fit=contain,width=800,dpr=3\/https:\/\/directus-r2.ztratyanalezy.info\/17a47b37-47ad-4a3b-9207-ce96b27f2b69.png 3x\" alt=\"\" data-ai-generated=\"false\">Program \u010cT24 vys\u00edl\u00e1 rovn\u00fdch dvacet let. Kdy\u017e s\u202fn\u00edm v\u202froce 2005 \u010cesk\u00e1 televize p\u0159i\u0161la, mnoz\u00ed div\u00e1ci i medi\u00e1ln\u00ed pozorovatel\u00e9 to uv\u00edtali s\u202ft\u00edm, \u017ee se od t\u00e9 chv\u00edle velk\u00e1 \u010d\u00e1st zpravodajstv\u00ed a publicistiky, dosud roz\u0159ed\u011bn\u00e1 mezi z\u00e1bavn\u00e9 po\u0159ady plytk\u00e9ho charakteru na ostatn\u00edch programech, zkoncentruje na jednom p\u0159ehledn\u00e9m m\u00edst\u011b.<\/p>\n<article data-astro-cid-qy6hsqmx=\"\">T\u00edm poskytne div\u00e1k\u016fm, kte\u0159\u00ed tuto slu\u017ebu pou\u017e\u00edvaj\u00ed, komplexn\u00ed spektrum novin\u00e1\u0159sk\u00e9 pr\u00e1ce Kav\u010d\u00edch Hor, jak to m\u00e1 tato instituce ulo\u017eeno z\u00e1konem. Ostatn\u00ed programy (zejm\u00e9na \u010cT1) se pak mohou uk\u00e1zat zbytn\u00fdmi, proto\u017ee by bylo evidentn\u011bj\u0161\u00ed, \u017ee jejich vys\u00edlac\u00ed \u010das je zaplevelen v\u0161\u00edm jin\u00fdm ne\u017e pln\u011bn\u00edm \u00fakol\u016f, kv\u016fli kter\u00fdm byla \u010cesk\u00e1 televize z\u0159\u00edzena.<\/p>\n<p>A co d\u011bl\u00e1 ve\u0159ejn\u00fd sektor (obce, m\u011bsta, kraje, st\u00e1t) se zbytn\u00fdmi v\u011bcmi, kter\u00e9 jen stoj\u00ed pen\u00edze a ve\u0159ejn\u00e9 statky v\u202fjakkoli definovateln\u00e9m rozsahu neposkytuj\u00ed? Zru\u0161\u00ed se. Prodaj\u00ed. Nam\u00edsto zbytn\u00fdch kan\u00e1l\u016f tak mohla vys\u00edlat priv\u00e1tn\u00ed nez\u00e1visl\u00e1 konkurence, kter\u00e1 by pos\u00edlila pluralitu a barevnost televizn\u00ed nab\u00eddky. A \u010cT by je\u0161t\u011b u\u0161et\u0159ila stamiliony.<\/p>\n<p>O\u010dek\u00e1v\u00e1n\u00ed to \u2013 pochopiteln\u011b \u2013 byla naivn\u00ed. Z\u0159\u00edzen\u00edm \u010cT24 se sice je\u0161t\u011b v\u00edce obna\u017eil bulv\u00e1rn\u00ed, z\u00e1bavn\u00fd, varietn\u00ed a\u017e lechtiv\u00fd charakter ostatn\u00edch program\u016f, ale nam\u00edsto jejich zru\u0161en\u00ed si \u010cesk\u00e1 televize nad r\u00e1mec z\u00e1kona p\u0159isvojila n\u011bkter\u00e9 dal\u0161\u00ed okruhy \u010dinnost\u00ed a rozpo\u010det naopak zvy\u0161ovala, a\u017e se stala p\u0159i zachov\u00e1n\u00ed v\u00fd\u0161e televizn\u00edho poplatku neufinancovatelnou. A m\u00edsto krok\u016f sm\u011brem k\u202fhospod\u00e1rnosti p\u0159i\u0161la arogantn\u011b nata\u017een\u00e1 dla\u0148 doprov\u00e1zen\u00e1 vym\u00e1hac\u00edmi a vynucovac\u00edmi gesty.<\/p>\n<p>Analyticky je mo\u017en\u00e9 na vys\u00edl\u00e1n\u00ed \u010cesk\u00e9 televize pohl\u00ed\u017eet po\u0159ad od po\u0159adu. V\u202ft\u00e9hle instituci pracuje hodn\u011b poctiv\u00fdch a erudovan\u00fdch lid\u00ed a leckdy se tam poda\u0159\u00ed vyrobit \u010di odvys\u00edlat pozoruhodn\u00e9 televizn\u00ed d\u00edlko. Jin\u00e9 po\u0159ady jsou pln\u00e9 k\u00fd\u010de, manipulace, protekce, pokleslosti, lajd\u00e1ctv\u00ed, nedomy\u0161lenost\u00ed, chyb, nekoncep\u010dnosti \u010di otev\u0159en\u00e9 jednostrann\u00e9 agitace a propagandy.<\/p>\n<p>J\u00e1 ale te\u010f nem\u00e1m v\u202f\u00famyslu hodnotit produkci \u010cT takto detailn\u011b obsahov\u011b. Zaj\u00edm\u00e1 m\u011b daleko sp\u00ed\u0161e v\u202fkontextu obecn\u00e9ho n\u00e1zoru na roli st\u00e1tu a ve\u0159ejn\u00e9 moci ve spole\u010dnosti. Proto\u017ee st\u00e1t neum\u00ed poskytovat sv\u00fdm ob\u010dan\u016fm ve\u0159ejn\u00e9 statky (nebo statky, kter\u00e9 s\u00e1m za ve\u0159ejn\u00e9 prohl\u00e1s\u00ed) jinak, ne\u017e jim nejd\u0159\u00edv n\u00e1sil\u00edm vybere pen\u011b\u017eenky, nem\u011bl by ve\u0159ejn\u00fd sektor konat nic jin\u00e9ho ne\u017e \u010dinnosti, kter\u00e9 jsou bez pou\u017eit\u00ed st\u00e1tn\u00ed moci nerealizovateln\u00e9 a z\u00e1rove\u0148 jsou natolik nezbytn\u00e9, \u017ee u\u017eit\u00ed direktivn\u00ed ve\u0159ejn\u00e9 moci ospravedl\u0148uj\u00ed.<\/p>\n<p>Z\u202ftohoto pohledu st\u00e1t a ve\u0159ejn\u00e1 moc m\u016f\u017ee vykon\u00e1vat hodn\u011b \u010dinnost\u00ed \u2013 a n\u011bkter\u00e9 z\u202fnich dokonce i chv\u00edlemi kvalitn\u011b. Ale to je\u0161t\u011b neoprav\u0148uje st\u00e1t, aby takovou \u010dinnost d\u011blal. Sm\u00ed konat jen to, co je nutn\u00e9, co se bez st\u00e1tn\u00edho n\u00e1sil\u00ed v\u202fpodob\u011b vyb\u00edr\u00e1n\u00ed dan\u00ed neobejde a co nen\u00ed zaru\u010diteln\u00e9 jin\u00fdm zp\u016fsobem. Proto je rozd\u00edl, kdy\u017e n\u011bkdo kritizuje \u010ceskou televizi za \u010dasto nekvalitn\u00ed pr\u00e1ci, za neobjektivitu \u010di za nepochopen\u00ed jej\u00ed role, nebo pokud ji kritizuje syst\u00e9mov\u011b kv\u016fli tomu, \u017ee st\u00e1t z\u202fprincipu nem\u00e1 provozovat \u017e\u00e1dn\u00e9 rozhlasov\u00e9 a televizn\u00ed vys\u00edl\u00e1n\u00ed, stejn\u011b jako nevyd\u00e1v\u00e1 knihy a \u010dasopisy \u010di neprovozuje s\u00ed\u0165 cukr\u00e1ren, jakkoli by n\u011bkter\u00e9 t\u0159eba fungovaly skv\u011ble.<\/p>\n<p>U rozhlasov\u00e9ho a televizn\u00edho vys\u00edl\u00e1n\u00ed nikdy neprob\u011bhla dostate\u010dn\u011b hlubok\u00e1 debata o tom, co je v\u202ft\u00e9hle oblasti ve\u0159ejn\u00fdm statkem, u \u010deho jsou dolo\u017eiteln\u00e9 pozitivn\u00ed externality. Kdyby takov\u00e1 debata prob\u011bhla a skon\u010dila by shodou nad okruhem v\u011bc\u00ed, kter\u00e9 m\u00e1 ve\u0159ejnosti prost\u0159ednictv\u00edm rozhlasov\u00e9ho a televizn\u00edho vys\u00edl\u00e1n\u00ed poskytovat st\u00e1t, pak by mohl \u2013 jako to \u010din\u00ed u mnoha jin\u00fdch obor\u016f \u2013 vypsat ve\u0159ejnou zak\u00e1zku a pen\u00edze d\u00e1t t\u00e9 medi\u00e1ln\u00ed firm\u011b, kter\u00e1 by nab\u00eddla nejlep\u0161\u00ed slu\u017ebu za nejlep\u0161\u00ed pen\u00edze. Vys\u00edl\u00e1n\u00ed pro \u0161koly, pro ml\u00e1de\u017e, pro d\u016fchodce, pro men\u0161iny, bezpe\u010dnostn\u00ed servis, vy\u0161\u0161\u00ed kulturu, vzd\u011bl\u00e1vac\u00ed dokumentaristiku. A\u017e jako posledn\u00ed mo\u017enost by mohl st\u00e1t zva\u017eovat to, \u017ee z\u00e1konem z\u0159\u00edd\u00ed velikou instituci, p\u0159id\u011bl\u00ed j\u00ed miliardov\u00e9 majetky, poskytne kmito\u010dtov\u00e9 prost\u0159edky, zajist\u00ed financov\u00e1n\u00ed z\u202fve\u0159ejn\u00fdch zdroj\u016f prost\u0159ednictv\u00edm povinn\u00e9 st\u00e1tn\u00ed dan\u011b a zkonstruuje slo\u017eit\u00fd mechanismus zad\u00e1v\u00e1n\u00ed ve\u0159ejn\u00e9 zak\u00e1zky a kontroly hospod\u00e1rnosti a pln\u011bn\u00ed takto vymezen\u00fdch a ulo\u017een\u00fdch funkc\u00ed.<\/p>\n<p>U n\u00e1s to prob\u011bhlo obr\u00e1cen\u011b. Televize i rozhlas u\u017e tu holt byly, a od t\u00e9 doby prob\u00edh\u00e1, \u010di sp\u00ed\u0161 neprob\u00edh\u00e1 tich\u00e1 debata, co by tyto instituce m\u011bly vlastn\u011b je\u0161t\u011b d\u011blat a jak pln\u011bn\u00ed sv\u011b\u0159en\u00fdch \u00fakol\u016f od nich vym\u00e1hat a kontrolovat. Mo\u017en\u00e1 by m\u011b zde n\u011bkter\u00fd pam\u011btn\u00edk mohl chytit za slovo v\u202ftom, \u017ee jsem spolu s\u202ftehdej\u0161\u00edm kolegou Michalem Sedl\u00e1\u010dkem s\u00e1m v\u202fl\u00e9t\u011b roku 1991 z\u00e1kon z\u0159izuj\u00edc\u00ed \u010ceskou televizi napsal.<\/p>\n<p>Ale to bylo v\u202fdob\u011b, kdy bylo nutno naj\u00edt v\u202ftenkr\u00e1t existuj\u00edc\u00ed medi\u00e1ln\u00ed krajin\u011b n\u011bjak\u00e9 institucion\u00e1ln\u00ed sch\u00e9ma, kter\u00e9 by n\u00e1sledn\u011b umo\u017enilo vznik a rozvoj priv\u00e1tn\u00edho sektoru v\u202foboru r\u00e1di\u00ed a televiz\u00ed. Panovala nad\u011bje, \u017ee k\u202fredefinici posl\u00e1n\u00ed \u010cT a \u010cRo pak dojde ihned pot\u00e9, co se soukrom\u00fd nez\u00e1visl\u00fd trh elektronick\u00fdch m\u00e9di\u00ed rozvine do t\u00e9 m\u00edry, kdy bude zjevn\u00e9, co v\u202ftomto oboru u\u017e nemus\u00ed zaji\u0161\u0165ovat ve\u0159ejn\u00fd moc prost\u0159ednictv\u00edm speci\u00e1ln\u00ed instituce, financovan\u00e9 povinn\u00fdmi poplatky, proto\u017ee to nab\u00eddnou ostatn\u00ed subjekty na trhu. Jen\u017ee ta nad\u011bje byla plan\u00e1.<\/p>\n<p>Podobn\u00e1 se objevila v\u202froce 2005, kdy vznikl kan\u00e1l \u010cT24. V\u016fbec mi te\u010f nejde o to, abych se p\u0159idal ke kritik\u016fm obsahu tohoto programu. I kdy\u017e nemine snad ani minuty, aby se toto vys\u00edl\u00e1n\u00ed obe\u0161lo bez tenden\u010dn\u00ed reinterpretace reality. V\u00edc mi vad\u00ed v\u011bc jin\u00e1. \u017de vznik a existence tohoto kan\u00e1lu v\u016fbec nebyly vyu\u017eity k \u00favaze, co te\u010f s\u202fkan\u00e1ly ostatn\u00edmi. Co na nich m\u00e1 b\u00fdt vys\u00edl\u00e1no a zda je v\u016fbec st\u00e1tem z\u0159\u00edzen\u00e1 instituce m\u00e1 d\u00e1l dr\u017eet a financovat z\u202fpen\u011bz poplatn\u00edk\u016f.<\/p>\n<p><a href=\"https:\/\/ztratyanalezy.info\/reflex\/ct24-jako-promarnena-sance-nemine-minuta-abychom-af82e8b4\/\">Zdroj:<\/a><\/p>\n<\/article>\n","protected":false},"excerpt":{"rendered":"<p>P\u0159ipom\u00edn\u00e1me si 20 let od chv\u00edle kdy za\u010dal vys\u00edlat zpravodajsk\u00fd kan\u00e1l \u010cT24, kter\u00fd se stal d\u016fle\u017eit\u00fdm n\u00e1strojem liber\u00e1l\u016f v\u202fprosazov\u00e1n\u00ed jejich pohledu na sv\u011bt.<\/p>\n","protected":false},"author":9,"featured_media":0,"comment_status":"open","ping_status":"open","sticky":false,"template":"","format":"standard","meta":{"ngg_post_thumbnail":0,"footnotes":""},"categories":[1],"tags":[],"class_list":["post-14705","post","type-post","status-publish","format-standard","hentry","category-publikovane-clanky"],"_links":{"self":[{"href":"https:\/\/www.ladislavjakl.cz\/index.php?rest_route=\/wp\/v2\/posts\/14705","targetHints":{"allow":["GET"]}}],"collection":[{"href":"https:\/\/www.ladislavjakl.cz\/index.php?rest_route=\/wp\/v2\/posts"}],"about":[{"href":"https:\/\/www.ladislavjakl.cz\/index.php?rest_route=\/wp\/v2\/types\/post"}],"author":[{"embeddable":true,"href":"https:\/\/www.ladislavjakl.cz\/index.php?rest_route=\/wp\/v2\/users\/9"}],"replies":[{"embeddable":true,"href":"https:\/\/www.ladislavjakl.cz\/index.php?rest_route=%2Fwp%2Fv2%2Fcomments&post=14705"}],"version-history":[{"count":1,"href":"https:\/\/www.ladislavjakl.cz\/index.php?rest_route=\/wp\/v2\/posts\/14705\/revisions"}],"predecessor-version":[{"id":14706,"href":"https:\/\/www.ladislavjakl.cz\/index.php?rest_route=\/wp\/v2\/posts\/14705\/revisions\/14706"}],"wp:attachment":[{"href":"https:\/\/www.ladislavjakl.cz\/index.php?rest_route=%2Fwp%2Fv2%2Fmedia&parent=14705"}],"wp:term":[{"taxonomy":"category","embeddable":true,"href":"https:\/\/www.ladislavjakl.cz\/index.php?rest_route=%2Fwp%2Fv2%2Fcategories&post=14705"},{"taxonomy":"post_tag","embeddable":true,"href":"https:\/\/www.ladislavjakl.cz\/index.php?rest_route=%2Fwp%2Fv2%2Ftags&post=14705"}],"curies":[{"name":"wp","href":"https:\/\/api.w.org\/{rel}","templated":true}]}}