{"id":14710,"date":"2025-06-06T15:07:26","date_gmt":"2025-06-06T13:07:26","guid":{"rendered":"https:\/\/www.ladislavjakl.cz\/?p=14710"},"modified":"2025-06-06T15:07:26","modified_gmt":"2025-06-06T13:07:26","slug":"premiera-folimanka-blues-varuji-ze-je-pozde-a-mysli-to-vazne","status":"publish","type":"post","link":"https:\/\/www.ladislavjakl.cz\/?p=14710","title":{"rendered":"Premi\u00e9ra: Folimanka Blues varuj\u00ed, \u017ee Je pozd\u011b. A mysl\u00ed to v\u00e1\u017en\u011b"},"content":{"rendered":"<div><img loading=\"lazy\" decoding=\"async\" class=\"\" title=\"\u201eKdy\u017e je muzika sugestivn\u00ed a m\u00e1 nads\u00e1zku a ksicht, \u0159ekne si o sugestivn\u00ed klip s nads\u00e1zkou a ksichtem,\u201c komentuje re\u017eis\u00e9r Michal Sko\u0159epa. | Foto: archiv Michala Sko\u0159epy\" src=\"https:\/\/www.frontman.cz\/sites\/default\/files\/styles\/clanek_full_810x540\/public\/vlcsnap-2025-06-04-16h50m28s022.png?itok=rowWLFP1\" alt=\"\u201eKdy\u017e je muzika sugestivn\u00ed a m\u00e1 nads\u00e1zku a ksicht, \u0159ekne si o sugestivn\u00ed klip s nads\u00e1zkou a ksichtem,\u201c komentuje re\u017eis\u00e9r Michal Sko\u0159epa. | Foto: archiv Michala Sko\u0159epy\" width=\"593\" height=\"395\"><\/p>\n<div class=\"article-full__image-text\">\u201eKdy\u017e je muzika sugestivn\u00ed a m\u00e1 nads\u00e1zku a ksicht, \u0159ekne si o sugestivn\u00ed klip s nads\u00e1zkou a ksichtem,\u201c komentuje re\u017eis\u00e9r Michal Sko\u0159epa. | Foto: archiv Michala Sko\u0159epy<\/div>\n<\/div>\n<div>&nbsp;<\/div>\n<p><!--more--><\/p>\n<div class=\"article-full__image-text\">T\u0159icet let na sc\u00e9n\u011b, \u010dty\u0159i alba, koncerty po Evrop\u011b i v USA \u2013 a brzy i nov\u00e1 deska. Kapela Folimanka Blues, kterou v roce 1993 zalo\u017eil skladatel, kytarista a zp\u011bv\u00e1k Ladislav Jakl, se ov\u0161em v nov\u00e9m klipu ke skladb\u011b&nbsp;<em data-end=\"706\" data-start=\"696\">Je pozd\u011b<\/em>&nbsp;je\u0161t\u011b jednou ohl\u00ed\u017e\u00ed zp\u00e1tky. Video vzniklo pod re\u017eijn\u00edm veden\u00edm Michala Sko\u0159epy a funguje jako ho\u0159ce vtipn\u00e1 gener\u00e1ln\u00ed zkou\u0161ka na posledn\u00ed v\u011bci \u010dlov\u011bka. Klip k p\u00edsni uv\u00e1d\u00edme v magaz\u00ednu Frontman v&nbsp;exkluzivn\u00ed premi\u00e9\u0159e.<\/div>\n<p>Kapela se ve sv\u00e9 tvorb\u011b dlouhodob\u011b v\u011bnuje t\u00e9mat\u016fm jako jsou pivo, hospody, vztahy, beznad\u011bj a cynismus \u2013 s typickou d\u00e1vkou rockov\u00e9ho \u0161ansonu, blues a bigb\u00edtu. Speci\u00e1ln\u011b ve vztahu ke skladb\u011b Je pozd\u011b Jakl mluv\u00ed o p\u0159ijet\u00ed definitivn\u00ed skute\u010dnosti, \u017ee n\u011bkter\u00e9 v\u011bci u\u017e nikdy nebudou mo\u017en\u00e9, i kdy\u017e si \u010dlov\u011bk nalh\u00e1v\u00e1 opak fr\u00e1zemi o nikdy neum\u00edraj\u00edc\u00ed nad\u011bji.<em>&nbsp;\u201eJen\u017ee ono \u017e\u00e1dn\u00e9 p\u0159\u00ed\u0161t\u011b nebude. Te\u010f, nebo nikdy. \u017divot nen\u00ed nekone\u010dn\u00fd oce\u00e1n. Druh\u00fd b\u0159eh se bl\u00ed\u017e\u00ed, u\u017e je vid\u011bt velmi z\u0159eteln\u011b. U\u017e je to cosi velmi hmatateln\u00e9ho, re\u00e1ln\u00e9ho, ne pouze n\u011bjak\u00e1 fata morgana,\u201c&nbsp;<\/em>\u0159\u00edk\u00e1&nbsp;Jakl.<\/p>\n<div id=\"js-image-title\" class=\"article-full__text\">\n<div class=\"js-img-wrapp\">\n<p><img loading=\"lazy\" decoding=\"async\" class=\"\" src=\"https:\/\/www.frontman.cz\/sites\/default\/files\/inline-images\/vlcsnap-2025-06-04-16h53m13s553%281%29.png\" alt=\"V klipu vedle Jakla zaujmou i Dominika Horynov\u00e1 a Martin \u201eMTY\u201c \u0160afus. | Foto: archiv Michala Sko\u0159epy\" width=\"505\" height=\"284\" data-entity-type=\"file\" data-entity-uuid=\"41b49468-351d-442e-aec7-61a2adc51187\"><\/p>\n<div class=\"js-img-alt\">V klipu vedle Jakla zaujmou i Dominika Horynov\u00e1 a Martin \u201eMTY\u201c \u0160afus. | Foto: archiv Michala Sko\u0159epy<\/div>\n<\/div>\n<p data-end=\"1804\" data-start=\"1511\">P\u00edse\u0148 poch\u00e1z\u00ed z alba&nbsp;<em data-end=\"1550\" data-start=\"1532\">Krajina po bitv\u011b<\/em>, kter\u00e9 vy\u0161lo u\u017e v roce 2013, ale klip z\u00e1rove\u0148 otev\u00edr\u00e1 dve\u0159e k&nbsp;chystan\u00e9 novince s v\u00fdmluvn\u00fdm n\u00e1zvem&nbsp;<em data-end=\"1669\" data-start=\"1649\">Odpo\u010d\u00edvej v pokoji<\/em>, kterou kapela pr\u00e1v\u011b dokon\u010duje. Nahr\u00e1vka by m\u011bla vyj\u00edt na vinylu a podle autor\u016f bude stylov\u011b op\u011bt trochu jinde ne\u017e p\u0159edchoz\u00ed desky.<\/p>\n<p data-end=\"1804\" data-start=\"1511\">Klip, v n\u011bm\u017e vedle Jakla zaujmou tak\u00e9 Dominika Horynov\u00e1 a Martin \u201eMTY\u201c \u0160afus, se nat\u00e1\u010del na stylov\u00e9m h\u0159i\u0161ti z dob kari\u00e9ry legend\u00e1rn\u00edho \u010deskoslovensk\u00e9ho fotbalov\u00e9ho brank\u00e1\u0159e Iva Viktora. To objevil producent klipu Michael Kyselka.&nbsp;<\/p>\n<div><iframe loading=\"lazy\" src=\"https:\/\/www.youtube.com\/embed\/L5CtU-F32UY\" width=\"640\" height=\"360\" frameborder=\"0\" allowfullscreen=\"allowfullscreen\" data-mce-fragment=\"1\"><\/iframe><\/div>\n<p data-end=\"2160\" data-start=\"1806\"><em>\u201eKdy\u017e je muzika sugestivn\u00ed a m\u00e1 nads\u00e1zku a ksicht, \u0159ekne si o sugestivn\u00ed klip s nads\u00e1zkou a ksichtem,\u201c&nbsp;<\/em>komentuje re\u017eis\u00e9r Michal Sko\u0159epa&nbsp;\u2013&nbsp;posledn\u00ed host Niky Kandoussi v&nbsp;<a href=\"https:\/\/www.frontman.cz\/podcast-frontwoman-13-magicky-svet-hudebnich-videoklipu\" target=\"_blank\" rel=\"noopener\">Podcastu Frontwoman<\/a>.<em>&nbsp;\u201eM\u011bl jsem \u0161t\u011bst\u00ed na t\u0159i fantastick\u00e9 herce v \u010dele se samotn\u00fdm L\u00e1\u010fou, kter\u00fd co pohled, to perla. Ne ka\u017ed\u00fd v\u00e1m umo\u017en\u00ed se tv\u016fr\u010d\u00edm zp\u016fsobem vyj\u00e1d\u0159it takhle do zat\u00e1\u010dky.\u201c<\/em><\/p>\n<p data-end=\"2847\" data-start=\"2464\">Jakl, kter\u00fd stoj\u00ed za hudbou i textem p\u00edsn\u011b, dopl\u0148uje:&nbsp;<em>\u201eJasn\u011b\u017ee c\u00edlem p\u00edsn\u011b a klipu bylo tohle ultim\u00e1tn\u00ed genera\u010dn\u00ed t\u00e9ma pojmout s jistou nads\u00e1zkou a sp\u00ed\u0161e symbolicky a stylizovan\u011b. Jen\u017ee je to sranda, ze kter\u00e9 mraz\u00ed.\u201c<\/em>&nbsp;A co si z&nbsp;toho vz\u00edt?&nbsp;<em>\u201eJednu z nejban\u00e1ln\u011bj\u0161\u00edch ot\u0159epan\u00fdch v\u011bt:&nbsp;<strong>ka\u017ed\u00e1 chv\u00edle a ka\u017ed\u00e1 p\u0159\u00edle\u017eitost m\u016f\u017ee b\u00fdt \u2013 a nejsp\u00ed\u0161 i je \u2013 tou posledn\u00ed. Tak ji neprop\u00e1sn\u011bme<\/strong>,\u201c<\/em>&nbsp;dod\u00e1v\u00e1.<\/p>\n<div class=\"js-img-wrapp\">\n<p><img loading=\"lazy\" decoding=\"async\" class=\"\" src=\"https:\/\/www.frontman.cz\/sites\/default\/files\/inline-images\/vlcsnap-2025-06-04-16h53m22s420.png\" alt=\"Z klipu ke skladb\u011b Je pozd\u011b. | Foto: archiv Michala Sko\u0159epy\" width=\"647\" height=\"364\" data-entity-type=\"file\" data-entity-uuid=\"6d1d7601-a551-4ac4-9400-635c9286ba6f\"><\/p>\n<div class=\"js-img-alt\">Z klipu ke skladb\u011b Je pozd\u011b. | Foto: archiv Michala Sko\u0159epy<\/div>\n<\/div>\n<p data-end=\"3193\" data-start=\"2849\">Kapelu Folimanka Blues zalo\u017eil Ladislav Jakl v roce 1993. Navzdory tragick\u00fdm ztr\u00e1t\u00e1m n\u011bkolika \u010dlen\u016f i&nbsp;mana\u017eer\u016f nep\u0159eru\u0161ila kapela svou \u010dinnost a st\u00e1le koncertuje. V reperto\u00e1ru m\u00e1 v\u00fdhradn\u011b vlastn\u00ed p\u00edsn\u011b, kter\u00e9 balancuj\u00ed mezi dramatick\u00fdm rockem, blues a \u0161ansonem. Krom\u011b dom\u00e1c\u00ed sc\u00e9ny vystoupila tak\u00e9 na Slovensku, v&nbsp;Rakousku, N\u011bmecku, Polsku a Spojen\u00fdch st\u00e1tech. Sou\u010dasn\u00e9 slo\u017een\u00ed kapely krom\u011b Jakla tvo\u0159\u00ed Eugen P\u00e1l Bal\u00e1sz, Had\u017ei Hrkal, Martin Tvaroh a Pavel Ben\u00ed\u0161ek \u010di Pavel Jirou\u0161ek.<\/p>\n<p data-end=\"3193\" data-start=\"2849\"><em>Zaj\u00edm\u00e1 n\u00e1s, jak vn\u00edm\u00e1te kapely, jejich\u017e \u010dlenov\u00e9 \u2013 v tomto p\u0159\u00edpad\u011b frontman Folimanky Blues Ladislav Jakl \u2013 ve\u0159ejn\u011b vystupuj\u00ed i mimo hudebn\u00ed sc\u00e9nu. Hraje pro v\u00e1s roli jen hudba, nebo i \u0161ir\u0161\u00ed spole\u010densk\u00fd kontext? Sv\u00e9 n\u00e1zory a zku\u0161enosti n\u00e1m m\u016f\u017eete napsat na&nbsp;<a class=\"cursor-pointer\" target=\"_blank\" rel=\"noopener\" data-end=\"405\" data-start=\"386\">redakce@frontman.cz<\/a>.<\/em><\/p>\n<\/div>\n<div class=\"article-full__images\"><a class=\"colorbox cboxElement\" title=\"Z klipu ke skladb\u011b Je pozd\u011b. | Foto: archiv Michala Sko\u0159epy\" role=\"button\" href=\"https:\/\/www.frontman.cz\/sites\/default\/files\/vlcsnap-2025-06-04-16h52m43s353.png\" target=\"_blank\" rel=\"noopener\" aria-label=\"{&quot;title&quot;:&quot;Z klipu ke skladb\u011b Je pozd\u011b. | Foto: archiv Michala Sko\u0159epy&quot;,&quot;alt&quot;:&quot;Z klipu ke skladb\u011b Je pozd\u011b. | Foto: archiv Michala Sko\u0159epy&quot;}\" data-colorbox-gallery=\"\" aria-controls=\"colorbox-8Ku08tjgjsY\" data-cbox-img-attrs=\"{&quot;title&quot;:&quot;Z klipu ke skladb\u011b Je pozd\u011b. | Foto: archiv Michala Sko\u0159epy&quot;,&quot;alt&quot;:&quot;Z klipu ke skladb\u011b Je pozd\u011b. | Foto: archiv Michala Sko\u0159epy&quot;}\" data-once=\"init-colorbox\"><img loading=\"lazy\" decoding=\"async\" id=\"colorbox-8Ku08tjgjsY\" title=\"Z klipu ke skladb\u011b Je pozd\u011b. | Foto: archiv Michala Sko\u0159epy\" src=\"https:\/\/www.frontman.cz\/sites\/default\/files\/styles\/normal\/public\/vlcsnap-2025-06-04-16h52m43s353.png?itok=ts9f9E-h\" alt=\"Z klipu ke skladb\u011b Je pozd\u011b. | Foto: archiv Michala Sko\u0159epy\" width=\"250\" height=\"175\"><\/a><a class=\"colorbox cboxElement\" title=\"Z klipu ke skladb\u011b Je pozd\u011b. | Foto: archiv Michala Sko\u0159epy\" role=\"button\" href=\"https:\/\/www.frontman.cz\/sites\/default\/files\/vlcsnap-2025-06-04-16h49m08s903.png\" target=\"_blank\" rel=\"noopener\" aria-label=\"{&quot;title&quot;:&quot;Z klipu ke skladb\u011b Je pozd\u011b. | Foto: archiv Michala Sko\u0159epy&quot;,&quot;alt&quot;:&quot;Z klipu ke skladb\u011b Je pozd\u011b. | Foto: archiv Michala Sko\u0159epy&quot;}\" data-colorbox-gallery=\"\" aria-controls=\"colorbox-kWVHWKuRVlw\" data-cbox-img-attrs=\"{&quot;title&quot;:&quot;Z klipu ke skladb\u011b Je pozd\u011b. | Foto: archiv Michala Sko\u0159epy&quot;,&quot;alt&quot;:&quot;Z klipu ke skladb\u011b Je pozd\u011b. | Foto: archiv Michala Sko\u0159epy&quot;}\" data-once=\"init-colorbox\"><img loading=\"lazy\" decoding=\"async\" id=\"colorbox-kWVHWKuRVlw\" title=\"Z klipu ke skladb\u011b Je pozd\u011b. | Foto: archiv Michala Sko\u0159epy\" src=\"https:\/\/www.frontman.cz\/sites\/default\/files\/styles\/normal\/public\/vlcsnap-2025-06-04-16h49m08s903.png?itok=uaT6Ez6F\" alt=\"Z klipu ke skladb\u011b Je pozd\u011b. | Foto: archiv Michala Sko\u0159epy\" width=\"250\" height=\"175\"><\/a><a class=\"colorbox cboxElement\" title=\"Z klipu ke skladb\u011b Je pozd\u011b. | Foto: archiv Michala Sko\u0159epy\" role=\"button\" href=\"https:\/\/www.frontman.cz\/sites\/default\/files\/vlcsnap-2025-06-04-16h54m11s863.png\" target=\"_blank\" rel=\"noopener\" aria-label=\"{&quot;title&quot;:&quot;Z klipu ke skladb\u011b Je pozd\u011b. | Foto: archiv Michala Sko\u0159epy&quot;,&quot;alt&quot;:&quot;Z klipu ke skladb\u011b Je pozd\u011b. | Foto: archiv Michala Sko\u0159epy&quot;}\" data-colorbox-gallery=\"\" aria-controls=\"colorbox-BGSqVX_dXZg\" data-cbox-img-attrs=\"{&quot;title&quot;:&quot;Z klipu ke skladb\u011b Je pozd\u011b. | Foto: archiv Michala Sko\u0159epy&quot;,&quot;alt&quot;:&quot;Z klipu ke skladb\u011b Je pozd\u011b. | Foto: archiv Michala Sko\u0159epy&quot;}\" data-once=\"init-colorbox\"><img loading=\"lazy\" decoding=\"async\" id=\"colorbox-BGSqVX_dXZg\" title=\"Z klipu ke skladb\u011b Je pozd\u011b. | Foto: archiv Michala Sko\u0159epy\" src=\"https:\/\/www.frontman.cz\/sites\/default\/files\/styles\/normal\/public\/vlcsnap-2025-06-04-16h54m11s863.png?itok=fNi8a6t4\" alt=\"Z klipu ke skladb\u011b Je pozd\u011b. | Foto: archiv Michala Sko\u0159epy\" width=\"250\" height=\"175\"><\/a><\/div>\n<div class=\"article-full__tag\">Tagy&nbsp;<a href=\"https:\/\/www.frontman.cz\/tagy\/premiera-videa\" target=\"_blank\" rel=\"noopener\" hreflang=\"cs\">Premi\u00e9ra videa<\/a>&nbsp;<a href=\"https:\/\/www.frontman.cz\/tagy\/folimanka-blues\" target=\"_blank\" rel=\"noopener\" hreflang=\"cs\">Folimanka Blues<\/a><\/div>\n<div>&nbsp;<\/div>\n<div><a href=\"https:\/\/www.frontman.cz\/premiera-folimanka-blues-varuji-ze-je-pozde-mysli-vazne\">Zdroj:<\/a><\/div>\n<p>&nbsp;<\/p>\n","protected":false},"excerpt":{"rendered":"<p>\u201eKdy\u017e je muzika sugestivn\u00ed a m\u00e1 nads\u00e1zku a ksicht, \u0159ekne si o sugestivn\u00ed klip s nads\u00e1zkou a ksichtem,\u201c komentuje re\u017eis\u00e9r Michal Sko\u0159epa. | Foto: archiv Michala Sko\u0159epy &nbsp;<\/p>\n","protected":false},"author":9,"featured_media":0,"comment_status":"open","ping_status":"open","sticky":false,"template":"","format":"standard","meta":{"ngg_post_thumbnail":0,"footnotes":""},"categories":[4,11],"tags":[],"class_list":["post-14710","post","type-post","status-publish","format-standard","hentry","category-hudba","category-ozvena"],"_links":{"self":[{"href":"https:\/\/www.ladislavjakl.cz\/index.php?rest_route=\/wp\/v2\/posts\/14710","targetHints":{"allow":["GET"]}}],"collection":[{"href":"https:\/\/www.ladislavjakl.cz\/index.php?rest_route=\/wp\/v2\/posts"}],"about":[{"href":"https:\/\/www.ladislavjakl.cz\/index.php?rest_route=\/wp\/v2\/types\/post"}],"author":[{"embeddable":true,"href":"https:\/\/www.ladislavjakl.cz\/index.php?rest_route=\/wp\/v2\/users\/9"}],"replies":[{"embeddable":true,"href":"https:\/\/www.ladislavjakl.cz\/index.php?rest_route=%2Fwp%2Fv2%2Fcomments&post=14710"}],"version-history":[{"count":1,"href":"https:\/\/www.ladislavjakl.cz\/index.php?rest_route=\/wp\/v2\/posts\/14710\/revisions"}],"predecessor-version":[{"id":14711,"href":"https:\/\/www.ladislavjakl.cz\/index.php?rest_route=\/wp\/v2\/posts\/14710\/revisions\/14711"}],"wp:attachment":[{"href":"https:\/\/www.ladislavjakl.cz\/index.php?rest_route=%2Fwp%2Fv2%2Fmedia&parent=14710"}],"wp:term":[{"taxonomy":"category","embeddable":true,"href":"https:\/\/www.ladislavjakl.cz\/index.php?rest_route=%2Fwp%2Fv2%2Fcategories&post=14710"},{"taxonomy":"post_tag","embeddable":true,"href":"https:\/\/www.ladislavjakl.cz\/index.php?rest_route=%2Fwp%2Fv2%2Ftags&post=14710"}],"curies":[{"name":"wp","href":"https:\/\/api.w.org\/{rel}","templated":true}]}}