{"id":14718,"date":"2025-06-11T21:45:44","date_gmt":"2025-06-11T19:45:44","guid":{"rendered":"https:\/\/www.ladislavjakl.cz\/?p=14718"},"modified":"2025-06-11T21:45:44","modified_gmt":"2025-06-11T19:45:44","slug":"liberalizovat-konzervativismus-radeji-konzervovat-liberalismus","status":"publish","type":"post","link":"https:\/\/www.ladislavjakl.cz\/?p=14718","title":{"rendered":"Liberalizovat konzervativismus?  Rad\u011bji konzervovat liberalismus!"},"content":{"rendered":"<p>\u201e<span style=\"font-family: Arial, sans-serif;\"><span style=\"font-size: medium;\"><i>Dog eats dog\u201c. Nebo tak\u00e9 \u201erevoluce po\u017e\u00edr\u00e1 sv\u00e9 d\u011bti\u201c. A\u0165 u\u017e tenhle fenom\u00e9n nazveme jakkoli, v\u017edy to chce u ka\u017ed\u00e9ho dal\u0161\u00edho d\u00edlu tohohle bij\u00e1ku nakoupit popkorn, sednout si do prvn\u00ed \u0159ady \u2013 a bavit se. I kdy\u017e je to n\u011bkdy legrace, ze kter\u00e9 trochu mraz\u00ed.<\/i><\/span><\/span><\/p>\n<p><!--more--><\/p>\n<p align=\"justify\"><span style=\"font-family: Arial, sans-serif;\"><span style=\"font-size: medium;\">Britsk\u00e9 feministky si p\u0159ed 15 lety vymohly z\u00e1kon o rovnosti pohlav\u00ed. Ne\u0161lo zrovna o to, \u017ee by si ti, kdo maj\u00ed sv\u00e9 pohlav\u00ed trochu nak\u0159ivo, museli zaj\u00edt na n\u011bjakou terapii a svou ozdobu si nechat povinn\u011b narovnat. Tou rovnost\u00ed pohlav\u00ed aktivistky mysl\u00ed, \u017ee p\u0159irozen\u00e9 rozd\u00edly vykompenzuj\u00ed rozd\u00edly nep\u0159irozen\u00fdmi, byrokraticky vnucen\u00fdmi. <\/span><\/span><\/p>\n<p align=\"justify\"><span style=\"font-family: Arial, sans-serif;\"><span style=\"font-size: medium;\"><b>\u017densk\u00e9 kv\u00f3ty<\/b><\/span><\/span><\/p>\n<p align=\"justify\"><span style=\"font-family: Arial, sans-serif;\"><span style=\"font-size: medium;\">A tak vynalezly kv\u00f3ty. \u017deny jsou pr\u00fd spole\u010densky upozad\u011bny, budou m\u00edt tedy nyn\u00ed \u017eidle povinn\u011b rezervov\u00e1ny pro p\u0159\u00edpad, \u017ee by je n\u011bkdo hrubi\u00e1nsky ma\u010disticky p\u0159edb\u011bhl. Je to zvrhl\u00e1 pokrok\u00e1\u0159sk\u00e1 nespravedlnost, tyhle povinn\u00e9 kv\u00f3ty. Diskriminace naruby. Soci\u00e1ln\u00ed in\u017een\u00fdrstv\u00ed. Asi by m\u00e1lokoho napadlo, \u017ee by se podobn\u00e9 zr\u016fdnosti cht\u011bl n\u011bkdy skoro zastat. Jen\u017ee pokrok se \u0159\u00edt\u00ed kup\u0159edu rychlost\u00ed atletky nabu\u0161en\u00e9 testosteronem.<\/span><\/span><\/p>\n<p align=\"justify\"><span style=\"font-family: Arial, sans-serif;\"><span style=\"font-size: medium;\">A jsme u toho. Skotsk\u00e9 feministick\u00e9 aktivisty zjistily, \u017ee se jim do jejich kv\u00f3t cpou chlapi. N\u011bkte\u0159\u00ed p\u0159e\u0161it\u00ed, n\u011bkte\u0159\u00ed po hormon\u00e1ln\u00edm z\u00e1sahu do metabolismu, n\u011bkte\u0159\u00ed prost\u011b jen v&nbsp;sukn\u00edch a s&nbsp;mejkapem na tv\u00e1\u0159\u00edch. Oni tvrd\u00ed, \u017ee jsou \u017eenami a \u017ee tak s&nbsp;nimi m\u00e1 b\u00fdt i zach\u00e1zeno. V\u010detn\u011b toho, \u017ee i oni (politicky korektn\u011b ony) by m\u011bli (politicky korektn\u011b m\u011bly) m\u00edt n\u00e1rok na pod\u00edl u \u017eensk\u00fdch kv\u00f3t. <\/span><\/span><\/p>\n<p align=\"justify\"><span style=\"font-family: Arial, sans-serif;\"><span style=\"font-size: medium;\">Po letech justi\u010dn\u00edch tahanic Nejvy\u0161\u0161\u00ed soud Spojen\u00e9ho kr\u00e1lovstv\u00ed rozhodl, \u017ee britsk\u00fd z\u00e1kon o rovnosti pohlav\u00ed definuje \u017eenu jako osobu, kter\u00e1 se narodila jako biologick\u00e1 \u017eena. A jen takov\u00e1 \u017eena m\u00e1 n\u00e1rok na protekci podle z\u00e1kona o \u201erovnosti\u201c. \u010clov\u011bk by skoro zaj\u00e1sal, \u017ee soud kone\u010dn\u011b vy\u0159kne tak sporn\u00fd v\u00fdrok, jako \u017ee \u010dern\u00e1 je \u010dern\u00e1, \u017ee ko\u010dka nen\u00ed pes, \u017ee jedna a jedna jsou dv\u011b. Jen\u017ee o \u017e\u00e1dn\u00e9 velk\u00e9 v\u00edt\u011bzstv\u00ed nejde. To jen pes feminismu (zrovna, do\u010dasn\u011b a jen v&nbsp;tomto p\u0159\u00edpad\u011b) se\u017eral psa transsexu\u00e1ln\u00edch n\u00e1tlakov\u00fdch a n\u00e1rokov\u00fdch aktivist\u016f.<\/span><\/span><\/p>\n<p align=\"justify\"><span style=\"font-family: Arial, sans-serif;\"><span style=\"font-size: medium;\">Mluv\u00edme-li o konzervativn\u00edch hodnot\u00e1ch, \u010dasto zm\u00edn\u00edme, \u017ee jsou v\u011bci, na kter\u00fdch stoj\u00ed sv\u011bt a kter\u00e9 se nemaj\u00ed k\u00e1cet. Jen\u017ee ony se k\u00e1cej\u00ed. Jsou k\u00e1ceny. Ka\u017ed\u00fd den. A po cel\u00e9 generace. R\u00e1d bych se v\u0161\u00ed rozhodnost\u00ed zah\u0159m\u011bl, \u017ee jsou postul\u00e1ty, kter\u00e9 nesm\u00edme relativizovat. Jen\u017ee ony relativn\u00ed jsou. Podle \u010dasu i kontextu.<\/span><\/span><\/p>\n<p align=\"justify\"><span style=\"font-family: Arial, sans-serif;\"><span style=\"font-size: medium;\">Devades\u00e1t dev\u011bt procent z n\u00e1s, kte\u0159\u00ed se pova\u017eujeme za tradicionalisty a za rozhodn\u00e9 odp\u016frce zdivo\u010del\u00e9ho progresivismu, bychom se sv\u00fdm \u017eivotn\u00edm stylem, sv\u00fdmi zvyklostmi, sv\u00fdmi preferencemi, svou hierarchi\u00ed princip\u016f, sv\u00fdmi oby\u010deji a ritu\u00e1ly, pravidly chov\u00e1n\u00ed, m\u00edrou z\u00e1sadovosti \u010di z\u00e1kladn\u00ed m\u00edrou sebek\u00e1zn\u011b, by bylo p\u0159ed sto, dv\u011bma sty, p\u011bti sty lety pova\u017eov\u00e1no za reneg\u00e1ty, h\u0159\u00ed\u0161n\u00e9 b\u00eddn\u00edky, b\u00eddn\u00e9 h\u0159\u00ed\u0161n\u00edky, neukotven\u00e9 povrchn\u00ed po\u017eiva\u010dn\u00edky, heretiky a t\u0159tiny ve v\u011btru se kl\u00e1t\u00edc\u00ed.<\/span><\/span><\/p>\n<p align=\"justify\"><span style=\"font-family: Arial, sans-serif;\"><span style=\"font-size: medium;\"><b>Tradicionalisti p\u0159ek\u00e1\u017eej\u00ed<\/b><\/span><\/span><\/p>\n<p align=\"justify\"><span style=\"font-family: Arial, sans-serif;\"><span style=\"font-size: medium;\">Dnes n\u00e1s pova\u017euj\u00ed za dinosaury, \u0159vou n\u00e1m do ucha, a\u0165 t\u00e1hneme z&nbsp;cesty pokroku, a\u0165 nep\u0159ek\u00e1\u017e\u00edme a a\u0165 neotravujeme s&nbsp;n\u011bjak\u00fdmi pravidly, jistotami a p\u0159ekonan\u00fdmi stereotypy. \u010cas zrelativizoval i nerelativizovateln\u00e9. \u010cas a dekadence na\u0161eho sv\u011bta.<\/span><\/span><\/p>\n<p align=\"justify\"><span style=\"font-family: Arial, sans-serif;\"><span style=\"font-size: medium;\">Boj liberalismu s&nbsp;konzervativismem je v\u011b\u010dn\u00fd, i kdy\u017e kan\u00e1rci v&nbsp;dole a kontrolky v&nbsp;n\u00e1s varuj\u00ed, \u017ee se\u0161upn\u00fd, dosud valiv\u00fd a kontinu\u00e1ln\u00ed (u\u017e tak sporn\u00fd) v\u00fdvoj se m\u011bn\u00ed v&nbsp;revoluci. Je sto zp\u016fsob\u016f, jak tomu \u010delit. Zal\u00e9zt do sv\u00fdch milieu a chr\u00e1nit je p\u0159ed vich\u0159ic\u00ed \u00fapadku do posledn\u00ed chv\u00edle, aby bylo mo\u017en\u00e9 p\u0159edat uchr\u00e1n\u011bn\u00fd plam\u00ednek t\u011bm, kdo po n\u011bm t\u0159eba zatou\u017e\u00ed, a\u017e tahle potopa opadne. Nebo je mo\u017en\u00e9 vyl\u00e9zt na barik\u00e1du, rozervat si ko\u0161ili a nastavit hru\u010f smr\u0161ti jedovat\u00fdch \u0161\u00edp\u016f. Vypad\u00e1 to skv\u011ble fotogenicky a p\u016fsob\u00ed mobiliza\u010dn\u011b. Nebo j\u00edt mezi lid a trp\u011bliv\u011b \u0161\u00ed\u0159it zanikaj\u00edc\u00ed slova. Nebo od v\u0161eho kousek.<\/span><\/span><\/p>\n<p align=\"justify\"><span style=\"font-family: Arial, sans-serif;\"><span style=\"font-size: medium;\">Nebo lze u\u010dinit je\u0161t\u011b jednu \u00favahu, mo\u017en\u00e1 dosti \u201ekac\u00ed\u0159skou\u201c. Jist\u011b\u017ee je d\u016fle\u017eit\u00e9, co chr\u00e1n\u00edme. A spr\u00e1vn\u011b zhodnotit, co chr\u00e1n\u011bno b\u00fdt m\u00e1. Ale tak\u00e9 je mo\u017eno za ochranyhodnou pova\u017eovat samotnou ochranu. Zn\u00ed to na prvn\u00ed pohled dost krkolomn\u011b, j\u00e1 v\u00edm, ale ono to souvis\u00ed pr\u00e1v\u011b s&nbsp;t\u00edm, \u017ee \u010dlov\u011bk zni\u010dehonic p\u0159i t\u00e9 v\u0161\u00ed b\u00edd\u011b je\u0161t\u011b m\u016f\u017ee b\u00fdt r\u00e1d za zachov\u00e1n\u00ed t\u0159eba on\u011bch kv\u00f3t alespo\u0148 pro opravdov\u00e9 \u017eeny, kdy\u017e u\u017e ony zr\u016fdn\u00e9 kv\u00f3ty neum\u00edme zru\u0161it. A p\u0159i v\u0161\u00ed t\u00e9 b\u00edd\u011b je mo\u017en\u00e9 za hodn\u00e9 ochrany pova\u017eovat ctnosti a hodnoty, kter\u00e9 dnes 99 procent z&nbsp;n\u00e1s pova\u017euje za praz\u00e1klad, ale p\u0159ed t\u0159emi sty lety by je leckdo (pr\u00e1vem) odsuzoval jako divokou modernistickou zt\u0159e\u0161t\u011bnost.<\/span><\/span><\/p>\n<p align=\"justify\"><span style=\"font-family: Arial, sans-serif;\"><span style=\"font-size: medium;\">T\u0159eba s\u00e1m liberalismus v&nbsp;klasick\u00e9m smyslu znamenal rovn\u00e1 ob\u010dansk\u00e1 pr\u00e1va, \u00factu k&nbsp;majetku a svobodu smlouvy. S&nbsp;t\u011bmi ob\u010dansk\u00fdmi pr\u00e1vy to ale nebylo v\u017edy jen ku prosp\u011bchu lidstv\u00ed, n\u011bkter\u00e9 zd\u00e1nliv\u00e9 star\u00e9 rigidity m\u011bly sv\u00e9 hlubok\u00e9 opodstatn\u011bn\u00ed a p\u0159i prosazov\u00e1n\u00ed nov\u00e9 ob\u010dansk\u00e9 rovnosti bylo vylito z&nbsp;vani\u010dek nejedno d\u00edt\u011b. Ano, zn\u00ed to paradoxn\u011b, ale i tenhle liberalismus v&nbsp;dne\u0161n\u00edm kontextu stoj\u00ed za konzervov\u00e1n\u00ed. Liberalismus jako obsah, konzervov\u00e1n\u00ed jako metoda. Proto\u017ee dnes n\u00e1m hroz\u00ed \u00fapln\u00fd opak. Liberalizov\u00e1n\u00ed konzervativismu. Liberalizov\u00e1n\u00ed jako metoda zni\u010den\u00ed konzervativn\u00edho obsahu.<\/span><\/span><\/p>\n<p align=\"justify\"><span style=\"font-family: Arial, sans-serif;\"><span style=\"font-size: medium;\">A pokud je to na n\u011bkoho moc slov\u00ed\u010dek, posta\u010d\u00ed jednoduch\u00e9: nerozmontov\u00e1vej, co funguje.<\/span><\/span><\/p>\n<p align=\"justify\">Ps\u00e1no pro kv\u011btnov\u00e9 \u010d\u00edslo \u010dasopisu TO<\/p>\n","protected":false},"excerpt":{"rendered":"<p>\u201eDog eats dog\u201c. Nebo tak\u00e9 \u201erevoluce po\u017e\u00edr\u00e1 sv\u00e9 d\u011bti\u201c. A\u0165 u\u017e tenhle fenom\u00e9n nazveme jakkoli, v\u017edy to chce u ka\u017ed\u00e9ho dal\u0161\u00edho d\u00edlu tohohle bij\u00e1ku nakoupit popkorn, sednout si do prvn\u00ed \u0159ady \u2013 a bavit se. I kdy\u017e je to n\u011bkdy legrace, ze kter\u00e9 trochu mraz\u00ed.<\/p>\n","protected":false},"author":9,"featured_media":0,"comment_status":"open","ping_status":"open","sticky":false,"template":"","format":"standard","meta":{"ngg_post_thumbnail":0,"footnotes":""},"categories":[1],"tags":[],"class_list":["post-14718","post","type-post","status-publish","format-standard","hentry","category-publikovane-clanky"],"_links":{"self":[{"href":"https:\/\/www.ladislavjakl.cz\/index.php?rest_route=\/wp\/v2\/posts\/14718","targetHints":{"allow":["GET"]}}],"collection":[{"href":"https:\/\/www.ladislavjakl.cz\/index.php?rest_route=\/wp\/v2\/posts"}],"about":[{"href":"https:\/\/www.ladislavjakl.cz\/index.php?rest_route=\/wp\/v2\/types\/post"}],"author":[{"embeddable":true,"href":"https:\/\/www.ladislavjakl.cz\/index.php?rest_route=\/wp\/v2\/users\/9"}],"replies":[{"embeddable":true,"href":"https:\/\/www.ladislavjakl.cz\/index.php?rest_route=%2Fwp%2Fv2%2Fcomments&post=14718"}],"version-history":[{"count":1,"href":"https:\/\/www.ladislavjakl.cz\/index.php?rest_route=\/wp\/v2\/posts\/14718\/revisions"}],"predecessor-version":[{"id":14719,"href":"https:\/\/www.ladislavjakl.cz\/index.php?rest_route=\/wp\/v2\/posts\/14718\/revisions\/14719"}],"wp:attachment":[{"href":"https:\/\/www.ladislavjakl.cz\/index.php?rest_route=%2Fwp%2Fv2%2Fmedia&parent=14718"}],"wp:term":[{"taxonomy":"category","embeddable":true,"href":"https:\/\/www.ladislavjakl.cz\/index.php?rest_route=%2Fwp%2Fv2%2Fcategories&post=14718"},{"taxonomy":"post_tag","embeddable":true,"href":"https:\/\/www.ladislavjakl.cz\/index.php?rest_route=%2Fwp%2Fv2%2Ftags&post=14718"}],"curies":[{"name":"wp","href":"https:\/\/api.w.org\/{rel}","templated":true}]}}