{"id":14727,"date":"2025-06-30T10:07:06","date_gmt":"2025-06-30T08:07:06","guid":{"rendered":"https:\/\/www.ladislavjakl.cz\/?p=14727"},"modified":"2025-06-30T10:07:26","modified_gmt":"2025-06-30T08:07:26","slug":"vice-nez-capi-hnizdo-me-zajima-jak-slozite-a-dlouho-se-bude-sestavovat-nova-vlada-mini-jakl","status":"publish","type":"post","link":"https:\/\/www.ladislavjakl.cz\/?p=14727","title":{"rendered":"V\u00edce ne\u017e \u010cap\u00ed hn\u00edzdo m\u011b zaj\u00edm\u00e1, jak slo\u017eit\u011b a dlouho se bude sestavovat nov\u00e1 vl\u00e1da, m\u00edn\u00ed Jakl"},"content":{"rendered":"<p>Ladislav Jakl, \u0159editel Centra spole\u010densk\u00fdch studi\u00ed Institutu V\u00e1clava Klause, uva\u017eoval nad n\u00e1vratem kauzy \u010cap\u00ed hn\u00edzdo. \u201eJe to uk\u00e1zka nov\u00e9ho stupn\u011b demokracie, kter\u00e1 ji\u017e nem\u016f\u017ee spol\u00e9hat na \u017eiv\u00e9 procesy,\u201c \u0159ekl pro ne\u010cT24. Dotkl se tak\u00e9 obvin\u011bn\u00ed a proces\u016f proti l\u00eddr\u016fm dal\u0161\u00edch opozi\u010dn\u00edch stran.<br \/>\n<!--more--><\/p>\n<p><b>Kauza \u010cap\u00ed hn\u00edzdo byla vr\u00e1cena k M\u011bstsk\u00e9mu soudu v Praze a rozsudek z roku 2023 byl zru\u0161en. Je tento v\u00fdvoj p\u0159ed bl\u00ed\u017e\u00edc\u00edmi se volbami o\u010dek\u00e1van\u00fd?<br \/>\n<\/b><br \/>\nAno, je to uk\u00e1zka stupn\u011b demokracie, kter\u00e1 ji\u017e nem\u016f\u017ee spol\u00e9hat na \u017eiv\u00e9 procesy a mus\u00ed svou v\u011bc uchopit pevn\u011b do rukou.<\/p>\n<p><b>L\u00eddr Motorist\u016f Filip Turek \u010del\u00ed obvin\u011bn\u00ed z n\u00e1sil\u00ed. Svou vinu pop\u00edr\u00e1. P\u0159ed ned\u00e1vnem \u0159e\u0161ila policie p\u0159\u00edpad \u0161\u00e9fa SPD Tomia Okamury, kter\u00e9ho obvi\u0148ovala kv\u016fli billboard\u016fm varuj\u00edc\u00edm se p\u0159ed n\u00e1sledky neleg\u00e1ln\u00ed migrace. Je podle v\u00e1s pron\u00e1sledov\u00e1n\u00ed dal\u0161\u00ed v\u00fdrazn\u00e9 tv\u00e1\u0159e p\u0159edvolebn\u00ed kampan\u011b shodou okolnost\u00ed, nebo zp\u016fsobem chov\u00e1n\u00ed stran vl\u00e1dn\u00ed koalice se sv\u00fdmi konkurenty?<\/b><\/p>\n<p>Shodou okolnost\u00ed to jist\u011b nen\u00ed. Ale nemysl\u00edm, \u017ee jde o aktu\u00e1ln\u00ed \u010desk\u00e9 specifikum. V cel\u00e9 na\u0161\u00ed dobr\u00e9 \u010d\u00e1sti sv\u011bta jde nyn\u00ed o napl\u0148ov\u00e1n\u00ed z\u00e1kladn\u00ed marxleninsk\u00e9 teze o zost\u0159ov\u00e1n\u00ed t\u0159\u00eddn\u00edho boje v obdob\u00ed vrcholn\u00e9 f\u00e1ze budov\u00e1n\u00ed rozvinut\u00e9 demokracie.<\/p>\n<p><b>Jak\u00fd vliv bude m\u00edt rozhodnut\u00ed soudu o p\u0159\u00edpadu Babi\u0161e a mo\u017en\u00fd proces proti Turkovi a Okamurovi na jejich voli\u010de?<\/b><\/p>\n<p>T\u011b\u017eko \u0159\u00edci. Do voleb se m\u016f\u017ee je\u0161t\u011b leccos st\u00e1t. Pokrokov\u00ed aktivist\u00e9 jist\u011b najdou n\u011bkomu kopyto m\u00edsto chodidla a pod ra\u0161\u00edc\u00ed rohy. M\u011b te\u010f daleko v\u00edc zaj\u00edm\u00e1, co bude po volb\u00e1ch. Jak slo\u017eit\u011b a jak dlouho se bude sestavovat nov\u00e1 vl\u00e1da, zda p\u0159ijde p\u0159ipravena a zah\u00e1j\u00ed okam\u017eit\u00e9 a odv\u00e1\u017en\u00e9 kroky k n\u00e1prav\u011b sou\u010dasn\u00e9 hnij\u00edc\u00ed normalizace.<\/p>\n<p><b>P\u0159edstihne znovuotev\u0159en\u00ed p\u0159\u00edpadu \u010cap\u00ed hn\u00edzdo a zm\u00edn\u011bn\u00e9 kroky proti opozici \u010derstvou bitcoinovou kauzu vl\u00e1dy? O\u010dek\u00e1v\u00e1te, \u017ee se bitcoingate nakonec zamete pod kobere\u010dek?<\/b><\/p>\n<p>Takov\u00e9 pokusy tu jsou a jist\u011b budou pokra\u010dovat. Nesm\u00edme ale zapom\u00ednat, \u017ee probl\u00e9m dne\u0161ka nen\u00ed bitcoinov\u00e1 eskap\u00e1da, ale cel\u00e1 \u010dty\u0159let\u00e1 politika vl\u00e1dnouc\u00ed koalice. Kejkle s bitcoiny jsou jen ornamentem na cel\u00e9 katastrof\u011b fialov\u00e9 vl\u00e1dy.<b><\/b><\/p>\n<p>D\u011bkujeme za rozhovor.<\/p>\n<p><a href=\"https:\/\/42tcen.com\/amp\/vice-nez-capi-hnizdo-me-zajima-jak-slozite-a-dlouho-se-bude-sestavovat-nova-vlada-mini-jakl\">Zdroj:<\/a><\/p>\n","protected":false},"excerpt":{"rendered":"<p>Ladislav Jakl, \u0159editel Centra spole\u010densk\u00fdch studi\u00ed Institutu V\u00e1clava Klause, uva\u017eoval nad n\u00e1vratem kauzy \u010cap\u00ed hn\u00edzdo. \u201eJe to uk\u00e1zka nov\u00e9ho stupn\u011b demokracie, kter\u00e1 ji\u017e nem\u016f\u017ee spol\u00e9hat na \u017eiv\u00e9 procesy,\u201c \u0159ekl pro ne\u010cT24. Dotkl se tak\u00e9 obvin\u011bn\u00ed a proces\u016f proti l\u00eddr\u016fm dal\u0161\u00edch opozi\u010dn\u00edch stran.<\/p>\n","protected":false},"author":9,"featured_media":0,"comment_status":"open","ping_status":"open","sticky":false,"template":"","format":"standard","meta":{"ngg_post_thumbnail":0,"footnotes":""},"categories":[13],"tags":[],"class_list":["post-14727","post","type-post","status-publish","format-standard","hentry","category-rozhovory"],"_links":{"self":[{"href":"https:\/\/www.ladislavjakl.cz\/index.php?rest_route=\/wp\/v2\/posts\/14727","targetHints":{"allow":["GET"]}}],"collection":[{"href":"https:\/\/www.ladislavjakl.cz\/index.php?rest_route=\/wp\/v2\/posts"}],"about":[{"href":"https:\/\/www.ladislavjakl.cz\/index.php?rest_route=\/wp\/v2\/types\/post"}],"author":[{"embeddable":true,"href":"https:\/\/www.ladislavjakl.cz\/index.php?rest_route=\/wp\/v2\/users\/9"}],"replies":[{"embeddable":true,"href":"https:\/\/www.ladislavjakl.cz\/index.php?rest_route=%2Fwp%2Fv2%2Fcomments&post=14727"}],"version-history":[{"count":1,"href":"https:\/\/www.ladislavjakl.cz\/index.php?rest_route=\/wp\/v2\/posts\/14727\/revisions"}],"predecessor-version":[{"id":14728,"href":"https:\/\/www.ladislavjakl.cz\/index.php?rest_route=\/wp\/v2\/posts\/14727\/revisions\/14728"}],"wp:attachment":[{"href":"https:\/\/www.ladislavjakl.cz\/index.php?rest_route=%2Fwp%2Fv2%2Fmedia&parent=14727"}],"wp:term":[{"taxonomy":"category","embeddable":true,"href":"https:\/\/www.ladislavjakl.cz\/index.php?rest_route=%2Fwp%2Fv2%2Fcategories&post=14727"},{"taxonomy":"post_tag","embeddable":true,"href":"https:\/\/www.ladislavjakl.cz\/index.php?rest_route=%2Fwp%2Fv2%2Ftags&post=14727"}],"curies":[{"name":"wp","href":"https:\/\/api.w.org\/{rel}","templated":true}]}}