{"id":14735,"date":"2025-07-11T15:00:35","date_gmt":"2025-07-11T13:00:35","guid":{"rendered":"https:\/\/www.ladislavjakl.cz\/?p=14735"},"modified":"2025-07-11T15:00:35","modified_gmt":"2025-07-11T13:00:35","slug":"bruselske-pravo","status":"publish","type":"post","link":"https:\/\/www.ladislavjakl.cz\/?p=14735","title":{"rendered":"Bruselsk\u00e9 pr\u00e1vo"},"content":{"rendered":"<p>Podle r\u016fzn\u00fdch otev\u0159en\u00fdch zdroj\u016f zem\u0159e ro\u010dn\u011b v Evrop\u011b na n\u00e1sledky podchlazen\u00ed v pr\u016fm\u011bru 363.500 lid\u00ed. Jde o zem\u0159el\u00e9, kde chlad byl hlavn\u00ed nebo jednou z hlavn\u00edch p\u0159\u00ed\u010din smrti.<\/p>\n<p><!--more--><\/p>\n<p>\u010cesk\u00e1 televize p\u0159i\u0161la v\u010dera se zpr\u00e1vou, \u017ee podle v\u011bdeck\u00fdch studi\u00ed p\u0159ijdou v Evrop\u011b ro\u010dn\u011b na n\u00e1sledky veder o \u017eivot stovky lid\u00ed a \u017ee to je argument pro boj proti vypou\u0161t\u011bn\u00ed kysli\u010dn\u00edku uhli\u010dit\u00e9ho lidskou \u010dinnost\u00ed.<\/p>\n<p>Ro\u010dn\u011b zem\u0159e v EU asi p\u011bt \u2013 \u0161est milion\u016f lid\u00ed (p\u0159i epidemii v\u00edc po nich m\u00ed\u0148). A tady n\u00e1m z ofici\u00e1ln\u00edho m\u00e9dia v\u00e1\u017en\u011b n\u011bkdo tvrd\u00ed, \u017ee stovky milion\u016f lid\u00ed maj\u00ed povinn\u011b zchudnout, aby pr\u00fd neum\u00edraly stovky lid\u00ed vedrem.<\/p>\n<p>\u017de by hned vystartovali placen\u00ed opravova\u010di f\u00e1m, dezinformac\u00ed a dezinterpretac\u00ed? Kdepak. Ti maj\u00ed p\u0159ece \u00fapln\u011b jinou pr\u00e1ci. T\u0159eba Novinky.cz, web den\u00edku Pr\u00e1vo, maj\u00ed rubriku \u0158et\u011bz\u00e1k. Tam ze 100 % \u201euv\u00e1d\u011bj\u00ed na pravou m\u00edru\u201c pouze a jedin\u011b v\u00fdroky kritizuj\u00edc\u00ed EU, dne\u0161n\u00ed \u010deskou vl\u00e1du a mainstreamov\u00e9 tematick\u00e9 ikony. Nikdy ne obr\u00e1cen\u011b. Stejn\u00e9 to je s jejich rubrikou Kontext, kde \u201eopravuj\u00ed\u201c n\u00e1zory v diskus\u00edch pod \u010dl\u00e1nky. Nejen fakta, ale opravdu i n\u00e1zory. A v\u017edy jen a v\u00fdhradn\u011b z pozic vl\u00e1dnouc\u00ed euroideologie.<\/p>\n<p>No co by se \u010dlov\u011bk divil. Anga\u017eovan\u00e1 \u017eurnalistika se vr\u00e1tila. A na Novink\u00e1ch zejm\u00e9na. Spole\u010dnou kandid\u00e1tku SPD s hostuj\u00edc\u00edmi kandid\u00e1ty programov\u011b podobn\u00fdch stran naz\u00fdvaj\u00ed slepencem. \u017de tak opozice \u0159\u00edkala koalici, kde vedle sebe ve vl\u00e1d\u011b sed\u011bli nomin\u00e1ln\u00ed konzervativci od Lidovc\u016f a ODS vedle ultraliber\u00e1l\u016f ze STAN a Pir\u00e1t\u016f, to bylo nutno br\u00e1t jako term\u00edn hanliv\u00fd, politick\u00fd a koment\u00e1torsk\u00fd. Novinky v\u0161ak tento obrat pou\u017e\u00edvaj\u00ed ve zpravodajstv\u00ed, dokonce v titulc\u00edch. Prost\u011b se mst\u00ed za ura\u017eenou vl\u00e1du jako jej\u00ed tiskov\u00fd org\u00e1n. A \u017ee si ten term\u00edn vybrali aktivist\u00e9 Novinek kv\u016fli tomu, \u017ee jde o hostov\u00e1n\u00ed na kandid\u00e1tk\u00e1ch a nikoli o ofici\u00e1ln\u00ed koalici? Pak bych se jich zeptal, jestli n\u011bkdy byli u voleb a vid\u011bli n\u011bjak\u00fd volebn\u00ed l\u00edstek. Hostov\u00e1n\u00ed \u010dlen\u016f jin\u00fdch uskupen\u00ed na kandid\u00e1tk\u00e1ch nen\u00ed ni\u010d\u00edm nov\u00fdm, je to b\u011b\u017en\u00e9 u\u017e 35 let a svaz\u00e1k\u016fm z Novinek to nikdy nevadilo.<\/p>\n<p>Prost\u011b anga\u017eovan\u00e1 \u017eurnalistika. Co\u017e se pozn\u00e1 i podle toho, jak tenhle pokra\u010dovatel n\u011bkdej\u0161\u00edho Rud\u00e9ho pr\u00e1va uve\u0159ejnil za posledn\u00edho p\u016fl roku v\u00edce posm\u011b\u0161n\u00fdch karikatur americk\u00e9ho prezidenta ne\u017e sv\u00e9ho \u010dasu pr\u00e1v\u011b Rud\u00e9 pr\u00e1vo a Dikobraz dohromady stihli za rok.<\/p>\n<p>Mo\u017en\u00e1 by se m\u011bly Novinky a Pr\u00e1vo p\u0159ejmenovat.<\/p>\n<p><em>Ladislav Jakl, 10. 7. 2025<\/em><\/p>\n<p><a href=\"https:\/\/www.institutvk.cz\/clanky\/3163.html\">Zdroj:<\/a><\/p>\n","protected":false},"excerpt":{"rendered":"<p>Podle r\u016fzn\u00fdch otev\u0159en\u00fdch zdroj\u016f zem\u0159e ro\u010dn\u011b v Evrop\u011b na n\u00e1sledky podchlazen\u00ed v pr\u016fm\u011bru 363.500 lid\u00ed. Jde o zem\u0159el\u00e9, kde chlad byl hlavn\u00ed nebo jednou z hlavn\u00edch p\u0159\u00ed\u010din smrti.<\/p>\n","protected":false},"author":9,"featured_media":0,"comment_status":"open","ping_status":"open","sticky":false,"template":"","format":"standard","meta":{"ngg_post_thumbnail":0,"footnotes":""},"categories":[1],"tags":[],"class_list":["post-14735","post","type-post","status-publish","format-standard","hentry","category-publikovane-clanky"],"_links":{"self":[{"href":"https:\/\/www.ladislavjakl.cz\/index.php?rest_route=\/wp\/v2\/posts\/14735","targetHints":{"allow":["GET"]}}],"collection":[{"href":"https:\/\/www.ladislavjakl.cz\/index.php?rest_route=\/wp\/v2\/posts"}],"about":[{"href":"https:\/\/www.ladislavjakl.cz\/index.php?rest_route=\/wp\/v2\/types\/post"}],"author":[{"embeddable":true,"href":"https:\/\/www.ladislavjakl.cz\/index.php?rest_route=\/wp\/v2\/users\/9"}],"replies":[{"embeddable":true,"href":"https:\/\/www.ladislavjakl.cz\/index.php?rest_route=%2Fwp%2Fv2%2Fcomments&post=14735"}],"version-history":[{"count":1,"href":"https:\/\/www.ladislavjakl.cz\/index.php?rest_route=\/wp\/v2\/posts\/14735\/revisions"}],"predecessor-version":[{"id":14736,"href":"https:\/\/www.ladislavjakl.cz\/index.php?rest_route=\/wp\/v2\/posts\/14735\/revisions\/14736"}],"wp:attachment":[{"href":"https:\/\/www.ladislavjakl.cz\/index.php?rest_route=%2Fwp%2Fv2%2Fmedia&parent=14735"}],"wp:term":[{"taxonomy":"category","embeddable":true,"href":"https:\/\/www.ladislavjakl.cz\/index.php?rest_route=%2Fwp%2Fv2%2Fcategories&post=14735"},{"taxonomy":"post_tag","embeddable":true,"href":"https:\/\/www.ladislavjakl.cz\/index.php?rest_route=%2Fwp%2Fv2%2Ftags&post=14735"}],"curies":[{"name":"wp","href":"https:\/\/api.w.org\/{rel}","templated":true}]}}