{"id":14746,"date":"2025-07-22T18:50:07","date_gmt":"2025-07-22T16:50:07","guid":{"rendered":"https:\/\/www.ladislavjakl.cz\/?p=14746"},"modified":"2025-07-22T18:50:07","modified_gmt":"2025-07-22T16:50:07","slug":"klaus-a-zeman-spolecne-spise-medialni-drby","status":"publish","type":"post","link":"https:\/\/www.ladislavjakl.cz\/?p=14746","title":{"rendered":"Klaus a Zeman spole\u010dn\u011b? Sp\u00ed\u0161e medi\u00e1ln\u00ed drby"},"content":{"rendered":"<p>Minul\u00fd t\u00fdden se v m\u00e9di\u00edch objevila zpr\u00e1va, \u017ee se exprezidenti V\u00e1clav Klaus a Milo\u0161 Zeman rozhodli vlo\u017eit do nadch\u00e1zej\u00edc\u00edch sn\u011bmovn\u00edch voleb a z\u00edsk\u00e1vat voli\u010de proti stran\u00e1m sou\u010dasn\u00e9 vl\u00e1dn\u00ed koalice. Klaus na prav\u00e9 \u010d\u00e1sti politick\u00e9ho spektra, Zeman na lev\u00e9. Co je na tom pravdy, se Den\u00edk TO zeptal spolupracovn\u00edka exprezidenta Klause, analytika IVK Ladislava Jakla.<\/p>\n<p><!--more--><\/p>\n<p><strong>Je pravda, \u017ee se prezidenti Klaus a&nbsp;Zeman chystaj\u00ed na spole\u010dn\u00e9 vystoupen\u00ed p\u0159ed podzimn\u00edmi volbami s&nbsp;podporou nevl\u00e1dn\u00edch stran?<\/strong><\/p>\n<p>Mysl\u00edm, \u017ee bych o tom musel n\u011bco v\u011bd\u011bt, a j\u00e1 o ni\u010dem takov\u00e9m nev\u00edm. Podle mne jsou to jen spekulace z n\u011bjak\u00fdch dolej\u0161\u00edch pater \u017eurnalistiky. Um\u00edm si p\u0159edstavit, \u017ee by oba p\u0159ed volbami vyzvali voli\u010de, aby p\u0159i\u0161li k urn\u00e1m. A um\u00edm si p\u0159edstavit, \u017ee by oba podpo\u0159ili my\u0161lenky suverenity a nez\u00e1vislosti na\u0161\u00ed republiky ve st\u0159etu s kolaboranty a woke zelen\u00fdmi bruselisty. T\u00edm ale podobnost obou exprezident\u016f kon\u010d\u00ed. Milo\u0161 Zeman si mysl\u00ed, \u017ee sou\u010dasn\u00e1 vl\u00e1da je m\u00e1lo socialistick\u00e1, V\u00e1clav Klaus naopak to, \u017ee je socialistick\u00e1 a\u017ea\u017e.<\/p>\n<p><strong>Podporuje V\u00e1clav Klaus Motoristy a&nbsp;pova\u017euje je za jedinou autentickou pravici?<\/strong><\/p>\n<p>Budete se divit, ale my se v&nbsp;Institutu nebav\u00edme o&nbsp;tom, kdo koho bude volit. S\u00e1m za sebe krom\u011b Motorist\u016f na pravici vid\u00edm je\u0161t\u011b kandid\u00e1tku SPD se Svobodn\u00fdmi a&nbsp;Trikolorou.<\/p>\n<p><strong>Zat\u00edm pr\u016fzkumy potvrzuj\u00ed veden\u00ed ANO. Je vl\u00e1da ANO pro V\u00e1clava Klause nad\u011bj\u00ed pro \u010cesko?<\/strong><\/p>\n<p>To je ot\u00e1zka pro V\u00e1clava Klause. Pro mne by ale takov\u00e1 vl\u00e1da byla nad\u011bj\u00ed pouze za p\u0159edpokladu, \u017ee ANO bude tla\u010deno sv\u00fdmi koali\u010dn\u00edmi partnery tvrd\u011b doprava, a tak\u00e9 za p\u0159edpokladu, \u017ee se m\u00edsto tlach\u00e1n\u00ed a l\u00edbiv\u00fdch p\u00f3z okam\u017eit\u011b pust\u00ed do tvrd\u00e9, a t\u0159eba i nepopul\u00e1rn\u00ed pr\u00e1ce.<\/p>\n<p><strong>Je dobr\u00e9, kdy\u017e exprezidenti p\u0159ed volbami d\u00e1vaj\u00ed ve\u0159ejnosti zpr\u00e1vu o&nbsp;sv\u00fdch politick\u00fdch preferenc\u00edch?<\/strong><\/p>\n<p>Jsou to svobodn\u00ed ob\u010dan\u00e9. Kdy\u017e to mohou d\u011blat jin\u00ed, pro\u010d ne exprezidenti. Pro mne osobn\u011b je v\u017edy bli\u017e\u0161\u00ed podporovat ur\u010dit\u00e9 my\u0161lenky ne\u017e ur\u010dit\u00e9 formace.<\/p>\n<figure class=\"wp-block-image size-full\"><img loading=\"lazy\" decoding=\"async\" class=\"wp-image-57566 lazyloaded\" src=\"https:\/\/denik.to\/wp-content\/uploads\/2025\/07\/profimedia-0735970527.jpg\" sizes=\"auto, (max-width: 1600px) 100vw, 1600px\" srcset=\"https:\/\/denik.to\/wp-content\/uploads\/2025\/07\/profimedia-0735970527.jpg 1600w, https:\/\/denik.to\/wp-content\/uploads\/2025\/07\/profimedia-0735970527-800x420.jpg 800w, https:\/\/denik.to\/wp-content\/uploads\/2025\/07\/profimedia-0735970527-768x403.jpg 768w, https:\/\/denik.to\/wp-content\/uploads\/2025\/07\/profimedia-0735970527-600x315.jpg 600w, https:\/\/denik.to\/wp-content\/uploads\/2025\/07\/profimedia-0735970527-1200x630.jpg 1200w, https:\/\/denik.to\/wp-content\/uploads\/2025\/07\/profimedia-0735970527-370x194.jpg 370w, https:\/\/denik.to\/wp-content\/uploads\/2025\/07\/profimedia-0735970527-740x388.jpg 740w, https:\/\/denik.to\/wp-content\/uploads\/2025\/07\/profimedia-0735970527-250x131.jpg 250w, https:\/\/denik.to\/wp-content\/uploads\/2025\/07\/profimedia-0735970527-500x262.jpg 500w\" alt=\"Ladislav Jakl\" width=\"463\" height=\"243\" data-src=\"https:\/\/denik.to\/wp-content\/uploads\/2025\/07\/profimedia-0735970527.jpg\" data-srcset=\"https:\/\/denik.to\/wp-content\/uploads\/2025\/07\/profimedia-0735970527.jpg 1600w, https:\/\/denik.to\/wp-content\/uploads\/2025\/07\/profimedia-0735970527-800x420.jpg 800w, https:\/\/denik.to\/wp-content\/uploads\/2025\/07\/profimedia-0735970527-768x403.jpg 768w, https:\/\/denik.to\/wp-content\/uploads\/2025\/07\/profimedia-0735970527-600x315.jpg 600w, https:\/\/denik.to\/wp-content\/uploads\/2025\/07\/profimedia-0735970527-1200x630.jpg 1200w, https:\/\/denik.to\/wp-content\/uploads\/2025\/07\/profimedia-0735970527-370x194.jpg 370w, https:\/\/denik.to\/wp-content\/uploads\/2025\/07\/profimedia-0735970527-740x388.jpg 740w, https:\/\/denik.to\/wp-content\/uploads\/2025\/07\/profimedia-0735970527-250x131.jpg 250w, https:\/\/denik.to\/wp-content\/uploads\/2025\/07\/profimedia-0735970527-500x262.jpg 500w\" data-sizes=\"(max-width: 1600px) 100vw, 1600px\"><figcaption class=\"wp-element-caption\"><\/figcaption><\/figure>\n<p><strong>\u010ct\u011bte a&nbsp;sledujte tak\u00e9:<\/strong><br \/>\n<a href=\"https:\/\/denik.to\/nesouhlasis-nekandiduj\/\">Nesouhlas\u00ed\u0161? Nekandiduj!<\/a><br \/>\n<a href=\"https:\/\/denik.to\/petr-fiala-do-ods-nepatri-spadl-tam-omylem-rika-vaclav-klaus\/\">Petr Fiala do ODS nepat\u0159\u00ed, spadl tam omylem, \u0159\u00edk\u00e1 V\u00e1clav Klaus<\/a><br \/>\n<a href=\"https:\/\/denik.to\/vladne-nam-hloupost-ale-svita-nadeje-jak-to-je-s-milosem-zemanem\/\">Vl\u00e1dne n\u00e1m hloupost, ale sv\u00edt\u00e1 nad\u011bje. Jak TO je? s&nbsp;Milo\u0161em Zemanem<\/a><\/p>\n<p><a href=\"https:\/\/denik.to\/klaus-a-zeman-spolecne-spise-medialni-drby\/\">Zdroj:<\/a><\/p>\n","protected":false},"excerpt":{"rendered":"<p>Minul\u00fd t\u00fdden se v m\u00e9di\u00edch objevila zpr\u00e1va, \u017ee se exprezidenti V\u00e1clav Klaus a Milo\u0161 Zeman rozhodli vlo\u017eit do nadch\u00e1zej\u00edc\u00edch sn\u011bmovn\u00edch voleb a z\u00edsk\u00e1vat voli\u010de proti stran\u00e1m sou\u010dasn\u00e9 vl\u00e1dn\u00ed koalice. Klaus na prav\u00e9 \u010d\u00e1sti politick\u00e9ho spektra, Zeman na lev\u00e9. Co je na tom pravdy, se Den\u00edk TO zeptal spolupracovn\u00edka exprezidenta Klause, analytika IVK Ladislava Jakla.<\/p>\n","protected":false},"author":9,"featured_media":0,"comment_status":"open","ping_status":"open","sticky":false,"template":"","format":"standard","meta":{"ngg_post_thumbnail":0,"footnotes":""},"categories":[11,13],"tags":[],"class_list":["post-14746","post","type-post","status-publish","format-standard","hentry","category-ozvena","category-rozhovory"],"_links":{"self":[{"href":"https:\/\/www.ladislavjakl.cz\/index.php?rest_route=\/wp\/v2\/posts\/14746","targetHints":{"allow":["GET"]}}],"collection":[{"href":"https:\/\/www.ladislavjakl.cz\/index.php?rest_route=\/wp\/v2\/posts"}],"about":[{"href":"https:\/\/www.ladislavjakl.cz\/index.php?rest_route=\/wp\/v2\/types\/post"}],"author":[{"embeddable":true,"href":"https:\/\/www.ladislavjakl.cz\/index.php?rest_route=\/wp\/v2\/users\/9"}],"replies":[{"embeddable":true,"href":"https:\/\/www.ladislavjakl.cz\/index.php?rest_route=%2Fwp%2Fv2%2Fcomments&post=14746"}],"version-history":[{"count":1,"href":"https:\/\/www.ladislavjakl.cz\/index.php?rest_route=\/wp\/v2\/posts\/14746\/revisions"}],"predecessor-version":[{"id":14747,"href":"https:\/\/www.ladislavjakl.cz\/index.php?rest_route=\/wp\/v2\/posts\/14746\/revisions\/14747"}],"wp:attachment":[{"href":"https:\/\/www.ladislavjakl.cz\/index.php?rest_route=%2Fwp%2Fv2%2Fmedia&parent=14746"}],"wp:term":[{"taxonomy":"category","embeddable":true,"href":"https:\/\/www.ladislavjakl.cz\/index.php?rest_route=%2Fwp%2Fv2%2Fcategories&post=14746"},{"taxonomy":"post_tag","embeddable":true,"href":"https:\/\/www.ladislavjakl.cz\/index.php?rest_route=%2Fwp%2Fv2%2Ftags&post=14746"}],"curies":[{"name":"wp","href":"https:\/\/api.w.org\/{rel}","templated":true}]}}