{"id":14764,"date":"2025-08-06T22:49:24","date_gmt":"2025-08-06T20:49:24","guid":{"rendered":"https:\/\/www.ladislavjakl.cz\/?p=14764"},"modified":"2025-08-06T22:49:24","modified_gmt":"2025-08-06T20:49:24","slug":"kytary-misto-raket-a-patron-slavneho-jmena-z-usa","status":"publish","type":"post","link":"https:\/\/www.ladislavjakl.cz\/?p=14764","title":{"rendered":"Kytary m\u00edsto raket. A patron slavn\u00e9ho jm\u00e9na z USA"},"content":{"rendered":"<div class=\"_6241b6c222e5e742b990b0ca d_ld\">\n<div class=\"d_jd\">\n<div class=\"d_je\" data-dot=\"ogm-main-media\" data-e2e=\"ogm-main-media\">\n<figure class=\"f_c4\" aria-label=\"Galerie V M\u00ed\u0161ov\u011b vystoup\u00ed i&nbsp;pra\u017esk\u00e1 legenda Folimanka Blues\" data-dot=\"mol-figure\" data-dot-data=\"{&quot;mediaItemType&quot;:&quot;foto&quot;}\">\n<div class=\"e_b4 f_c5\">\n<div class=\"e_dR\" tabindex=\"0\" role=\"button\"><img loading=\"lazy\" decoding=\"async\" class=\"e_ae e_ab\" src=\"https:\/\/d8-a.sdn.cz\/d_8\/c_imgrestricted_oc_A\/kcukOQcMmBOhkhBG4D844PR\/0016\/rock-mir.jpeg?fl=cro,0,56,1100,618%7Cres,1200,,1%7Cwebp,75\" sizes=\"auto, (min-width: 851px) 700px, 100vw\" srcset=\"\/\/d8-a.sdn.cz\/d_8\/c_imgrestricted_oc_A\/kcukOQcMmBOhkhBG4D844PR\/0016\/rock-mir.jpeg?fl=cro,0,56,1100,618%7Cres,320,,1%7Cwebp,75 320w, \/\/d8-a.sdn.cz\/d_8\/c_imgrestricted_oc_A\/kcukOQcMmBOhkhBG4D844PR\/0016\/rock-mir.jpeg?fl=cro,0,56,1100,618%7Cres,480,,1%7Cwebp,75 480w, \/\/d8-a.sdn.cz\/d_8\/c_imgrestricted_oc_A\/kcukOQcMmBOhkhBG4D844PR\/0016\/rock-mir.jpeg?fl=cro,0,56,1100,618%7Cres,600,,1%7Cwebp,75 600w, \/\/d8-a.sdn.cz\/d_8\/c_imgrestricted_oc_A\/kcukOQcMmBOhkhBG4D844PR\/0016\/rock-mir.jpeg?fl=cro,0,56,1100,618%7Cres,722,,1%7Cwebp,75 722w, \/\/d8-a.sdn.cz\/d_8\/c_imgrestricted_oc_A\/kcukOQcMmBOhkhBG4D844PR\/0016\/rock-mir.jpeg?fl=cro,0,56,1100,618%7Cres,1024,,1%7Cwebp,75 1024w, \/\/d8-a.sdn.cz\/d_8\/c_imgrestricted_oc_A\/kcukOQcMmBOhkhBG4D844PR\/0016\/rock-mir.jpeg?fl=cro,0,56,1100,618%7Cres,1280,,1%7Cwebp,75 1100w\" width=\"597\" height=\"335\"><\/div>\n<p><span class=\"e_b5\" data-dot=\"atm-media-item-image-caption\"><span class=\"e_b6\"><span class=\"e_b7\">Foto: Jaroslav Pomp<\/span><\/span><\/span><\/div><figcaption class=\"f_gu\">\n<p class=\"e_cc\"><span class=\"mol-figure__caption-text\">V M\u00ed\u0161ov\u011b vystoup\u00ed i&nbsp;pra\u017esk\u00e1 legenda Folimanka Blues<\/span><\/p>\n<p>&nbsp;<\/p>\n<\/figcaption><\/figure>\n<\/div>\n<\/div>\n<\/div>\n<p><!--more--><\/p>\n<div class=\"d_hD\" data-dot=\"ogm-date-of-publication\"><time class=\"mol-formatted-date d_jc d_hE\" datetime=\"2025-08-06 12:06:24\">Dnes 6.&nbsp;8., 12:06<\/time><\/div>\n<div class=\"_6241b6d122e5e742b990b0cc d_ld\">\n<p class=\"e_cc d_jb speakable\" data-dot=\"ogm-article-perex\">Kytary m\u00edsto jadern\u00e9 munice. Atom Peace Fest 2025&nbsp;v&nbsp;b\u00fdval\u00e9m skladu jadern\u00e9 munice v&nbsp;M\u00ed\u0161ov\u011b na Rokycansku bude v&nbsp;sobotu 9.&nbsp;srpna jedin\u00fdm rockov\u00fdm festivalem v&nbsp;\u010cesku, kter\u00fd se sv\u00fdm n\u00e1zvem hl\u00e1s\u00ed k&nbsp;m\u00edru.<\/p>\n<\/div>\n<div class=\"_6241b6de22e5e742b990b0cd d_ld\">\n<div class=\"d_f\" data-e2e=\"ogm-article-layout\">\n<article class=\"d_jx\" role=\"article\" aria-labelledby=\"accessibility-article\">\n<h6 id=\"accessibility-article\" class=\"e_n atm-headline-h6 e_g\">\u010cl\u00e1nek<\/h6>\n<div class=\"d_go\" data-dot=\"ogm-article-content\">\n<div class=\"f_gp f_cD f_cD\">\n<div class=\"f_cc speakable\" data-dot=\"mol-paragraph\">\n<p class=\"e_cc\"><span class=\"atm-text-decorator\">Patronem nekomer\u010dn\u00edho a&nbsp;nepolitick\u00e9ho festivalu bude bojovn\u00edk za sv\u011btov\u00fd m\u00edr Francis Gary Powers Jr., syn slavn\u00e9ho stejnojmenn\u00e9ho americk\u00e9ho pilota, sest\u0159elen\u00e9ho za studen\u00e9 v\u00e1lky v&nbsp;roce 1960&nbsp;Rusy v&nbsp;oblasti Sverdlovska a&nbsp;pot\u00e9 vym\u011bn\u011bn\u00e9ho za rusk\u00e9ho \u0161piona Rudolfa Ivanovi\u010de Abela.<\/span><\/p>\n<\/div>\n<div class=\"f_cc speakable\" data-dot=\"mol-paragraph\">\n<p class=\"e_cc\"><span class=\"atm-text-decorator\">Kytary a&nbsp;hudba nahrad\u00ed symbolicky jadernou munici v&nbsp;b\u00fdval\u00e9m nejutajovan\u011bj\u0161\u00edm a&nbsp;nejst\u0159e\u017een\u011bj\u0161\u00edm m\u00edst\u011b \u010ceskoslovenska v&nbsp;M\u00ed\u0161ov\u011b v&nbsp;Brdech, v&nbsp;\u010dase od 14&nbsp;do 20&nbsp;hodin se vyst\u0159\u00eddaj\u00ed na podiu v&nbsp;Atommuzeu Javor 51&nbsp;postupn\u011b kapely Lords (Rokycany), Beer Reminder (Plze\u0148) s&nbsp;hostuj\u00edc\u00edm Lubom\u00edrem Chrisem Tolarem za hammondy, legend\u00e1rn\u00ed Folimanka Blues (Praha) v&nbsp;\u010dele s&nbsp;frontmanem Ladislavem Jaklem a&nbsp;skv\u011bl\u00fdm kytaristou Eugenem P\u00e1l Bal\u00e1zsem, te\u010dku obstar\u00e1 Wenda Gang (Plze\u0148). Fest\u00edk nab\u00eddne mix rockov\u00e9 klasiky a&nbsp;vlastn\u00ed tvorby, woodstockovou pohodu s&nbsp;m\u00edrov\u00fdm poselstv\u00edm, vstupn\u00e9 je dobrovoln\u00e9.<\/span><\/p>\n<\/div>\n<div class=\"f_cc speakable\" data-dot=\"mol-paragraph\">\n<p class=\"e_cc\"><span class=\"atm-text-decorator\">V M\u00ed\u0161ov\u011b bylo v&nbsp;letech 1968&nbsp;\u2013 1990&nbsp;ulo\u017eeno ve dvou podzemn\u00edch depotech 120&nbsp;jadern\u00fdch hlavic, objekt st\u0159e\u017eilo 170&nbsp;sov\u011btsk\u00fdch voj\u00e1k\u016f ze speci\u00e1ln\u00ed jednotky. Je jedin\u00fdm b\u00fdval\u00fdm skladem jadern\u00e9 munice na sv\u011bt\u011b, otev\u0159en\u00fdm pro ve\u0159ejnost a&nbsp;host\u00edc\u00edm rockov\u00fd festival.<\/span><\/p>\n<\/div>\n<div class=\"f_gq\" data-dot=\"mol-self-promo\">\n<div class=\"f_h5 js-ad f_cC\">&nbsp;<\/div>\n<\/div>\n<div class=\"f_cc speakable\" data-dot=\"mol-paragraph\">\n<p class=\"e_cc\"><span class=\"atm-text-decorator\"><span class=\"e_aj\">\u201eAtom Peace Fest 2025&nbsp;v&nbsp;Atommuzeu Javor 51&nbsp;nese silnou my\u0161lenku a&nbsp;jsem hrd\u00fdm patronem t\u00e9to rockov\u00e9 akce. Ka\u017ed\u00fd hlas pro sv\u011btov\u00fd m\u00edr se po\u010d\u00edt\u00e1, zejm\u00e9na v&nbsp;dne\u0161n\u00ed turbulentn\u00ed dob\u011b,\u201c<\/span>&nbsp;uvedl Francis Gary Powers.<\/span><\/p>\n<\/div>\n<div class=\"f_cc speakable\" data-dot=\"mol-paragraph\">\n<p class=\"e_cc\"><span class=\"atm-text-decorator\">Pilot Francis Gary Powers, jeho\u017e letoun Lockheed U-2&nbsp;sest\u0159elili Rusov\u00e9, zahynul v&nbsp;Los Angeles v&nbsp;roce 1977&nbsp;p\u0159i p\u00e1du j\u00edm pilotovan\u00e9ho vrtuln\u00edku v&nbsp;dob\u011b, kdy jeho synovi bylo 12&nbsp;let. Poh\u0159ben byl na v\u011bhlasn\u00e9m Arlingtonsk\u00e9m n\u00e1rodn\u00edm h\u0159bitov\u011b. Powers junior se stal v\u00fdznamn\u00fdm bojovn\u00edkem za m\u00edr a&nbsp;p\u0159\u00e1telstv\u00ed mezi n\u00e1rody, zalo\u017eil v&nbsp;USA Muzeum a&nbsp;Nadaci studen\u00e9 v\u00e1lky. Nav\u0161t\u00edvil i&nbsp;Atommuzeum v&nbsp;M\u00ed\u0161ov\u011b, v&nbsp;n\u011bm\u017e se apolitick\u00fd Atom Peace Fest s&nbsp;p\u0159isp\u011bn\u00edm Plze\u0148sk\u00e9ho kraje kon\u00e1, a&nbsp;stal se p\u0159\u00edtelem V\u00e1clava V\u00edtovce, zakladatele Nadace \u017eelezn\u00e9 opony a&nbsp;Atommuzea. O&nbsp;v\u00fdm\u011bn\u011b pilota Powerse byl nato\u010den oscarov\u00fd hollywoodsk\u00fd film Stevena Spielberga s&nbsp;n\u00e1zvem Most \u0161pion\u016f.<\/span><\/p>\n<\/div>\n<div class=\"f_cc speakable\" data-dot=\"mol-paragraph\">\n<p class=\"e_cc\"><span class=\"atm-text-decorator\">Mottem festivalu op\u011bt bude v\u011bta z&nbsp;Russel&nbsp;\u2013 Einstein manifestu z&nbsp;roku 1955:&nbsp;<span class=\"e_aj\">Ve jm\u00e9nu v\u011bdy a&nbsp;zdrav\u00e9ho rozumu&nbsp;\u2013 ve v\u011bku, v&nbsp;n\u011bm\u017e jadern\u00e9 zbran\u011b ohro\u017euj\u00ed dal\u0161\u00ed existenci lidstva, je t\u0159eba se z\u0159\u00edci v\u00e1lek<\/span>. Albert Einstein i&nbsp;britsk\u00fd filozof a&nbsp;matematik Bertrand Russel m\u011bli v&nbsp;roce 1955&nbsp;v\u00edce rozumu ne\u017e mnoz\u00ed dne\u0161n\u00ed politici, kte\u0159\u00ed vyt\u011bsnili slovo m\u00edr ze sv\u00e9ho slovn\u00edku a&nbsp;neust\u00e1le stra\u0161\u00ed v\u00e1lkou. Je povinnost\u00ed vrcholov\u00fdch politik\u016f na cel\u00e9m sv\u011bt\u011b denn\u011b a&nbsp;hlasit\u011b br\u00e1nit m\u00edr v\u0161emi diplomatick\u00fdmi prost\u0159edky&nbsp;\u2013 a&nbsp;oni tak ne\u010din\u00ed, mnoz\u00ed nap\u011bt\u00ed ve sv\u011bt\u011b naopak eskaluj\u00ed. Ale neuv\u011bdomuj\u00ed si, \u017ee t\u0159et\u00ed sv\u011btov\u00e1 v\u00e1lka by sv\u011bt a&nbsp;zbytky lidstva vr\u00e1tila do prav\u011bku, bez ohledu na hranice, zn\u00ed poselstv\u00ed festivalu, kter\u00fd explicitn\u011b spojuje hudbu s&nbsp;poselstv\u00edm proti jadern\u00e9mu zbrojen\u00ed a&nbsp;v\u00e1lk\u00e1m..<\/span><\/p>\n<\/div>\n<div class=\"f_cc speakable\" data-dot=\"mol-paragraph\">\n<p class=\"e_cc\"><span class=\"atm-text-decorator\">\u010cepovat na akci se bude festivalov\u00fd speci\u00e1l Atomic Peace Beer z&nbsp;\u0159emesln\u00e9ho pivovaru Joe\u00b4s Garage v\u011bhlasn\u00e9ho sl\u00e1dka Josefa Kr\u00fdsla.<\/span><\/p>\n<\/div>\n<\/div>\n<\/div>\n<\/article>\n<\/div>\n<\/div>\n","protected":false},"excerpt":{"rendered":"<p>Foto: Jaroslav Pomp V M\u00ed\u0161ov\u011b vystoup\u00ed i&nbsp;pra\u017esk\u00e1 legenda Folimanka Blues &nbsp;<\/p>\n","protected":false},"author":9,"featured_media":0,"comment_status":"open","ping_status":"open","sticky":false,"template":"","format":"standard","meta":{"ngg_post_thumbnail":0,"footnotes":""},"categories":[4,11],"tags":[],"class_list":["post-14764","post","type-post","status-publish","format-standard","hentry","category-hudba","category-ozvena"],"_links":{"self":[{"href":"https:\/\/www.ladislavjakl.cz\/index.php?rest_route=\/wp\/v2\/posts\/14764","targetHints":{"allow":["GET"]}}],"collection":[{"href":"https:\/\/www.ladislavjakl.cz\/index.php?rest_route=\/wp\/v2\/posts"}],"about":[{"href":"https:\/\/www.ladislavjakl.cz\/index.php?rest_route=\/wp\/v2\/types\/post"}],"author":[{"embeddable":true,"href":"https:\/\/www.ladislavjakl.cz\/index.php?rest_route=\/wp\/v2\/users\/9"}],"replies":[{"embeddable":true,"href":"https:\/\/www.ladislavjakl.cz\/index.php?rest_route=%2Fwp%2Fv2%2Fcomments&post=14764"}],"version-history":[{"count":1,"href":"https:\/\/www.ladislavjakl.cz\/index.php?rest_route=\/wp\/v2\/posts\/14764\/revisions"}],"predecessor-version":[{"id":14765,"href":"https:\/\/www.ladislavjakl.cz\/index.php?rest_route=\/wp\/v2\/posts\/14764\/revisions\/14765"}],"wp:attachment":[{"href":"https:\/\/www.ladislavjakl.cz\/index.php?rest_route=%2Fwp%2Fv2%2Fmedia&parent=14764"}],"wp:term":[{"taxonomy":"category","embeddable":true,"href":"https:\/\/www.ladislavjakl.cz\/index.php?rest_route=%2Fwp%2Fv2%2Fcategories&post=14764"},{"taxonomy":"post_tag","embeddable":true,"href":"https:\/\/www.ladislavjakl.cz\/index.php?rest_route=%2Fwp%2Fv2%2Ftags&post=14764"}],"curies":[{"name":"wp","href":"https:\/\/api.w.org\/{rel}","templated":true}]}}