{"id":14767,"date":"2025-08-07T17:50:24","date_gmt":"2025-08-07T15:50:24","guid":{"rendered":"https:\/\/www.ladislavjakl.cz\/?p=14767"},"modified":"2025-08-07T17:50:42","modified_gmt":"2025-08-07T15:50:42","slug":"co-delat-az-vas-vypnou","status":"publish","type":"post","link":"https:\/\/www.ladislavjakl.cz\/?p=14767","title":{"rendered":"Co d\u011blat, a\u017e v\u00e1s vypnou"},"content":{"rendered":"<p>Zem\u011b EU ovl\u00e1dlo militaristick\u00e9 t\u0159e\u0161t\u011bn\u00ed. A ovl\u00e1dlo i \u010deskou spol\u010denost. M\u00edr je sprost\u00e9 slovo, diplomacie je forma appeasementu, ka\u017ed\u00e1 koruna zbroja\u0159\u016fm je dobr\u00e1 koruna.<\/p>\n<p><!--more--><\/p>\n<p>\u010clov\u011bk by \u0159ekl, \u017ee je to spr\u00e1vn\u00e9 v&nbsp;dob\u011b, kdy v&nbsp;Evrop\u011b vybuchuj\u00ed vlaky, metra, autobusy, \u00fato\u010d\u00ed se no\u017ei a ma\u010detami, kdy do bukolick\u00e9 selanky pronikly miliony mlad\u00fdch mu\u017e\u016f z&nbsp;kulturn\u011b a etnicky zcela jin\u00fdch kon\u010din. N\u011bkter\u00e1 m\u00edsta u\u017e nelze br\u00e1nit, ta u\u017e je nutno br\u00e1t si zp\u011bt.<\/p>\n<p>Jen\u017ee o lep\u0161\u00ed kontrole vn\u011bj\u0161\u00ed schengensk\u00e9 hranice nebo pop\u0159\u00edpad\u011b o znovuzaveden\u00ed hrani\u010dn\u00edho re\u017eimu mezi \u010dlensk\u00fdmi zem\u011bmi Schengenu tady nikdo moc nemluv\u00ed. Ani o nastolen\u00ed po\u0159\u00e1dku v&nbsp;ulic\u00edch metropol\u00ed. Mluv\u00ed se o stiha\u010dk\u00e1ch, bombard\u00e9rech, raket\u00e1ch, k\u0159i\u017en\u00edc\u00edch, d\u011blech a tanc\u00edch. No, n\u011bkter\u00e9 n\u00e1rody si libuj\u00ed v&nbsp;p\u00edsn\u00edch, jin\u00e9 zase v&nbsp;tanc\u00edch.<\/p>\n<p>Tyhle bojov\u00e9 p\u0159esmy\u010dky se zat\u00edm d\u011bj\u00ed sp\u00ed\u0161e v&nbsp;hlav\u00e1ch, na politick\u00e9 sc\u00e9n\u011b a ve spole\u010densk\u00e9m klimatu. Ale brzy se prom\u00edtnou i do ve\u0159ejn\u00fdch n\u00e1klad\u016f a n\u00e1sledn\u011b tak\u00e9 do m\u00edry bojechtivosti nov\u011b nadupan\u00fdch a nov\u011b zaplacen\u00fdch lid\u00ed v&nbsp;mask\u00e1\u010d\u00edch, hol\u00ednk\u00e1ch a helm\u00e1ch. Kv\u016fli bezpe\u010d\u00ed v&nbsp;ulic\u00edch to nen\u00ed. Je to pr\u00fd kv\u016fli glob\u00e1ln\u00edm rizik\u016fm. Sice nem\u00e1me s&nbsp;nik\u00fdm \u017e\u00e1dn\u00fd spor na na\u0161i voj\u00e1ci dosud st\u0159\u00edleli p\u0159ev\u00e1\u017en\u011b na domorodce kdesi v&nbsp;dalek\u00fdch pou\u0161t\u00edch a hor\u00e1ch, ale spole\u010densky bonifikovan\u00fd postoj je ten, \u017ee u\u017eu\u017e n\u00e1s chce n\u011bkdo napadnout a je t\u0159eba b\u00fdt p\u0159ipraven, mo\u017en\u00e1 i k&nbsp;preventivn\u00edmu \u00faderu.<\/p>\n<p>To cel\u00e9 se hal\u00ed do dojemn\u00fdch slov pln\u00fdch starosti o bezpe\u010d\u00ed ob\u010dan\u016f. Pak se ale za\u010dalo od konce. Kdyby opravdu v\u00e1\u017en\u011b m\u011bl st\u00e1t starost o bezpe\u010d\u00ed civilist\u016f, kdyby opravdu situaci vyhodnotil tak, \u017ee na\u0161im rodin\u00e1m bezprost\u0159edn\u011b hroz\u00ed v\u00e1le\u010dn\u00e9 utrpen\u00ed, bylo by to d\u00e1vno vid\u011bt.<\/p>\n<p>Prvn\u00ed starost\u00ed by bylo budov\u00e1n\u00ed kryt\u016f, podzemn\u00edch nemocnic, \u00fanikov\u00fdch z\u00f3n, lidem by se rozd\u00e1valy ochrann\u00e9 pom\u016fcky a evakua\u010dn\u00ed pl\u00e1ny, na \u0161kol\u00e1ch a pracovi\u0161t\u00edch by prob\u00edhala cvi\u010den\u00ed civiln\u00ed obrany. Nic z&nbsp;toho se ale ned\u011bje. Je to v\u0161e jen \u201ejako\u201c. Jako kdyby nikdo nev\u011b\u0159il \u017ee na\u0161im lidem n\u011bco re\u00e1ln\u011b hroz\u00ed, a jako kdyby tu n\u011bkdo spol\u00e9hal na to, \u017ee glob\u00e1ln\u00ed spory se dnes vedou n\u011bkde v&nbsp;po\u010d\u00edta\u010di.<\/p>\n<p>Proto se mi nechce \u0161mahem odsuzovat na prvn\u00ed pohled trochu hysterickou iniciativu ministerstva vnitra, kter\u00e9 za\u010dalo rozes\u00edlat lidem manu\u00e1l, jak se chovat p\u0159i krizi, kdy nep\u016fjde proud, nepote\u010de voda a vypadne z\u00e1sobov\u00e1n\u00ed. To u\u017e m\u011blo b\u00fdt d\u00e1vno. Hav\u00e1rie, po\u017e\u00e1ry, p\u0159\u00edrodn\u00ed pohromy, \u00faniky chemick\u00fdch l\u00e1tek, v\u00fdbuchy v&nbsp;rizikov\u00fdch technologick\u00fdch firm\u00e1ch, to u\u017e tady p\u0159ece bylo a ur\u010dit\u011b op\u011bt bude. A jestli se k&nbsp;t\u011bmto rizik\u016fm \u00fadajn\u011b p\u0159id\u00e1v\u00e1 i riziko p\u0159\u00edm\u00e9ho vojensk\u00e9ho ohro\u017een\u00ed, pak maj\u00ed lid\u00e9 dostat z\u00e1kladn\u00ed informace o tom, jak se l\u00e9pe chr\u00e1nit. Ale ne v&nbsp;n\u011bjak\u00e9 jednor\u00e1zov\u00e9 hur\u00e1akci, ale dlouhodob\u011b, postupn\u011b, od \u0161kol, od m\u00e9di\u00ed, od obc\u00ed, od st\u00e1tn\u00ed spr\u00e1vy.<\/p>\n<p>Tak\u017ee co se mi \u0161mahem nechce odsuzovat, nemohu \u0161mahem ani kdov\u00edjak chv\u00e1lit. Ona iniciativa toti\u017e smrd\u00ed. Smrd\u00ed strachem z&nbsp;v\u00fdpadk\u016f proudu kv\u016fli \u0161\u00edlen\u00e9mu boji s&nbsp;podneb\u00edm. Nen\u00ed to vojensk\u00e9 ohro\u017een\u00ed, na co si m\u00e1me zvykat. M\u00e1 to b\u00fdt trval\u00fd stav nejistoty, \u017ee na elektrick\u00fd proud u\u017e nebude spolehnut\u00ed, proto\u017ee mus\u00edme bojovat s&nbsp;kysli\u010dn\u00edkem uhli\u010dit\u00fdm.<\/p>\n<p>No, a\u0165 u\u017e je to sodovkov\u00fd plyn nebo n\u011bjak\u00e1 vzd\u00e1len\u00e1 velmoc, v\u017edy je dobr\u00e9 p\u011bstovat obraz nep\u0159\u00edtele, kdy\u017e chcete utahovat \u0161rouby.&nbsp;&nbsp; &nbsp;&nbsp;&nbsp;&nbsp;<\/p>\n<p>Ladislav Jakl, 7. 8. 2025<\/p>\n","protected":false},"excerpt":{"rendered":"<p>Zem\u011b EU ovl\u00e1dlo militaristick\u00e9 t\u0159e\u0161t\u011bn\u00ed. A ovl\u00e1dlo i \u010deskou spol\u010denost. M\u00edr je sprost\u00e9 slovo, diplomacie je forma appeasementu, ka\u017ed\u00e1 koruna zbroja\u0159\u016fm je dobr\u00e1 koruna.<\/p>\n","protected":false},"author":9,"featured_media":0,"comment_status":"open","ping_status":"open","sticky":false,"template":"","format":"standard","meta":{"ngg_post_thumbnail":0,"footnotes":""},"categories":[1],"tags":[],"class_list":["post-14767","post","type-post","status-publish","format-standard","hentry","category-publikovane-clanky"],"_links":{"self":[{"href":"https:\/\/www.ladislavjakl.cz\/index.php?rest_route=\/wp\/v2\/posts\/14767","targetHints":{"allow":["GET"]}}],"collection":[{"href":"https:\/\/www.ladislavjakl.cz\/index.php?rest_route=\/wp\/v2\/posts"}],"about":[{"href":"https:\/\/www.ladislavjakl.cz\/index.php?rest_route=\/wp\/v2\/types\/post"}],"author":[{"embeddable":true,"href":"https:\/\/www.ladislavjakl.cz\/index.php?rest_route=\/wp\/v2\/users\/9"}],"replies":[{"embeddable":true,"href":"https:\/\/www.ladislavjakl.cz\/index.php?rest_route=%2Fwp%2Fv2%2Fcomments&post=14767"}],"version-history":[{"count":1,"href":"https:\/\/www.ladislavjakl.cz\/index.php?rest_route=\/wp\/v2\/posts\/14767\/revisions"}],"predecessor-version":[{"id":14768,"href":"https:\/\/www.ladislavjakl.cz\/index.php?rest_route=\/wp\/v2\/posts\/14767\/revisions\/14768"}],"wp:attachment":[{"href":"https:\/\/www.ladislavjakl.cz\/index.php?rest_route=%2Fwp%2Fv2%2Fmedia&parent=14767"}],"wp:term":[{"taxonomy":"category","embeddable":true,"href":"https:\/\/www.ladislavjakl.cz\/index.php?rest_route=%2Fwp%2Fv2%2Fcategories&post=14767"},{"taxonomy":"post_tag","embeddable":true,"href":"https:\/\/www.ladislavjakl.cz\/index.php?rest_route=%2Fwp%2Fv2%2Ftags&post=14767"}],"curies":[{"name":"wp","href":"https:\/\/api.w.org\/{rel}","templated":true}]}}