{"id":1478,"date":"2012-02-13T10:49:40","date_gmt":"2012-02-13T09:49:40","guid":{"rendered":"http:\/\/www.ladislavjakl.cz\/?p=1478"},"modified":"2012-02-13T10:49:40","modified_gmt":"2012-02-13T09:49:40","slug":"ladislav-jakl-na-radiozurnalu","status":"publish","type":"post","link":"https:\/\/www.ladislavjakl.cz\/?p=1478","title":{"rendered":"Ladislav Jakl na Radio\u017eurn\u00e1lu&#8230;"},"content":{"rendered":"<p>&#8230; k p\u0159\u00edm\u00e9 volb\u011b prezidenta republiky, 8. 2. 012, 18.12 h<\/p>\n<p><!--more--><\/p>\n<p>Audio <a href=\"http:\/\/prehravac.rozhlas.cz\/audio\/2552331\" target=\"_blank\">ZDE<\/a><\/p>\n","protected":false},"excerpt":{"rendered":"<p>&#8230; k p\u0159\u00edm\u00e9 volb\u011b prezidenta republiky, 8. 2. 012, 18.12 h<\/p>\n","protected":false},"author":1,"featured_media":0,"comment_status":"open","ping_status":"open","sticky":false,"template":"","format":"standard","meta":{"ngg_post_thumbnail":0,"footnotes":""},"categories":[13],"tags":[],"class_list":["post-1478","post","type-post","status-publish","format-standard","hentry","category-rozhovory"],"_links":{"self":[{"href":"https:\/\/www.ladislavjakl.cz\/index.php?rest_route=\/wp\/v2\/posts\/1478","targetHints":{"allow":["GET"]}}],"collection":[{"href":"https:\/\/www.ladislavjakl.cz\/index.php?rest_route=\/wp\/v2\/posts"}],"about":[{"href":"https:\/\/www.ladislavjakl.cz\/index.php?rest_route=\/wp\/v2\/types\/post"}],"author":[{"embeddable":true,"href":"https:\/\/www.ladislavjakl.cz\/index.php?rest_route=\/wp\/v2\/users\/1"}],"replies":[{"embeddable":true,"href":"https:\/\/www.ladislavjakl.cz\/index.php?rest_route=%2Fwp%2Fv2%2Fcomments&post=1478"}],"version-history":[{"count":2,"href":"https:\/\/www.ladislavjakl.cz\/index.php?rest_route=\/wp\/v2\/posts\/1478\/revisions"}],"predecessor-version":[{"id":1480,"href":"https:\/\/www.ladislavjakl.cz\/index.php?rest_route=\/wp\/v2\/posts\/1478\/revisions\/1480"}],"wp:attachment":[{"href":"https:\/\/www.ladislavjakl.cz\/index.php?rest_route=%2Fwp%2Fv2%2Fmedia&parent=1478"}],"wp:term":[{"taxonomy":"category","embeddable":true,"href":"https:\/\/www.ladislavjakl.cz\/index.php?rest_route=%2Fwp%2Fv2%2Fcategories&post=1478"},{"taxonomy":"post_tag","embeddable":true,"href":"https:\/\/www.ladislavjakl.cz\/index.php?rest_route=%2Fwp%2Fv2%2Ftags&post=1478"}],"curies":[{"name":"wp","href":"https:\/\/api.w.org\/{rel}","templated":true}]}}