{"id":14787,"date":"2025-09-04T13:36:27","date_gmt":"2025-09-04T11:36:27","guid":{"rendered":"https:\/\/www.ladislavjakl.cz\/?p=14787"},"modified":"2025-09-04T13:36:49","modified_gmt":"2025-09-04T11:36:49","slug":"proc-byt-moudry-kdyz-to-neni-nutne","status":"publish","type":"post","link":"https:\/\/www.ladislavjakl.cz\/?p=14787","title":{"rendered":"Pro\u010d b\u00fdt moudr\u00fd, kdy\u017e to nen\u00ed nutn\u00e9"},"content":{"rendered":"<p><span style=\"font-family: Arial, sans-serif;\"><span style=\"font-size: medium;\"><i>Jsme slab\u00ed. M\u016f\u017eeme si to dovolit. Nemus\u00edme denn\u011b bojovat o p\u0159e\u017eit\u00ed. <\/i><\/span><\/span><\/p>\n<p><span style=\"font-family: Arial, sans-serif;\"><span style=\"font-size: medium;\"><i>Na\u0161i d\u00e1vn\u00ed p\u0159edkov\u00e9 museli. Denn\u011b \u010delili pred\u00e1tor\u016fm, drsn\u00fdm \u017eivotn\u00edm podm\u00ednk\u00e1m, tlup\u00e1m nep\u0159\u00e1tel, museli ulovit ko\u0159ist, zajistit sob\u011b a sv\u00e9mu rodu ob\u017eivu a ochranu. Jsme potomky t\u011bch nejsiln\u011bj\u0161\u00edch. T\u011bch, co p\u0159e\u017eili.<\/i><\/span><\/span><\/p>\n<p><!--more--><\/p>\n<p><span style=\"font-family: Arial, sans-serif;\"><span style=\"font-size: medium;\">Dnes s\u00edlu nepot\u0159ebujeme. M\u00e1me traktory, a ne \u017ee ne. M\u00e1me stroje, n\u00e1stroje, p\u0159\u00edstroje. Sta\u010d\u00ed zat\u00e1hnout za p\u00e1\u010dku \u010di zm\u00e1\u010dknout knofl\u00edk. Kosti n\u00e1m sl\u00e1bnou, svaly atrofuj\u00ed. Proto\u017ee p\u0159e\u017eij\u00ed a d\u00e1l se mno\u017e\u00ed i ti, co by kdysi zhynuli a vyhynuli. <\/span><\/span><\/p>\n<p><span style=\"font-family: Arial, sans-serif;\"><span style=\"font-size: medium;\"><b>Hloupneme<\/b><\/span><\/span><\/p>\n<p><span style=\"font-family: Arial, sans-serif;\"><span style=\"font-size: medium;\">Nepot\u0159ebujeme ani vn\u00edmavost a bystr\u00e9 smysly. Nepot\u0159ebujeme vlastn\u00ed autentickou zku\u0161enost a vlastn\u00ed poznatky z\u00edskan\u00e9 sv\u00fdm pozorov\u00e1n\u00edm a vyhodnocov\u00e1n\u00edm pozorovan\u00e9ho. Kdysi se na\u0161i p\u0159edkov\u00e9 \u0159\u00eddili p\u0159edev\u0161\u00edm vlastn\u00edm individu\u00e1ln\u00edm pozn\u00e1n\u00edm a vlastn\u00edmi zku\u0161enostmi. Dnes naprostou v\u011bt\u0161inu toho, co \u201ev\u00edme\u201c o sv\u011bt\u011b, jsme sami nevyzkoumali a neodpozorovali. Poznatky p\u0159ej\u00edm\u00e1me a v\u011b\u0159\u00edme t\u011bm obecn\u011b sd\u00edlen\u00fdm. Posm\u00edv\u00e1me se lidem, kte\u0159\u00ed jsou skepti\u010dt\u00ed ke zprost\u0159edkovan\u00e9 zku\u0161enosti, kterou my pova\u017eujeme za danou a samoz\u0159ejmou, p\u0159esto\u017ee jsme se o ni sami na vlastn\u00ed k\u016f\u017ei nep\u0159esv\u011bd\u010dili. Sami jsme si neohmatali, neo\u010dichali, neochutnali. Ale m\u00e1me rozum a d\u0159\u00edv\u011bj\u0161\u00ed dostupn\u00e9 zku\u0161enosti druh\u00fdch porovn\u00e1v\u00e1me, p\u0159em\u00fd\u0161l\u00edme o nich, sna\u017e\u00edme se vyhodnocovat a ov\u011b\u0159ovat jejich platnost. <\/span><\/span><\/p>\n<p><span style=\"font-family: Arial, sans-serif;\"><span style=\"font-size: medium;\">Ale to u\u017e tak\u00e9 p\u0159est\u00e1v\u00e1 b\u00fdt u\u017eite\u010dn\u00e9. A tak hloupneme. Proto\u017ee si to m\u016f\u017eeme dovolit. Mysl\u00ed za n\u00e1s chytr\u00e9 krabi\u010dky. Tam najdeme n\u00e1vod na to, jak vypracovat \u017e\u00e1dost o dotaci, a seznam p\u0159\u00edkaz\u016f a z\u00e1kaz\u016f, podle nich\u017e se m\u00e1me chovat. A kdy\u017e se chov\u00e1me, nic se n\u00e1m nem\u016f\u017ee st\u00e1t.<\/span><\/span><\/p>\n<p><span style=\"font-family: Arial, sans-serif;\"><span style=\"font-size: medium;\">Jsme slab\u00ed, proto\u017ee nepot\u0159ebujeme b\u00fdt siln\u00ed. Jsme d\u016fv\u011b\u0159iv\u00ed ke zdroj\u016fm, proto\u017ee nepot\u0159ebujeme m\u00edt vlastn\u00ed zku\u0161enost. Jsme hloup\u00ed, proto\u017ee si to m\u016f\u017eeme dovolit, rozum k&nbsp;p\u0159e\u017eit\u00ed nepot\u0159ebujeme. M\u00edt dispozice, kter\u00e9 nutn\u011b nepot\u0159ebujeme, n\u00e1s jen zat\u011b\u017euje. Proto je odhazujeme. A jako jsme odhodili svaly, odhazujeme nyn\u00ed i mozek.<\/span><\/span><\/p>\n<p><a name=\"_GoBack\"><\/a><span style=\"font-family: Arial, sans-serif;\"><span style=\"font-size: medium;\">Na co by n\u00e1m bilo mi\u0161len\u00ed. To jen unavuje a spo\u010debov\u00e1v\u00e1 energyji. Blb\u00ed svjet bude \u0161\u0165asn\u00fd svjet. T\u00edm vobjevime smisl \u017eyvota. A tim smislem je \u2026 o \u010dem jsme to? Brchl\u00e1 zum klis kaso \u010douhlu. J\u00e1tybo olpytv\u00ed.<\/span><\/span><\/p>\n<p>\u010dasopis TO \u010d. 8\/2025<\/p>\n","protected":false},"excerpt":{"rendered":"<p>Jsme slab\u00ed. M\u016f\u017eeme si to dovolit. Nemus\u00edme denn\u011b bojovat o p\u0159e\u017eit\u00ed. Na\u0161i d\u00e1vn\u00ed p\u0159edkov\u00e9 museli. Denn\u011b \u010delili pred\u00e1tor\u016fm, drsn\u00fdm \u017eivotn\u00edm podm\u00ednk\u00e1m, tlup\u00e1m nep\u0159\u00e1tel, museli ulovit ko\u0159ist, zajistit sob\u011b a sv\u00e9mu rodu ob\u017eivu a ochranu. Jsme potomky t\u011bch nejsiln\u011bj\u0161\u00edch. T\u011bch, co p\u0159e\u017eili.<\/p>\n","protected":false},"author":9,"featured_media":0,"comment_status":"open","ping_status":"open","sticky":false,"template":"","format":"standard","meta":{"ngg_post_thumbnail":0,"footnotes":""},"categories":[1],"tags":[],"class_list":["post-14787","post","type-post","status-publish","format-standard","hentry","category-publikovane-clanky"],"_links":{"self":[{"href":"https:\/\/www.ladislavjakl.cz\/index.php?rest_route=\/wp\/v2\/posts\/14787","targetHints":{"allow":["GET"]}}],"collection":[{"href":"https:\/\/www.ladislavjakl.cz\/index.php?rest_route=\/wp\/v2\/posts"}],"about":[{"href":"https:\/\/www.ladislavjakl.cz\/index.php?rest_route=\/wp\/v2\/types\/post"}],"author":[{"embeddable":true,"href":"https:\/\/www.ladislavjakl.cz\/index.php?rest_route=\/wp\/v2\/users\/9"}],"replies":[{"embeddable":true,"href":"https:\/\/www.ladislavjakl.cz\/index.php?rest_route=%2Fwp%2Fv2%2Fcomments&post=14787"}],"version-history":[{"count":2,"href":"https:\/\/www.ladislavjakl.cz\/index.php?rest_route=\/wp\/v2\/posts\/14787\/revisions"}],"predecessor-version":[{"id":14789,"href":"https:\/\/www.ladislavjakl.cz\/index.php?rest_route=\/wp\/v2\/posts\/14787\/revisions\/14789"}],"wp:attachment":[{"href":"https:\/\/www.ladislavjakl.cz\/index.php?rest_route=%2Fwp%2Fv2%2Fmedia&parent=14787"}],"wp:term":[{"taxonomy":"category","embeddable":true,"href":"https:\/\/www.ladislavjakl.cz\/index.php?rest_route=%2Fwp%2Fv2%2Fcategories&post=14787"},{"taxonomy":"post_tag","embeddable":true,"href":"https:\/\/www.ladislavjakl.cz\/index.php?rest_route=%2Fwp%2Fv2%2Ftags&post=14787"}],"curies":[{"name":"wp","href":"https:\/\/api.w.org\/{rel}","templated":true}]}}