{"id":14803,"date":"2025-09-14T15:18:46","date_gmt":"2025-09-14T13:18:46","guid":{"rendered":"https:\/\/www.ladislavjakl.cz\/?p=14803"},"modified":"2025-09-14T15:18:46","modified_gmt":"2025-09-14T13:18:46","slug":"konference-spolecnosti-pro-obranu-svobody-projevu","status":"publish","type":"post","link":"https:\/\/www.ladislavjakl.cz\/?p=14803","title":{"rendered":"KONFERENCE SPOLE\u010cNOSTI PRO OBRANU SVOBODY PROJEVU"},"content":{"rendered":"<p class=\"-wm-MsoNormal\">V\u00e1\u017een\u00ed a mil\u00ed \u00fa\u010dastn\u00edci st\u0159ede\u010dn\u00ed konference,<\/p>\n<p class=\"-wm-MsoNormal\">d\u011bkujeme za va\u0161i \u00fa\u010dast a pospolitou atmosf\u00e9ru, kterou se n\u00e1m poda\u0159ilo spole\u010dn\u011b vytvo\u0159it. Akce se celkem z\u00fa\u010dastnilo p\u0159es 120 host\u016f v\u010detn\u011b sou\u010dasn\u00fdch i b\u00fdval\u00fdch z\u00e1konod\u00e1rc\u016f, publicist\u016f, podnikatel\u016f, intelektu\u00e1l\u016f atd.<\/p>\n<p><!--more--><\/p>\n<p class=\"-wm-MsoNormal\">&nbsp;<\/p>\n<p class=\"-wm-MsoNormal\"><b>FOTOGRAFIE A Z\u00c1ZNAMY<\/b><\/p>\n<p class=\"-wm-MsoNormal\">N\u00ed\u017ee&nbsp;najdete odkazy na prvn\u00ed fotoalbum z&nbsp;cel\u00e9 akce a z\u00e1znam prvn\u00edho diskusn\u00edho panelu. Budeme r\u00e1di, kdy\u017e o akci budete informovat a v\u00fdstupy sd\u00edlet ve va\u0161ich kan\u00e1lech soci\u00e1ln\u00edch s\u00edt\u00ed nebo v \u010dl\u00e1nc\u00edch, kter\u00e9 pak pom\u016f\u017eeme \u0161\u00ed\u0159it. Dal\u0161\u00ed videoz\u00e1znamy (a fotky Michelle Adlerov\u00e9) budou k&nbsp;dispozici v&nbsp;nejbli\u017e\u0161\u00edch dnech a najdete je na na\u0161em YouTube kan\u00e1le.<\/p>\n<ul type=\"disc\">\n<li class=\"-wm-MsoListParagraph\"><a href=\"https:\/\/eu.zonerama.com\/SOSp\/Album\/13850656\" target=\"_blank\" rel=\"noopener\">https:\/\/eu.zonerama.com\/SOSp\/Album\/13850656<\/a>&nbsp;(fotky Barbory Sedl\u00e1\u010dkov\u00e9)<\/li>\n<li class=\"-wm-MsoListParagraph\"><a href=\"https:\/\/www.youtube.com\/watch?v=SuFx-QqTcLs\" target=\"_blank\" rel=\"noopener\">https:\/\/www.youtube.com\/watch?v=SuFx-QqTcLs<\/a><iframe loading=\"lazy\" src=\"https:\/\/www.youtube.com\/embed\/SuFx-QqTcLs\" width=\"640\" height=\"390\" frameborder=\"0\" data-mce-fragment=\"1\"><\/iframe>(z\u00e1znam prvn\u00edho panelu s&nbsp;\u00favodn\u00edm slovem)<\/li>\n<\/ul>\n<p class=\"-wm-MsoNormal\">&nbsp;<\/p>\n<p class=\"-wm-MsoNormal\">Va\u0161\u00ed pozornosti a&nbsp;<b>ke sd\u00edlen\u00ed<\/b>&nbsp;<b>doporu\u010dujeme<\/b><\/p>\n<ul type=\"disc\">\n<li class=\"-wm-MsoListParagraph\">1. d\u00edl odpov\u011bd\u00ed kandiduj\u00edc\u00edch stran na na\u0161e ot\u00e1zky ke svobod\u011b projevu (dal\u0161\u00ed d\u00edly budou na webu p\u0159ib\u00fdvat ka\u017ed\u00e9 2-3 dny)<br \/>\n<a href=\"https:\/\/www.sosp.cz\/predvolebni-odpovedi-2025-1\/\" target=\"_blank\" rel=\"noopener\">https:\/\/www.sosp.cz\/predvolebni-odpovedi-2025-1\/<\/a><\/li>\n<li class=\"-wm-MsoListParagraph\">Cenzurn\u00ed pasti v novele trestn\u00edho z\u00e1kon\u00edku<br \/>\n<a href=\"https:\/\/www.sosp.cz\/novela-trestniho-zakoniku-jako-dalsi-mozna-cesta-k-umlcovani-nepohodlnych-nazoru\/\" target=\"_blank\" rel=\"noopener\">https:\/\/www.sosp.cz\/novela-trestniho-zakoniku-jako-dalsi-mozna-cesta-k-umlcovani-nepohodlnych-nazoru\/<\/a><\/li>\n<li class=\"-wm-MsoListParagraph\">Jak EU financuje propagandu proti svobod\u011b projevu<br \/>\n<a href=\"https:\/\/www.sosp.cz\/jak-eu-financuje-propagandu-2\/\" target=\"_blank\" rel=\"noopener\">https:\/\/www.sosp.cz\/jak-eu-financuje-propagandu-2\/<\/a><\/li>\n<li class=\"-wm-MsoListParagraph\">Boj s&nbsp;nen\u00e1vist\u00ed jako n\u00e1stroj moci<br \/>\n<a href=\"https:\/\/www.sosp.cz\/nenavist-jako-nastroj-moci-cast-2\/\" target=\"_blank\" rel=\"noopener\">https:\/\/www.sosp.cz\/nenavist-jako-nastroj-moci-cast-2\/<\/a><\/li>\n<li class=\"-wm-MsoListParagraph\">A samoz\u0159ejm\u011b&nbsp;<b>nominace na ceny SOSP<\/b><br \/>\n<a href=\"https:\/\/www.zasvoboduprojevu.cz\/\" target=\"_blank\" rel=\"noopener\">https:\/\/www.zasvoboduprojevu.cz\/<\/a><\/li>\n<\/ul>\n","protected":false},"excerpt":{"rendered":"<p>V\u00e1\u017een\u00ed a mil\u00ed \u00fa\u010dastn\u00edci st\u0159ede\u010dn\u00ed konference, d\u011bkujeme za va\u0161i \u00fa\u010dast a pospolitou atmosf\u00e9ru, kterou se n\u00e1m poda\u0159ilo spole\u010dn\u011b vytvo\u0159it. Akce se celkem z\u00fa\u010dastnilo p\u0159es 120 host\u016f v\u010detn\u011b sou\u010dasn\u00fdch i b\u00fdval\u00fdch z\u00e1konod\u00e1rc\u016f, publicist\u016f, podnikatel\u016f, intelektu\u00e1l\u016f atd.<\/p>\n","protected":false},"author":9,"featured_media":0,"comment_status":"open","ping_status":"open","sticky":false,"template":"","format":"standard","meta":{"ngg_post_thumbnail":0,"footnotes":""},"categories":[11],"tags":[],"class_list":["post-14803","post","type-post","status-publish","format-standard","hentry","category-ozvena"],"_links":{"self":[{"href":"https:\/\/www.ladislavjakl.cz\/index.php?rest_route=\/wp\/v2\/posts\/14803","targetHints":{"allow":["GET"]}}],"collection":[{"href":"https:\/\/www.ladislavjakl.cz\/index.php?rest_route=\/wp\/v2\/posts"}],"about":[{"href":"https:\/\/www.ladislavjakl.cz\/index.php?rest_route=\/wp\/v2\/types\/post"}],"author":[{"embeddable":true,"href":"https:\/\/www.ladislavjakl.cz\/index.php?rest_route=\/wp\/v2\/users\/9"}],"replies":[{"embeddable":true,"href":"https:\/\/www.ladislavjakl.cz\/index.php?rest_route=%2Fwp%2Fv2%2Fcomments&post=14803"}],"version-history":[{"count":1,"href":"https:\/\/www.ladislavjakl.cz\/index.php?rest_route=\/wp\/v2\/posts\/14803\/revisions"}],"predecessor-version":[{"id":14804,"href":"https:\/\/www.ladislavjakl.cz\/index.php?rest_route=\/wp\/v2\/posts\/14803\/revisions\/14804"}],"wp:attachment":[{"href":"https:\/\/www.ladislavjakl.cz\/index.php?rest_route=%2Fwp%2Fv2%2Fmedia&parent=14803"}],"wp:term":[{"taxonomy":"category","embeddable":true,"href":"https:\/\/www.ladislavjakl.cz\/index.php?rest_route=%2Fwp%2Fv2%2Fcategories&post=14803"},{"taxonomy":"post_tag","embeddable":true,"href":"https:\/\/www.ladislavjakl.cz\/index.php?rest_route=%2Fwp%2Fv2%2Ftags&post=14803"}],"curies":[{"name":"wp","href":"https:\/\/api.w.org\/{rel}","templated":true}]}}