{"id":14806,"date":"2025-09-17T14:31:59","date_gmt":"2025-09-17T12:31:59","guid":{"rendered":"https:\/\/www.ladislavjakl.cz\/?p=14806"},"modified":"2025-09-17T14:31:59","modified_gmt":"2025-09-17T12:31:59","slug":"l-jakl-na-konferenci-spolecnosti-pro-obranu-svobody-projevu-svoboda-slova-a-narok-na-urcite-obsahy-nejsou-navzajem-slucitelne","status":"publish","type":"post","link":"https:\/\/www.ladislavjakl.cz\/?p=14806","title":{"rendered":"L. Jakl na konferenci Spole\u010dnosti pro obranu svobody projevu: Svoboda slova a n\u00e1rok na ur\u010dit\u00e9 obsahy nejsou navz\u00e1jem slu\u010diteln\u00e9"},"content":{"rendered":"<p><iframe loading=\"lazy\" title=\"Svoboda po projevu: Hranice suverenity - kdo je garantem svobody projevu \u010desk\u00fdch ob\u010dan\u016f\" width=\"500\" height=\"281\" src=\"https:\/\/www.youtube.com\/embed\/4YLQR0UjD2U?feature=oembed\" frameborder=\"0\" allow=\"accelerometer; autoplay; clipboard-write; encrypted-media; gyroscope; picture-in-picture; web-share\" referrerpolicy=\"strict-origin-when-cross-origin\" allowfullscreen><\/iframe><\/p>\n","protected":false},"excerpt":{"rendered":"","protected":false},"author":9,"featured_media":0,"comment_status":"open","ping_status":"open","sticky":false,"template":"","format":"standard","meta":{"ngg_post_thumbnail":0,"footnotes":""},"categories":[12],"tags":[],"class_list":["post-14806","post","type-post","status-publish","format-standard","hentry","category-video"],"_links":{"self":[{"href":"https:\/\/www.ladislavjakl.cz\/index.php?rest_route=\/wp\/v2\/posts\/14806","targetHints":{"allow":["GET"]}}],"collection":[{"href":"https:\/\/www.ladislavjakl.cz\/index.php?rest_route=\/wp\/v2\/posts"}],"about":[{"href":"https:\/\/www.ladislavjakl.cz\/index.php?rest_route=\/wp\/v2\/types\/post"}],"author":[{"embeddable":true,"href":"https:\/\/www.ladislavjakl.cz\/index.php?rest_route=\/wp\/v2\/users\/9"}],"replies":[{"embeddable":true,"href":"https:\/\/www.ladislavjakl.cz\/index.php?rest_route=%2Fwp%2Fv2%2Fcomments&post=14806"}],"version-history":[{"count":1,"href":"https:\/\/www.ladislavjakl.cz\/index.php?rest_route=\/wp\/v2\/posts\/14806\/revisions"}],"predecessor-version":[{"id":14807,"href":"https:\/\/www.ladislavjakl.cz\/index.php?rest_route=\/wp\/v2\/posts\/14806\/revisions\/14807"}],"wp:attachment":[{"href":"https:\/\/www.ladislavjakl.cz\/index.php?rest_route=%2Fwp%2Fv2%2Fmedia&parent=14806"}],"wp:term":[{"taxonomy":"category","embeddable":true,"href":"https:\/\/www.ladislavjakl.cz\/index.php?rest_route=%2Fwp%2Fv2%2Fcategories&post=14806"},{"taxonomy":"post_tag","embeddable":true,"href":"https:\/\/www.ladislavjakl.cz\/index.php?rest_route=%2Fwp%2Fv2%2Ftags&post=14806"}],"curies":[{"name":"wp","href":"https:\/\/api.w.org\/{rel}","templated":true}]}}