{"id":14814,"date":"2025-09-17T14:41:15","date_gmt":"2025-09-17T12:41:15","guid":{"rendered":"https:\/\/www.ladislavjakl.cz\/?p=14814"},"modified":"2025-09-17T14:41:15","modified_gmt":"2025-09-17T12:41:15","slug":"nove-album-dotoceno","status":"publish","type":"post","link":"https:\/\/www.ladislavjakl.cz\/?p=14814","title":{"rendered":"Nov\u00e9 album doto\u010deno!"},"content":{"rendered":"<p>Rockov\u00e1 kapela Ladislava Jakla Folimanka Blues v t\u011bchto dnech dokon\u010dila nahr\u00e1v\u00e1n\u00ed a m\u00edch\u00e1n\u00ed sv\u00e9ho nov\u00e9ho alba. To se bude Jmenovat Odpo\u010d\u00edvej v pokoji a vyjde jako klasick\u00e9 vinylov\u00e9 elp\u00ed\u010dko s otev\u00edrac\u00edm obalem a bukletem. Podle unikl\u00fdch informac\u00ed p\u016fjde o desku hudebn\u011b zcela p\u0159evratnou, nekonformn\u00ed a ryze alternativn\u00ed.<br \/>\nPokud by cht\u011bl n\u011bkdo toto album podpo\u0159it, m\u016f\u017ee tak u\u010dinit p\u0159\u00edsp\u011bvkem na konto<br \/>\n123-8346220277\/0100<\/p>\n<p><img loading=\"lazy\" decoding=\"async\" class=\"alignnone size-medium wp-image-14815\" src=\"https:\/\/www.ladislavjakl.cz\/wp-content\/uploads\/2025\/09\/Eugen-264x198.jpg\" alt=\"\" width=\"264\" height=\"198\" srcset=\"https:\/\/www.ladislavjakl.cz\/wp-content\/uploads\/2025\/09\/Eugen-264x198.jpg 264w, https:\/\/www.ladislavjakl.cz\/wp-content\/uploads\/2025\/09\/Eugen-900x675.jpg 900w, https:\/\/www.ladislavjakl.cz\/wp-content\/uploads\/2025\/09\/Eugen-768x576.jpg 768w, https:\/\/www.ladislavjakl.cz\/wp-content\/uploads\/2025\/09\/Eugen-1536x1152.jpg 1536w, https:\/\/www.ladislavjakl.cz\/wp-content\/uploads\/2025\/09\/Eugen-2048x1536.jpg 2048w\" sizes=\"auto, (max-width: 264px) 100vw, 264px\" \/><img loading=\"lazy\" decoding=\"async\" class=\"alignnone size-medium wp-image-14816\" src=\"https:\/\/www.ladislavjakl.cz\/wp-content\/uploads\/2025\/09\/Hadzi-264x198.jpg\" alt=\"\" width=\"264\" height=\"198\" srcset=\"https:\/\/www.ladislavjakl.cz\/wp-content\/uploads\/2025\/09\/Hadzi-264x198.jpg 264w, https:\/\/www.ladislavjakl.cz\/wp-content\/uploads\/2025\/09\/Hadzi-900x675.jpg 900w, https:\/\/www.ladislavjakl.cz\/wp-content\/uploads\/2025\/09\/Hadzi-768x576.jpg 768w, https:\/\/www.ladislavjakl.cz\/wp-content\/uploads\/2025\/09\/Hadzi-1536x1152.jpg 1536w, https:\/\/www.ladislavjakl.cz\/wp-content\/uploads\/2025\/09\/Hadzi-2048x1536.jpg 2048w\" sizes=\"auto, (max-width: 264px) 100vw, 264px\" \/><img loading=\"lazy\" decoding=\"async\" class=\"alignnone size-medium wp-image-14817\" src=\"https:\/\/www.ladislavjakl.cz\/wp-content\/uploads\/2025\/09\/klavesy-264x198.jpg\" alt=\"\" width=\"264\" height=\"198\" srcset=\"https:\/\/www.ladislavjakl.cz\/wp-content\/uploads\/2025\/09\/klavesy-264x198.jpg 264w, https:\/\/www.ladislavjakl.cz\/wp-content\/uploads\/2025\/09\/klavesy-900x675.jpg 900w, https:\/\/www.ladislavjakl.cz\/wp-content\/uploads\/2025\/09\/klavesy-768x576.jpg 768w, https:\/\/www.ladislavjakl.cz\/wp-content\/uploads\/2025\/09\/klavesy-1536x1152.jpg 1536w, https:\/\/www.ladislavjakl.cz\/wp-content\/uploads\/2025\/09\/klavesy-2048x1536.jpg 2048w\" sizes=\"auto, (max-width: 264px) 100vw, 264px\" \/><\/p>\n","protected":false},"excerpt":{"rendered":"<p>Rockov\u00e1 kapela Ladislava Jakla Folimanka Blues v t\u011bchto dnech dokon\u010dila nahr\u00e1v\u00e1n\u00ed a m\u00edch\u00e1n\u00ed sv\u00e9ho nov\u00e9ho alba. To se bude Jmenovat Odpo\u010d\u00edvej v pokoji a vyjde jako klasick\u00e9 vinylov\u00e9 elp\u00ed\u010dko s otev\u00edrac\u00edm obalem a bukletem. Podle unikl\u00fdch informac\u00ed p\u016fjde o desku hudebn\u011b zcela p\u0159evratnou, nekonformn\u00ed a ryze alternativn\u00ed. Pokud by cht\u011bl n\u011bkdo toto album podpo\u0159it, m\u016f\u017ee [&hellip;]<\/p>\n","protected":false},"author":9,"featured_media":0,"comment_status":"open","ping_status":"open","sticky":false,"template":"","format":"standard","meta":{"ngg_post_thumbnail":0,"footnotes":""},"categories":[4],"tags":[],"class_list":["post-14814","post","type-post","status-publish","format-standard","hentry","category-hudba"],"_links":{"self":[{"href":"https:\/\/www.ladislavjakl.cz\/index.php?rest_route=\/wp\/v2\/posts\/14814","targetHints":{"allow":["GET"]}}],"collection":[{"href":"https:\/\/www.ladislavjakl.cz\/index.php?rest_route=\/wp\/v2\/posts"}],"about":[{"href":"https:\/\/www.ladislavjakl.cz\/index.php?rest_route=\/wp\/v2\/types\/post"}],"author":[{"embeddable":true,"href":"https:\/\/www.ladislavjakl.cz\/index.php?rest_route=\/wp\/v2\/users\/9"}],"replies":[{"embeddable":true,"href":"https:\/\/www.ladislavjakl.cz\/index.php?rest_route=%2Fwp%2Fv2%2Fcomments&post=14814"}],"version-history":[{"count":1,"href":"https:\/\/www.ladislavjakl.cz\/index.php?rest_route=\/wp\/v2\/posts\/14814\/revisions"}],"predecessor-version":[{"id":14818,"href":"https:\/\/www.ladislavjakl.cz\/index.php?rest_route=\/wp\/v2\/posts\/14814\/revisions\/14818"}],"wp:attachment":[{"href":"https:\/\/www.ladislavjakl.cz\/index.php?rest_route=%2Fwp%2Fv2%2Fmedia&parent=14814"}],"wp:term":[{"taxonomy":"category","embeddable":true,"href":"https:\/\/www.ladislavjakl.cz\/index.php?rest_route=%2Fwp%2Fv2%2Fcategories&post=14814"},{"taxonomy":"post_tag","embeddable":true,"href":"https:\/\/www.ladislavjakl.cz\/index.php?rest_route=%2Fwp%2Fv2%2Ftags&post=14814"}],"curies":[{"name":"wp","href":"https:\/\/api.w.org\/{rel}","templated":true}]}}