{"id":14821,"date":"2025-09-22T17:41:54","date_gmt":"2025-09-22T15:41:54","guid":{"rendered":"https:\/\/www.ladislavjakl.cz\/?p=14821"},"modified":"2025-09-22T17:41:54","modified_gmt":"2025-09-22T15:41:54","slug":"volby-2025-po-ctyrech-letech-fialovy-vlady","status":"publish","type":"post","link":"https:\/\/www.ladislavjakl.cz\/?p=14821","title":{"rendered":"Volby 2025: Po \u010dty\u0159ech letech Fialovy vl\u00e1dy"},"content":{"rendered":"<p>Institut V\u00e1clava Klause ve&nbsp;st\u0159edu 17. z\u00e1\u0159\u00ed 2025 v 17:00 hod.&nbsp;uspo\u0159\u00e1dal v&nbsp;Grand hotelu Prague Towers<em>&nbsp;<\/em>semin\u00e1\u0159 ke knize&nbsp;<em><a href=\"https:\/\/www.institutvk.cz\/publikace\/1\/publikace-ivk-c-82-vaclav-klaus-a-kol-volby-2025-po-ctyrech-letech-fialovy-vlady.html\">Volby 2025: Po \u010dty\u0159ech letech Fialovy vl\u00e1dy<\/a><\/em>,<em>&nbsp;<\/em>na kter\u00e9m vystoupili auto\u0159i knihy&nbsp;<strong>V\u00e1clav Klaus, Ji\u0159\u00ed Weigl, Ivo Strej\u010dek,&nbsp;Ladislav Jakl&nbsp;<\/strong>a&nbsp;<strong>Filip \u0160ebesta<\/strong>.<\/p>\n<p><!--more--><\/p>\n<p>Z\u00e1znam z akce si nyn\u00ed m\u016f\u017eete p\u0159ehr\u00e1t zde:&nbsp;<a href=\"https:\/\/www.youtube.com\/watch?v=fXhIB17AcUk\">https:\/\/www.youtube.com\/watch?v=fXhIB17AcUk<\/a><\/p>\n<p><a href=\"https:\/\/www.youtube.com\/watch?v=fXhIB17AcUk&amp;sirka=1000\"><img loading=\"lazy\" decoding=\"async\" src=\"https:\/\/www.institutvk.cz\/libs\/obrazky.php?id=2025\/vnitr%0Cni%01%202.png&amp;sirka=634\" width=\"800\" height=\"443\" align=\"middle\"><\/a><\/p>\n","protected":false},"excerpt":{"rendered":"<p>Institut V\u00e1clava Klause ve&nbsp;st\u0159edu 17. z\u00e1\u0159\u00ed 2025 v 17:00 hod.&nbsp;uspo\u0159\u00e1dal v&nbsp;Grand hotelu Prague Towers&nbsp;semin\u00e1\u0159 ke knize&nbsp;Volby 2025: Po \u010dty\u0159ech letech Fialovy vl\u00e1dy,&nbsp;na kter\u00e9m vystoupili auto\u0159i knihy&nbsp;V\u00e1clav Klaus, Ji\u0159\u00ed Weigl, Ivo Strej\u010dek,&nbsp;Ladislav Jakl&nbsp;a&nbsp;Filip \u0160ebesta.<\/p>\n","protected":false},"author":9,"featured_media":0,"comment_status":"open","ping_status":"open","sticky":false,"template":"","format":"standard","meta":{"ngg_post_thumbnail":0,"footnotes":""},"categories":[11,12],"tags":[],"class_list":["post-14821","post","type-post","status-publish","format-standard","hentry","category-ozvena","category-video"],"_links":{"self":[{"href":"https:\/\/www.ladislavjakl.cz\/index.php?rest_route=\/wp\/v2\/posts\/14821","targetHints":{"allow":["GET"]}}],"collection":[{"href":"https:\/\/www.ladislavjakl.cz\/index.php?rest_route=\/wp\/v2\/posts"}],"about":[{"href":"https:\/\/www.ladislavjakl.cz\/index.php?rest_route=\/wp\/v2\/types\/post"}],"author":[{"embeddable":true,"href":"https:\/\/www.ladislavjakl.cz\/index.php?rest_route=\/wp\/v2\/users\/9"}],"replies":[{"embeddable":true,"href":"https:\/\/www.ladislavjakl.cz\/index.php?rest_route=%2Fwp%2Fv2%2Fcomments&post=14821"}],"version-history":[{"count":1,"href":"https:\/\/www.ladislavjakl.cz\/index.php?rest_route=\/wp\/v2\/posts\/14821\/revisions"}],"predecessor-version":[{"id":14822,"href":"https:\/\/www.ladislavjakl.cz\/index.php?rest_route=\/wp\/v2\/posts\/14821\/revisions\/14822"}],"wp:attachment":[{"href":"https:\/\/www.ladislavjakl.cz\/index.php?rest_route=%2Fwp%2Fv2%2Fmedia&parent=14821"}],"wp:term":[{"taxonomy":"category","embeddable":true,"href":"https:\/\/www.ladislavjakl.cz\/index.php?rest_route=%2Fwp%2Fv2%2Fcategories&post=14821"},{"taxonomy":"post_tag","embeddable":true,"href":"https:\/\/www.ladislavjakl.cz\/index.php?rest_route=%2Fwp%2Fv2%2Ftags&post=14821"}],"curies":[{"name":"wp","href":"https:\/\/api.w.org\/{rel}","templated":true}]}}