{"id":14832,"date":"2025-09-29T13:23:10","date_gmt":"2025-09-29T11:23:10","guid":{"rendered":"https:\/\/www.ladislavjakl.cz\/?p=14832"},"modified":"2025-09-29T13:23:10","modified_gmt":"2025-09-29T11:23:10","slug":"vize-ceska-mene-statu-vice-svobody-at-si-zaba-politiky-prestane-lebedit-pise-jakl","status":"publish","type":"post","link":"https:\/\/www.ladislavjakl.cz\/?p=14832","title":{"rendered":"Vize \u010ceska: M\u00e9n\u011b st\u00e1tu, v\u00edce svobody. A\u0165 si \u017e\u00e1ba politiky p\u0159estane lebedit, p\u00ed\u0161e Jakl"},"content":{"rendered":"<div class=\"article__perex\">\u010cesk\u00e1 spole\u010dnost \u017eije volbami. Ale tak n\u011bjak ve vzduchu p\u0159evl\u00e1d\u00e1 pocit, \u017ee v\u0161e se rozhodne ve volb\u00e1ch, a pak u\u017e bude v\u0161e dan\u00e9. Vid\u00edm to skoro obr\u00e1cen\u011b. Po volb\u00e1ch v\u0161e naopak teprve za\u010dne, uv\u00e1d\u00ed&nbsp;v p\u0159edvolebn\u00edm seri\u00e1lu Aktu\u00e1ln\u011b.cz Vize \u010ceska publicista Ladislav Jakl, n\u011bkdej\u0161\u00ed poslanec a b\u00fdval\u00fd \u0159editel politick\u00e9ho odboru Kancel\u00e1\u0159e prezidenta republiky.<\/div>\n<div>&nbsp;<\/div>\n<p><!--more--><\/p>\n<div class=\"article__photo article__photo--opener\">\n<div class=\"article__photo__image\"><span class=\"intrinsic intrinsic-16x9\"><img loading=\"lazy\" decoding=\"async\" class=\"\" src=\"https:\/\/cdn.xsd.cz\/resize\/7ef5bb41e6e9321b9700be4d4a7ea937_extract=135,0,1350,760_resize=680,383_.png?hash=ff9cb2f3c5e1f9948a6f88dea446d05b\" sizes=\"auto, (max-width: 850px) 100vw, 680px\" srcset=\"\/\/cdn.xsd.cz\/resize\/7ef5bb41e6e9321b9700be4d4a7ea937_extract=135,0,1350,760_resize=226,127_.png?hash=c742dd024cef1b6276735f5af3411aac 226w, \/\/cdn.xsd.cz\/resize\/7ef5bb41e6e9321b9700be4d4a7ea937_extract=135,0,1350,760_resize=340,191_.png?hash=a031025bf7176390d11b289814fb40c3 340w, \/\/cdn.xsd.cz\/resize\/7ef5bb41e6e9321b9700be4d4a7ea937_extract=135,0,1350,760_resize=680,383_.png?hash=ff9cb2f3c5e1f9948a6f88dea446d05b 680w, \/\/cdn.xsd.cz\/resize\/7ef5bb41e6e9321b9700be4d4a7ea937_extract=135,0,1350,760_resize=1020,574_.png?hash=9a5d2f19b7acb87791c82e7f7b423dd0 1020w, \/\/cdn.xsd.cz\/resize\/7ef5bb41e6e9321b9700be4d4a7ea937_extract=135,0,1350,760_resize=1360,765_.png?hash=bc4b598e6ff824da6becfcdad9f68e5e 1360w\" alt=\"\" width=\"453\" height=\"255\"><\/span><\/div>\n<div class=\"article__photo__desc\">Foto: Aktu\u00e1ln\u011b.cz<\/div>\n<\/div>\n<div id=\"article-content\" class=\"article__content\">\n<p>P\u00ed\u0161i tento text n\u011bkolik dn\u016f p\u0159ed volbami a pochopiteln\u011b nem\u016f\u017eu v\u011bd\u011bt, jak dopadnou. Ale u\u017e nyn\u00ed si trouf\u00e1m odhadovat, \u017ee bude \u00fasp\u011bchem, pokud nov\u00e1 vl\u00e1da dostane d\u016fv\u011bru do konce leto\u0161n\u00edho roku. Nepochybn\u011b n\u00e1s \u010dekaj\u00ed slo\u017eit\u00e1 povolebn\u00ed vyjedn\u00e1v\u00e1n\u00ed, a to nejen o slo\u017een\u00ed koalice \u010di o obsazen\u00ed ministersk\u00fdch post\u016f, ale p\u0159edev\u0161\u00edm o programov\u00fdch priorit\u00e1ch. A v tom to v\u0161e v\u011bz\u00ed. M\u00e1m sv\u00e9 jasn\u00e9 p\u0159edstavy o tom, jak by m\u011bl vypadat volebn\u00ed program (s\u00e1m jsem jich n\u011bkolik psal), ale je jasn\u00e9, \u017ee v psan\u00e9m programu to v\u0161e nen\u00ed. To je jen r\u00e1mcov\u00fd z\u00e1klad.<\/p>\n<div class=\"related-wrap related-wrap--small\">\n<div class=\"block-title\">Souvisej\u00edc\u00ed<\/div>\n<div class=\"related-box related-box--small clearfix\" data-ga4-id=\"5d27a6b693cf11f0bb77ac1f6b220ee8\" data-ga4-type=\"article\" data-ga4-section=\"politika\" data-ga4-crumbs=\"zpravy,domaci,politika\" data-ga4-title=\"Vize \u010ceska: Politici se populisticky podb\u00edzej\u00ed, zat\u00edmco n\u00e1rod vym\u00edr\u00e1, varuje Graubner\" data-ga4-author=\"Jan Graubner\" data-ga4-published=\"2025-09-18\" data-ga4-position=\"0\" data-ga4-block=\"inArticle\" data-ga4-event=\"impression,click\">\n<h3 class=\"related-box__text\">Vize \u010ceska: Politici se populisticky podb\u00edzej\u00ed, zat\u00edmco n\u00e1rod vym\u00edr\u00e1, varuje Graubner<\/h3>\n<div class=\"related-box__image\"><span class=\"intrinsic intrinsic-16x9\"><img loading=\"lazy\" decoding=\"async\" src=\"https:\/\/cdn.xsd.cz\/resize\/71940be5e77c3407b9d958c8c016df85_extract=124,0,1350,760_resize=240,135_.png?hash=7fbafe06623bd72cefadf9d5e701ec1d\" sizes=\"auto, 240px\" srcset=\"\/\/cdn.xsd.cz\/resize\/71940be5e77c3407b9d958c8c016df85_extract=124,0,1350,760_resize=240,135_.png?hash=7fbafe06623bd72cefadf9d5e701ec1d 1x, \/\/cdn.xsd.cz\/resize\/71940be5e77c3407b9d958c8c016df85_extract=124,0,1350,760_resize=360,203_.png?hash=6b9d9d5b3bb3b56b55416e9f0a764613 1.5x, \/\/cdn.xsd.cz\/resize\/71940be5e77c3407b9d958c8c016df85_extract=124,0,1350,760_resize=480,270_.png?hash=1a644b8c71943223d1eef78d3509c95a 2x\" alt=\"Vize \u010deska (Jan Graubner) - Ikona, poutac\u00ed foto\" width=\"240\" height=\"135\"><\/span><\/div>\n<\/div>\n<\/div>\n<p>Mnohem v\u00edce bude z\u00e1le\u017eet na vyjedn\u00e1vac\u00edch schopnostech, na jasn\u00e9m ideov\u00e9m zakotven\u00ed, na poctivosti a d\u016fslednosti p\u0159i prosazov\u00e1n\u00ed programov\u00fdch z\u00e1sad i na kvalit\u011b person\u00e1ln\u00edho vybaven\u00ed subjekt\u016f, kter\u00e9 do vyjedn\u00e1v\u00e1n\u00ed vstoup\u00ed. A na ka\u017edodenn\u00ed politick\u00e9 praxi.<\/p>\n<p>Nemysl\u00edm, \u017ee sou\u010dasn\u00e1 spole\u010densk\u00e1, politick\u00e1 a soci\u00e1ln\u00ed situace v na\u0161\u00ed republice je dobr\u00e1. Rozpo\u010dtov\u00e9 deficity, inflace, stagnace, vysok\u00e9 dan\u011b, energetick\u00e1 drahota, okle\u0161\u0165ov\u00e1n\u00ed suverenity, rizika masov\u00e9 imigrace, nesmysln\u00fd boj s podneb\u00edm, genderov\u00e9 pokrok\u00e1\u0159sk\u00e9 nesmysly, \u00fapadek \u0161kolstv\u00ed, omezov\u00e1n\u00ed svobody projevu, ne\u00faprosn\u00e1 byrokratick\u00e1 \u0161ikana podnik\u00e1n\u00ed a ka\u017ed\u00e9 spont\u00e1nn\u00ed iniciativy, to jsou jevy, kter\u00e9 kolem sebe vid\u00edme v&nbsp;p\u0159\u00edm\u00e9m p\u0159enosu.<\/p>\n<div class=\"infobox\">\n<div class=\"infobox__wrapper\">\n<div class=\"infobox__content\">\n<h2>Vize \u010ceska<\/h2>\n<p>V seri\u00e1lu Vize \u010ceska p\u0159edstavuje Aktu\u00e1ln\u011b.cz pohled zaj\u00edmav\u00fdch ve\u0159ejn\u011b \u010dinn\u00fdch osobnost\u00ed na to, jakou zemi by si p\u0159\u00e1ly a co by v \u010cesku r\u00e1dy zlep\u0161ily nebo zm\u011bnily.&nbsp;<\/p>\n<\/div>\n<\/div>\n<\/div>\n<p>Tento trend je nutno kdy\u017e ne obr\u00e1tit, tak alespo\u0148 zastavit. A kdy\u017e ne zastavit, tak alespo\u0148 zpomalit. Rozhodn\u011b se nespokoj\u00edm s politikou, kter\u00e1 by p\u0159edv\u00e1d\u011bla stejnou m\u00edru p\u0159erozd\u011blov\u00e1n\u00ed, regulace a omezov\u00e1n\u00ed svobody jednotlivce, jakou praktikuje sou\u010dasn\u00e1 vl\u00e1da. A dost se ob\u00e1v\u00e1m, \u017ee n\u00e1m to hroz\u00ed i po volb\u00e1ch. Mnoh\u00e9 kandiduj\u00edc\u00ed subjekty cht\u011bj\u00ed toto v\u0161e zachovat, jen slibuj\u00ed, \u017ee to budou d\u011blat tak n\u011bjak profesion\u00e1ln\u011bji, odborn\u011bji, prost\u011b l\u00e9pe. Jen\u017ee to by se nezm\u011bnilo v\u016fbec nic.<\/p>\n<div class=\"related-wrap related-wrap--small\">\n<div class=\"block-title\">Souvisej\u00edc\u00ed<\/div>\n<div class=\"related-box related-box--small clearfix\" data-ga4-id=\"87e795b48f1511f080bfac1f6b220ee8\" data-ga4-type=\"article\" data-ga4-section=\"domaci\" data-ga4-crumbs=\"zpravy,domaci\" data-ga4-title=\"Vize \u010ceska: Dob\u0159e, \u017ee p\u0159ibylo &quot;premi\u00e9r\u016f&quot;. Je t\u0159eba m\u00edt v\u011bt\u0161\u00ed ambice, \u0159\u00edk\u00e1 Singer\" data-ga4-author=\"Miroslav Singer, b\u00fdval\u00fd guvern\u00e9r \u010cNB\" data-ga4-published=\"2025-09-13\" data-ga4-position=\"0\" data-ga4-block=\"inArticle\" data-ga4-event=\"impression,click\">\n<h3 class=\"related-box__text\">Vize \u010ceska: Dob\u0159e, \u017ee p\u0159ibylo &#8222;premi\u00e9r\u016f&#8220;. Je t\u0159eba m\u00edt v\u011bt\u0161\u00ed ambice, \u0159\u00edk\u00e1 Singer<\/h3>\n<div class=\"related-box__image\"><span class=\"intrinsic intrinsic-16x9\"><img loading=\"lazy\" decoding=\"async\" src=\"https:\/\/cdn.xsd.cz\/resize\/839b322979f93a4db41b177cc2b7eea1_extract=117,0,1350,760_resize=240,135_.png?hash=47bf98caf4e7ad5bafa00f52d36b1c81\" sizes=\"auto, 240px\" srcset=\"\/\/cdn.xsd.cz\/resize\/839b322979f93a4db41b177cc2b7eea1_extract=117,0,1350,760_resize=240,135_.png?hash=47bf98caf4e7ad5bafa00f52d36b1c81 1x, \/\/cdn.xsd.cz\/resize\/839b322979f93a4db41b177cc2b7eea1_extract=117,0,1350,760_resize=360,203_.png?hash=319672e5c835aed2ed44c5dfdcf590ad 1.5x, \/\/cdn.xsd.cz\/resize\/839b322979f93a4db41b177cc2b7eea1_extract=117,0,1350,760_resize=480,270_.png?hash=9e1022f7720bf4098dc8ccb5cb08039c 2x\" alt=\"Vize \u010deska (Miroslav Singer) - Ikona, poutac\u00ed foto\" width=\"240\" height=\"135\"><\/span><\/div>\n<\/div>\n<\/div>\n<p>Za sebe podpo\u0159\u00edm jak\u00fdkoli r\u00e1zn\u00fd a c\u00edlev\u011bdom\u00fd krok p\u0159\u00ed\u0161t\u00ed vl\u00e1dy (a\u0165 u\u017e bude jak\u00e9hokoli slo\u017een\u00ed), kter\u00fd nastol\u00ed nov\u00fd trend: m\u00e9n\u011b st\u00e1tu, m\u00e9n\u011b byrokracie, m\u00e9n\u011b dotac\u00ed, m\u00e9n\u011b p\u0159erozd\u011blov\u00e1n\u00ed, m\u00e9n\u011b rozhazov\u00e1n\u00ed ve\u0159ejn\u00fdch pen\u011bz, m\u00e9n\u011b soci\u00e1ln\u00edho in\u017een\u00fdrstv\u00ed, m\u00e9n\u011b pokrok\u00e1\u0159sk\u00fdch experiment\u016f, m\u00e9n\u011b p\u0159\u00edkaz\u016f, z\u00e1kaz\u016f, kv\u00f3t a limit\u016f. M\u00e9n\u011b ambic\u00ed \u0159\u00eddit lidsk\u00e9 \u017eivoty a organizovat spole\u010dnost. V\u00edce d\u016fv\u011bry ve spont\u00e1nn\u00ed a svobodn\u00e9 rozhodov\u00e1n\u00ed samotn\u00fdch lid\u00ed.<\/p>\n<p>\u017d\u00e1ba \u010desk\u00e9 politiky by si m\u011bla p\u0159estat lebedit v pomalu se oh\u0159\u00edvaj\u00edc\u00ed vod\u011b a rychle z&nbsp;n\u00ed vysko\u010dit d\u0159\u00edv, ne\u017e se uva\u0159\u00ed.<\/p>\n<p><a href=\"https:\/\/zpravy.aktualne.cz\/domaci\/mene-statu-vice-svobody-at-si-zaba-ceske-politiky-prestane-l\/r~ea3376129d1a11f095ee0cc47ab5f122\/\">Zdroj:<\/a><\/p>\n<\/div>\n","protected":false},"excerpt":{"rendered":"<p>\u010cesk\u00e1 spole\u010dnost \u017eije volbami. Ale tak n\u011bjak ve vzduchu p\u0159evl\u00e1d\u00e1 pocit, \u017ee v\u0161e se rozhodne ve volb\u00e1ch, a pak u\u017e bude v\u0161e dan\u00e9. Vid\u00edm to skoro obr\u00e1cen\u011b. Po volb\u00e1ch v\u0161e naopak teprve za\u010dne, uv\u00e1d\u00ed&nbsp;v p\u0159edvolebn\u00edm seri\u00e1lu Aktu\u00e1ln\u011b.cz Vize \u010ceska publicista Ladislav Jakl, n\u011bkdej\u0161\u00ed poslanec a b\u00fdval\u00fd \u0159editel politick\u00e9ho odboru Kancel\u00e1\u0159e prezidenta republiky. &nbsp;<\/p>\n","protected":false},"author":9,"featured_media":0,"comment_status":"open","ping_status":"open","sticky":false,"template":"","format":"standard","meta":{"ngg_post_thumbnail":0,"footnotes":""},"categories":[1],"tags":[],"class_list":["post-14832","post","type-post","status-publish","format-standard","hentry","category-publikovane-clanky"],"_links":{"self":[{"href":"https:\/\/www.ladislavjakl.cz\/index.php?rest_route=\/wp\/v2\/posts\/14832","targetHints":{"allow":["GET"]}}],"collection":[{"href":"https:\/\/www.ladislavjakl.cz\/index.php?rest_route=\/wp\/v2\/posts"}],"about":[{"href":"https:\/\/www.ladislavjakl.cz\/index.php?rest_route=\/wp\/v2\/types\/post"}],"author":[{"embeddable":true,"href":"https:\/\/www.ladislavjakl.cz\/index.php?rest_route=\/wp\/v2\/users\/9"}],"replies":[{"embeddable":true,"href":"https:\/\/www.ladislavjakl.cz\/index.php?rest_route=%2Fwp%2Fv2%2Fcomments&post=14832"}],"version-history":[{"count":1,"href":"https:\/\/www.ladislavjakl.cz\/index.php?rest_route=\/wp\/v2\/posts\/14832\/revisions"}],"predecessor-version":[{"id":14833,"href":"https:\/\/www.ladislavjakl.cz\/index.php?rest_route=\/wp\/v2\/posts\/14832\/revisions\/14833"}],"wp:attachment":[{"href":"https:\/\/www.ladislavjakl.cz\/index.php?rest_route=%2Fwp%2Fv2%2Fmedia&parent=14832"}],"wp:term":[{"taxonomy":"category","embeddable":true,"href":"https:\/\/www.ladislavjakl.cz\/index.php?rest_route=%2Fwp%2Fv2%2Fcategories&post=14832"},{"taxonomy":"post_tag","embeddable":true,"href":"https:\/\/www.ladislavjakl.cz\/index.php?rest_route=%2Fwp%2Fv2%2Ftags&post=14832"}],"curies":[{"name":"wp","href":"https:\/\/api.w.org\/{rel}","templated":true}]}}