{"id":14837,"date":"2025-10-03T13:51:17","date_gmt":"2025-10-03T11:51:17","guid":{"rendered":"https:\/\/www.ladislavjakl.cz\/?p=14837"},"modified":"2025-10-03T13:57:43","modified_gmt":"2025-10-03T11:57:43","slug":"politika-neni-vsechno","status":"publish","type":"post","link":"https:\/\/www.ladislavjakl.cz\/?p=14837","title":{"rendered":"Politika nen\u00ed v\u0161echno"},"content":{"rendered":"<p>Tyto v\u011bty p\u00ed\u0161u den p\u0159ed volbami, uprost\u0159ed v\u0161eho politick\u00e9ho p\u0159edvolebn\u00edho t\u0159e\u0161t\u011bn\u00ed. P\u0159esto si dovoluji p\u0159edpov\u011bd\u011bt jednu v\u011bc.<br \/>\n<!--more--><\/p>\n<div id=\"art-text\" class=\"text\">\n<p>\u017de se u n\u00e1s v na\u0161\u00ed politice i spole\u010dnosti toho po volb\u00e1ch re\u00e1ln\u011b zm\u011bn\u00ed mnohem m\u00e9n\u011b, ne\u017e by se z dne\u0161n\u00edch vypjat\u00fdch dilematick\u00fdch hesel mohlo zd\u00e1t. Pro mnoh\u00e9 se toho zm\u011bn\u00ed m\u00e1lo bohu\u017eel, pro n\u011bkoho bohud\u00edk.<\/p>\n<p>St\u00e1t dnes ovliv\u0148uje mnoho v\u011bc\u00ed, kter\u00e9 zasahuj\u00ed do na\u0161ich ka\u017edodenn\u00edch \u017eivot\u016f. Polovinu vyd\u011blan\u00fdch pen\u011b\u017e n\u00e1m sebere a p\u0159erozd\u011bl\u00ed je podle r\u016fzn\u00fdch, \u010dasto velmi pochybn\u00fdch krit\u00e9ri\u00ed. Zavaluje n\u00e1s mnoha nov\u00fdmi pravidly, omezen\u00edmi, p\u0159\u00edkazy, z\u00e1kazy, limity, kv\u00f3tami a regulacemi. Nen\u00ed proto divu, \u017ee se lid\u00e9 o politiku, tedy o st\u0159et koncepc\u00ed, jak v\u00e9st st\u00e1t, hore\u010dn\u011b zaj\u00edmaj\u00ed, i kdy\u017e \u010d\u00e1st tohoto z\u00e1jmu se odv\u00edj\u00ed sp\u00ed\u0161e od t\u00e9 \u010d\u00e1sti politiky, kter\u00e1 m\u00e1 charakter jak\u00e9si medi\u00e1ln\u00ed reality show.<\/p>\n<p>St\u00e1t je mocn\u00fd, siln\u00fd a v\u0161udyp\u0159\u00edtomn\u00fd. Ale nen\u00ed v\u0161emocn\u00fd a mnoho proces\u016f prob\u00edh\u00e1 bez n\u011bj, kolem n\u011bj, mimo n\u011bj a n\u011bkdy i jemu navzdory. Jsou to civiliza\u010dn\u00ed a spole\u010densk\u00e9 procesy, kter\u00e9 vid\u00edme v\u0161ude kolem sebe jako ve zrychlen\u00e9m filmu. St\u00e1t a jeho ma\u0161in\u00e9rie m\u016f\u017ee n\u011bkter\u00fdm t\u011bmto proces\u016fm trochu napomoci, jin\u00e9 zase trochu brzdit. Ale pro jejich v\u00fdvoj je mnohem d\u016fle\u017eit\u011bj\u0161\u00ed spole\u010densk\u00e9 klima, spole\u010densk\u00e1 v\u016fle, ve\u0159ejn\u00e1 debata a mezilidsk\u00e1 komunikace ne\u017e fungov\u00e1n\u00ed jak\u00e9koli vl\u00e1dy.<\/p>\n<p>P\u0159ed rokem jsme sledovali velk\u00fd politick\u00fd zlom v USA. Ten je ale pouze vr\u0161kem p\u0159\u00edslove\u010dn\u00e9ho ledovce, kter\u00fdm jsou \u017eiv\u00e9 spole\u010densk\u00e9 d\u011bje. N\u011bkter\u00e9 maj\u00ed ohromnou setrva\u010dnost a ponechaj\u00ed si svou dynamiku bez ohledu na zm\u011bny v B\u00edl\u00e9m dom\u011b. Jin\u00e9 naopak bublaly uvnit\u0159 americk\u00e9 ve\u0159ejnosti dlouh\u00e1 l\u00e9ta a jejich vyh\u0159eznut\u00ed je mnohem podstatn\u011bj\u0161\u00ed ne\u017e v\u00fdsledek americk\u00fdch prezidentsk\u00fdch voleb. Ten je jen jedn\u00edm z mnoha projev\u016f toho, co se re\u00e1ln\u011b v americk\u00e9 spole\u010dnosti d\u011bje v posledn\u00edch letech.<\/p>\n<p>Obdobn\u00e9 to je a bude i u n\u00e1s. Dilemata kolem fungov\u00e1n\u00ed spole\u010densk\u00fdch vztah\u016f, kolem rodiny, multikulturalismu, p\u0159\u00edstupu k soukrom\u00ed, k tradic\u00edm, kult\u016fm a okult\u016fm, i ke v\u0161emo\u017en\u00fdm kulturn\u00edm faktor\u016fm, kolem \u017eivotn\u00edho stylu, hierarchie hodnot, ctnost\u00ed, zvyk\u016f a m\u00f3dn\u00edch pokrokov\u00fdch a pokrok\u00e1\u0159sk\u00fdch vln, ta si bude muset na\u0161e spole\u010dnost od\u017e\u00edt bez ohledu na to, kter\u00fd papal\u00e1\u0161 bude zrovna sed\u011bt ve Strakovce.<\/p>\n<p>Politika rozd\u011bluje spole\u010dnost. Na tom nen\u00ed nic objevn\u00e9ho. Snad je\u0161t\u011b v\u00edce ostatn\u011b spole\u010dnost rozd\u011blily n\u00e1zory na lockdowny a protiepidemick\u00e9 restrikce. Spole\u010dnost d\u011bl\u00ed i postoje plynouc\u00ed z rozd\u00edln\u00fdch z\u00e1jm\u016f a z\u00e1sad mezigenera\u010dn\u00edch, z rozd\u00edl\u016f mezi venkovem a velkom\u011bstem, z odli\u0161nost\u00ed mezi r\u016fzn\u00fdmi spole\u010densk\u00fdmi statusov\u00fdmi skupinami.<\/p>\n<p>K tomu jednu pozn\u00e1mku. I kdy\u017e se n\u00e1m to leckdy nezd\u00e1, ale jsme ur\u010dit\u011b nejhomogenn\u011bj\u0161\u00ed a vertik\u00e1ln\u011b nejprostupn\u011bj\u0161\u00ed spole\u010dnost\u00ed sv\u011bta. U n\u00e1s nem\u00e1 nikdo statusov\u00fd \u0161kraloup, kdy\u017e si s\u00e1m nat\u00edr\u00e1 plot nebo sek\u00e1 tr\u00e1vn\u00edk, jako to maj\u00ed t\u0159eba n\u011bkde v Connecticutu. U n\u00e1s nejsou form\u00e1ln\u00ed a neform\u00e1ln\u00ed zcela neprostupn\u00e9 profesn\u00ed a spole\u010densk\u00e9 kasty, majitel fabriky klidn\u011b m\u016f\u017ee sed\u011bt v hospod\u011b u piva t\u0159eba s hrobn\u00edkem a nikomu to nep\u0159ijde divn\u00e9. To je ohromn\u00e1 hodnota.<\/p>\n<p>Nechali jsme si ji navrtat nesmi\u0159iteln\u00fdmi boji kolem rou\u0161ek, injekc\u00ed \u010di n\u00e1zoru na toho \u010di onoho sympatrick\u00e9ho nebo nesympatick\u00e9ho chlap\u00edka v politick\u00e9m divadle. Ale po\u0159\u00e1d n\u00e1s dr\u017e\u00ed pohromad\u011b a nad vodou.<\/p>\n<p>Tyhle volby nebudou ani posledn\u00ed, ani nejp\u0159elomov\u011bj\u0161\u00ed ze v\u0161ech p\u0159elomov\u00fdch. \u017divot p\u016fjde d\u00e1l. Ano, jak\u00fd to bude \u017eivot, to bude v mnoha v\u011bcech z\u00e1viset na st\u00e1tu, na \u00fa\u0159adech, na rozhodnut\u00ed instituc\u00ed. Ale je\u0161t\u011b v\u00edce bude to z\u00e1le\u017eet na tom, kam se bude sunout cel\u00e1 \u010desk\u00e1 spole\u010dnost. A aby se nesunula spla\u0161en\u00fdm tempem k tomu nejhor\u0161\u00edmu v nejhor\u0161\u00edch sc\u00e9n\u00e1\u0159\u00edch, ale sp\u00ed\u0161e aby pomalu a rozumn\u00fdm krokem zr\u00e1la a dr\u017eela se v\u0161eho, co se osv\u011bd\u010dilo, a z\u00e1rove\u0148 se u\u010dila nov\u00e9mu a dobr\u00e9mu, k tomu bude muset n\u011bjak fungovat dohromady, v pospolitostech, ve vztaz\u00edch, ve spole\u010densk\u00e9m \u017eivot\u011b.<\/p>\n<p>Proto\u017ee ti mlad\u0161\u00ed z n\u00e1s si za dvacet let na tyhle volby ani nevzpomenou. Ale budou \u017e\u00edt takov\u00e9 \u017eivoty a v takov\u00e9 spole\u010dnosti, jakou nech\u00e1me dnes kl\u00ed\u010dit mezi sebou, bez ohledu na procentn\u00ed zisky politick\u00fdch uskupen\u00ed.<\/p>\n<p><i>ps\u00e1no pro IVK<\/i><\/p>\n<\/div>\n<p>Zdroj:&nbsp;<a href=\"https:\/\/blog.idnes.cz\/jakl\/politika-neni-vsechno.Bg25100098\">https:\/\/blog.idnes.cz\/jakl\/politika-neni-vsechno.Bg25100098<\/a><\/p>\n","protected":false},"excerpt":{"rendered":"<p>Tyto v\u011bty p\u00ed\u0161u den p\u0159ed volbami, uprost\u0159ed v\u0161eho politick\u00e9ho p\u0159edvolebn\u00edho t\u0159e\u0161t\u011bn\u00ed. P\u0159esto si dovoluji p\u0159edpov\u011bd\u011bt jednu v\u011bc.<\/p>\n","protected":false},"author":9,"featured_media":0,"comment_status":"open","ping_status":"open","sticky":false,"template":"","format":"standard","meta":{"ngg_post_thumbnail":0,"footnotes":""},"categories":[1],"tags":[],"class_list":["post-14837","post","type-post","status-publish","format-standard","hentry","category-publikovane-clanky"],"_links":{"self":[{"href":"https:\/\/www.ladislavjakl.cz\/index.php?rest_route=\/wp\/v2\/posts\/14837","targetHints":{"allow":["GET"]}}],"collection":[{"href":"https:\/\/www.ladislavjakl.cz\/index.php?rest_route=\/wp\/v2\/posts"}],"about":[{"href":"https:\/\/www.ladislavjakl.cz\/index.php?rest_route=\/wp\/v2\/types\/post"}],"author":[{"embeddable":true,"href":"https:\/\/www.ladislavjakl.cz\/index.php?rest_route=\/wp\/v2\/users\/9"}],"replies":[{"embeddable":true,"href":"https:\/\/www.ladislavjakl.cz\/index.php?rest_route=%2Fwp%2Fv2%2Fcomments&post=14837"}],"version-history":[{"count":4,"href":"https:\/\/www.ladislavjakl.cz\/index.php?rest_route=\/wp\/v2\/posts\/14837\/revisions"}],"predecessor-version":[{"id":14841,"href":"https:\/\/www.ladislavjakl.cz\/index.php?rest_route=\/wp\/v2\/posts\/14837\/revisions\/14841"}],"wp:attachment":[{"href":"https:\/\/www.ladislavjakl.cz\/index.php?rest_route=%2Fwp%2Fv2%2Fmedia&parent=14837"}],"wp:term":[{"taxonomy":"category","embeddable":true,"href":"https:\/\/www.ladislavjakl.cz\/index.php?rest_route=%2Fwp%2Fv2%2Fcategories&post=14837"},{"taxonomy":"post_tag","embeddable":true,"href":"https:\/\/www.ladislavjakl.cz\/index.php?rest_route=%2Fwp%2Fv2%2Ftags&post=14837"}],"curies":[{"name":"wp","href":"https:\/\/api.w.org\/{rel}","templated":true}]}}