{"id":14851,"date":"2025-10-07T13:50:59","date_gmt":"2025-10-07T11:50:59","guid":{"rendered":"https:\/\/www.ladislavjakl.cz\/?p=14851"},"modified":"2025-10-07T13:50:59","modified_gmt":"2025-10-07T11:50:59","slug":"jeste-nic-nevydelali-stret-mlade-novinarky-a-jakla-pred-kamerami","status":"publish","type":"post","link":"https:\/\/www.ladislavjakl.cz\/?p=14851","title":{"rendered":"\u201eJe\u0161t\u011b nic nevyd\u011blali.\u201c St\u0159et mlad\u00e9 novin\u00e1\u0159ky a Jakla p\u0159ed kamerami"},"content":{"rendered":"<p><strong>Povolebn\u00ed Ud\u00e1losti, koment\u00e1\u0159e t\u00fddne na \u010cT24 p\u0159inesly debatu o v\u00fdsledc\u00edch sn\u011bmovn\u00edch voleb, v nich\u017e se s 34,51 procenta hlas\u016f stalo v\u00edt\u011bzem hnut\u00ed ANO. Diskuse se dotkla i rekordn\u00edho po\u010dtu \u017een ve Sn\u011bmovn\u011b a celkov\u011b mlad\u00fdch poslanc\u016f. Pozv\u00e1n\u00ed p\u0159ijali b\u00fdval\u00fd guvern\u00e9r \u010cesk\u00e9 n\u00e1rodn\u00ed banky Miroslav Singer, historik Jan Rychl\u00edk, herec a re\u017eis\u00e9r Milan \u0160teindler, koment\u00e1torka Seznam Zpr\u00e1v Tereza Povoln\u00e1 a hudebn\u00edk a publicista Ladislav Jakl.<\/strong><\/p>\n<p><!--more--><\/p>\n<figure>\n<div class=\"img\"><img decoding=\"async\" src=\"https:\/\/cms.parlamentnilisty.cz\/image.ashx?w=632&amp;h=307&amp;f=Snimek-obrazovky-2025-10-06-200956_638953713342835102.jpg&amp;id=197923\" alt=\"\u201eJe\u0161t\u011b nic nevyd\u011blali.\u201c St\u0159et mlad\u00e9 novin\u00e1\u0159ky a Jakla p\u0159ed kamerami\"><\/div><figcaption class=\"photo-info\"><small>Foto:&nbsp;<strong>\u010cT24<\/strong><br \/>\nPopisek:&nbsp;<strong>Tereza Povloln\u00e1 a Ladislav Jakl<\/strong><\/small><\/figcaption><\/figure>\n<section class=\"article-content\">\n<div class=\"article-container\">\n<p>Koment\u00e1torka Seznam Zpr\u00e1v Tereza Povoln\u00e1 uvedla, \u017ee se \u010cesko po volb\u00e1ch ocit\u00e1 znovu pod vlivem Andreje Babi\u0161e a jeho hnut\u00ed, kter\u00e9 bude ud\u00e1vat sm\u011br pro n\u00e1sleduj\u00edc\u00ed \u010dty\u0159i roky. \u201eBabi\u0161 bude muset v\u011bt\u0161inu s n\u011bk\u00fdm slo\u017eit. J\u00e1 si ned\u011bl\u00e1m iluze, \u017ee to hlavn\u00ed slovo bude m\u00edt on, jeho ambice a jeho hnut\u00ed. Pokud si potenci\u00e1ln\u00ed partne\u0159i brous\u00ed zuby na n\u011bjak\u00e1 konkr\u00e9tn\u00ed i silov\u00e1 ministerstva, tak si mysl\u00edm, \u017ee se tro\u0161ku p\u0159ecenili ve vyjedn\u00e1vac\u00edch schopnostech s Babi\u0161em,\u201c uvedla Povoln\u00e1 v po\u0159adu&nbsp;<strong><a href=\"https:\/\/www.ceskatelevize.cz\/porady\/16703075854-udalosti-komentare-tydne\/225411000381005\/\" target=\"_blank\" rel=\"nofollow noopener\">\u00dad\u00e1losti, koment\u00e1\u0159e t\u00fddne<\/a><\/strong>.<\/p>\n<p>B\u00fdval\u00fd guvern\u00e9r \u010cesk\u00e9 n\u00e1rodn\u00ed banky Miroslav Singer upozornil, \u017ee i p\u0159es volebn\u00ed v\u00edt\u011bzstv\u00ed hnut\u00ed ANO nelze o\u010dek\u00e1vat z\u00e1sadn\u00ed obrat.<\/p>\n<p>\u201eNezvolili jsme komunisty. Mn\u011b nep\u0159ipad\u00e1, \u017ee je Babi\u0161 takovou novinkou. Uvid\u00edme, do jak\u00e9 m\u00edry bude korigov\u00e1n t\u011bmi partnery, kter\u00e9 nakonec z\u00edsk\u00e1. To je ale p\u0159ed\u010dasn\u00e9 hodnotit,\u201c uvedl Singer s t\u00edm, \u017ee re\u00e1ln\u00e9 zm\u011bny budou z\u0159ejm\u011b men\u0161\u00ed, ne\u017e by odpov\u00eddalo p\u0159edvolebn\u00ed r\u00e9torice.<\/p>\n<p><strong>Rychl\u00edk: Jsem r\u00e1d, \u017ee extremist\u00e9 se do Sn\u011bmovny nedostali<\/strong><\/p>\n<p>P\u0159\u00edli\u0161 velk\u00e9 zm\u011bny na dom\u00e1c\u00ed politick\u00e9 p\u016fd\u011b neo\u010dek\u00e1v\u00e1 ani historik Jan Rychl\u00edk: \u201eNikdo by nem\u011bl od ANO mnoho o\u010dek\u00e1vat. V\u00edme, jak to je se sliby \u2013 nezarmout\u00ed\u0161. Lid\u00e9 programy ne\u010dtou. Rozhoduj\u00ed se p\u0159i volb\u00e1ch velice \u010dasto emocion\u00e1ln\u011b. Vol\u00ed opozi\u010dn\u00ed strany tehdy, kdy\u017e maj\u00ed pocit frustrace. Programy hnut\u00ed ANO, a u\u017e v\u016fbec nehovo\u0159\u00edm o programu SPD, jsou nesplniteln\u00e9. Nemysl\u00edm si, \u017ee by se n\u011bco z\u00e1sadn\u011b v oblasti dom\u00e1c\u00ed politiky zm\u011bnilo,\u201c uvedl Rychl\u00edk.<\/p>\n<p>Historik reagoval tak\u00e9 na slova prezidenta Petra Pavla, kter\u00fd po volb\u00e1ch ocenil, \u017ee \u010cesk\u00e1 republika z\u016fst\u00e1v\u00e1 pevn\u011b ukotvena v z\u00e1padn\u00edm sm\u011b\u0159ov\u00e1n\u00ed. \u201eDouf\u00e1m, \u017ee tomu tak bude, proto\u017ee jsem r\u00e1d, \u017ee Sta\u010dilo! se nedostalo do Parlamentu. To jsou velice nebezpe\u010dn\u00ed lid\u00e9. A SPD se sv\u00fdm hauz\u00edrov\u00e1n\u00edm s referendem je tak\u00e9 velice nebezpe\u010dn\u00e9. Na\u0161t\u011bst\u00ed to nehroz\u00ed, proto\u017ee n\u00e1vrh by nepro\u0161el p\u0159es Sen\u00e1t,\u201c uvedl Rychl\u00edk.&nbsp;<\/p>\n<p><strong>Nejv\u011bt\u0161\u00ed trest byl, \u017ee se lid\u00e9 b\u00e1li mluvit nahlas, uvedl Jakl<\/strong><\/p>\n<p>Hudebn\u00edk a publicista Ladislav Jakl upozornil, \u017ee uplynul\u00e9 roky byly pro mnoho lid\u00ed obdob\u00edm frustrace a pocitu osam\u011bn\u00ed. Nyn\u00ed douf\u00e1, \u017ee se to s&nbsp;p\u0159\u00edchodem nov\u00e9 vl\u00e1dy zm\u011bn\u00ed. \u201eNejv\u011bt\u0161\u00ed trest je, kdy\u017e se vytvo\u0159\u00ed klima, v n\u011bm\u017e budu p\u0159em\u00fd\u0161let, jestli to \u0159eknu nahlas, nebo ne. Takov\u00e9 klima u n\u00e1s je. U n\u00e1s mnoho lid\u00ed p\u0159em\u00fd\u0161l\u00ed, ne\u017e n\u011bco nahlas \u0159ekne, jestli to stoj\u00ed za to. To je p\u0159ece ten nejv\u011bt\u0161\u00ed trest,\u201c v\u0161\u00edmal si Jakl tzv. spole\u010densk\u00fdch sankc\u00ed a atmosf\u00e9ry, kdy se lid\u00e9 boj\u00ed otev\u0159en\u011b vyjad\u0159ovat. Dod\u00e1v\u00e1, \u017ee se po volb\u00e1ch situace m\u016f\u017ee zm\u011bnit: \u201eNajednou bude mo\u017en\u00e9 si n\u011bkter\u00e9 v\u011bci \u0159\u00edkat nahlas, srde\u010dn\u011bji, bez velk\u00e9ho strachu ze spole\u010densk\u00e9 sankce,\u201c dodal, \u017ee po volb\u00e1ch se situace m\u016f\u017ee zm\u011bnit.<\/p>\n<p>Slova Ladislava Jakla o strachu z ve\u0159ejn\u00e9ho projevu vz\u00e1p\u011bt\u00ed relativizoval herec a re\u017eis\u00e9r Milan \u0160teindler: \u201eJ\u00e1 jsem se neb\u00e1l nic \u0159\u00edkat nahlas, d\u011blal jsem si srandu tak, jak jsem uznal za vhodn\u00e9. P\u0159edev\u0161\u00edm na soci\u00e1ln\u00edch s\u00edt\u00edch. Nem\u00e1m pocit, \u017ee bych \u017eil v n\u011bjak\u00e9m dusnu, kter\u00e9 by mi nedovolovalo se ve\u0159ejn\u011b vyjad\u0159ovat,\u201c uvedl \u0160teindler. T\u011b\u0161\u00ed se ale pr\u00fd na zv\u00fd\u0161en\u00ed d\u016fchodu, nebo\u0165 je ji\u017e v&nbsp;d\u016fchodov\u00e9m v\u011bku, a na mnoho slib\u016f Andreje Babi\u0161e. D\u011blal si legraci, \u017ee kdy\u017e Babi\u0161 zp\u00edv\u00e1 italsk\u00e9 p\u00edsn\u011b, m\u00edsto na v\u00fdchod nebo na z\u00e1pad n\u00e1s pot\u00e1hne sm\u011brem na jih.<\/p>\n<div id=\"carodaMultiPositionPlaceholder530395\" class=\"carodaMultiPositionPlaceholder carodaPlaceholderInUse\">&nbsp;<\/div>\n<p>Babi\u0161 sice mluv\u00ed o jednobarevn\u00e9 men\u0161inov\u00e9 vl\u00e1d\u011b, bez podpory dal\u0161\u00edch stran se ale podle Povoln\u00e9 neobejde. \u201eJak Motorist\u00e9, tak SPD se hl\u00e1s\u00ed o ministersk\u00e9 posty. Bez nich to ve vl\u00e1d\u011b nep\u016fjde. Bylo by hodn\u011b riskantn\u00ed nechat se podporovat ob\u011bma z nich. Prost\u011b v osmdes\u00e1ti vl\u00e1dnout \u2013 to mysl\u00edm, \u017ee by se ka\u017ed\u00e9 r\u00e1no Babi\u0161 budil s t\u00edm, jestli mu tu vl\u00e1du n\u011bkdo nepolo\u017e\u00ed. Mysl\u00edm, \u017ee do toho nep\u016fjde a bude muset vybrat jednoho z t\u011bch partner\u016f a jeden bude tich\u00e1 podpora,\u201c uvedla Povoln\u00e1 s&nbsp;t\u00edm, \u017ee Babi\u0161 podle n\u00ed vybere Motoristy.<\/p>\n<p>Historik Jan Rychl\u00edk je toho n\u00e1zoru, \u017ee se Andrej Babi\u0161 pokus\u00ed o jednobarevnou vl\u00e1du. A vznik men\u0161inov\u00e9 vl\u00e1dy Andreje Babi\u0161e pova\u017euje za pravd\u011bpodobn\u00fd sc\u00e9n\u00e1\u0159 i Ladislav Jakl. \u201eM\u00edt jednobarevnou vl\u00e1du znamen\u00e1 m\u00edt tak\u00e9 \u00faplnou odpov\u011bdnost. Nen\u00ed to \u017e\u00e1dn\u00e1 legrace. Spousta t\u011bch ambic\u00ed a d\u016fle\u017eit\u00fdch v\u011bc\u00ed, kter\u00e9 te\u010f bude t\u0159eba ud\u011blat, je stra\u0161n\u011b moc a musej\u00ed se za\u010d\u00edt d\u011blat hned. V\u0161ichni na n\u011bj budou koukat a budou po n\u011bm cht\u00edt v\u00fdsledky. Pokud to bude jednobarevn\u00e1 vl\u00e1da, tak se nebude moct na nikoho vymluvit,\u201c uvedl Jakl.<\/p>\n<p>Nevid\u00ed naopak nic \u0161patn\u00e9ho na tom, \u017ee se voli\u010di \u010dasto rozhoduj\u00ed podle emoc\u00ed. Podle n\u011bj to nen\u00ed slabost, ale p\u0159irozen\u00e1 sou\u010d\u00e1st lidsk\u00e9ho rozhodov\u00e1n\u00ed. \u201eJ\u00e1 bych slovo emoce \u00fapln\u011b nedeklasoval. Podle emoc\u00ed d\u011bl\u00e1me \u010dasto z\u00e1sadn\u00ed lidsk\u00e1 rozhodnut\u00ed. Emoce nejsou blbec. \u010casto n\u00e1m rad\u00ed n\u011bco v\u00edc, ne\u017e \u017ee si jen p\u0159e\u010dteme, co kdo nabifloval a kde si n\u011bjak\u00fd pis\u00e1lek program\u016f n\u011bco vycucal z prstu. \u010casto n\u00e1m \u0159\u00edkaj\u00ed n\u011bco o charakteru. P\u0159em\u00fd\u0161lejme o d\u016fv\u011b\u0159e a d\u016fv\u011bryhodnosti. To jsou p\u0159ece emoce,\u201c uvedl Jakl.<\/p>\n<p>Dodal, \u017ee voli\u010di se nerozhodovali impulzivn\u011b, ale podle sv\u00fdch \u017eivotn\u00edch priorit. \u201eVoli\u010d se nerozhodoval, \u017ee by mu n\u011bco jen p\u0159el\u00edtlo p\u0159es nos. Ka\u017ed\u00fd jsme jin\u00ed, m\u00e1me jin\u00e9 z\u00e1jmy a pot\u0159eby. Voli\u010d p\u0159edev\u0161\u00edm rozhodoval podle sv\u00fdch pot\u0159eb a sv\u00fdch z\u00e1jm\u016f,\u201c dodal, \u017ee lid\u00e9 dali najevo, co necht\u011bj\u00ed a v&nbsp;\u010dem vid\u00ed nad\u011bji. \u201eTe\u010f se uvid\u00ed, zda to s&nbsp;tou nad\u011bj\u00ed nep\u0159ehnali,\u201c podotkl.<\/p>\n<p><a href=\"https:\/\/www.parlamentnilisty.cz\/arena\/monitor\/-Jeste-nic-nevydelali-Stret-mlade-novinarky-a-Jakla-pred-kamerami-781019\">Zdroj:<\/a><\/p>\n<\/div>\n<\/section>\n","protected":false},"excerpt":{"rendered":"<p>Povolebn\u00ed Ud\u00e1losti, koment\u00e1\u0159e t\u00fddne na \u010cT24 p\u0159inesly debatu o v\u00fdsledc\u00edch sn\u011bmovn\u00edch voleb, v nich\u017e se s 34,51 procenta hlas\u016f stalo v\u00edt\u011bzem hnut\u00ed ANO. Diskuse se dotkla i rekordn\u00edho po\u010dtu \u017een ve Sn\u011bmovn\u011b a celkov\u011b mlad\u00fdch poslanc\u016f. Pozv\u00e1n\u00ed p\u0159ijali b\u00fdval\u00fd guvern\u00e9r \u010cesk\u00e9 n\u00e1rodn\u00ed banky Miroslav Singer, historik Jan Rychl\u00edk, herec a re\u017eis\u00e9r Milan \u0160teindler, koment\u00e1torka Seznam [&hellip;]<\/p>\n","protected":false},"author":9,"featured_media":0,"comment_status":"open","ping_status":"open","sticky":false,"template":"","format":"standard","meta":{"ngg_post_thumbnail":0,"footnotes":""},"categories":[11],"tags":[],"class_list":["post-14851","post","type-post","status-publish","format-standard","hentry","category-ozvena"],"_links":{"self":[{"href":"https:\/\/www.ladislavjakl.cz\/index.php?rest_route=\/wp\/v2\/posts\/14851","targetHints":{"allow":["GET"]}}],"collection":[{"href":"https:\/\/www.ladislavjakl.cz\/index.php?rest_route=\/wp\/v2\/posts"}],"about":[{"href":"https:\/\/www.ladislavjakl.cz\/index.php?rest_route=\/wp\/v2\/types\/post"}],"author":[{"embeddable":true,"href":"https:\/\/www.ladislavjakl.cz\/index.php?rest_route=\/wp\/v2\/users\/9"}],"replies":[{"embeddable":true,"href":"https:\/\/www.ladislavjakl.cz\/index.php?rest_route=%2Fwp%2Fv2%2Fcomments&post=14851"}],"version-history":[{"count":1,"href":"https:\/\/www.ladislavjakl.cz\/index.php?rest_route=\/wp\/v2\/posts\/14851\/revisions"}],"predecessor-version":[{"id":14852,"href":"https:\/\/www.ladislavjakl.cz\/index.php?rest_route=\/wp\/v2\/posts\/14851\/revisions\/14852"}],"wp:attachment":[{"href":"https:\/\/www.ladislavjakl.cz\/index.php?rest_route=%2Fwp%2Fv2%2Fmedia&parent=14851"}],"wp:term":[{"taxonomy":"category","embeddable":true,"href":"https:\/\/www.ladislavjakl.cz\/index.php?rest_route=%2Fwp%2Fv2%2Fcategories&post=14851"},{"taxonomy":"post_tag","embeddable":true,"href":"https:\/\/www.ladislavjakl.cz\/index.php?rest_route=%2Fwp%2Fv2%2Ftags&post=14851"}],"curies":[{"name":"wp","href":"https:\/\/api.w.org\/{rel}","templated":true}]}}