{"id":14861,"date":"2025-10-09T18:29:09","date_gmt":"2025-10-09T16:29:09","guid":{"rendered":"https:\/\/www.ladislavjakl.cz\/?p=14861"},"modified":"2025-10-09T18:29:09","modified_gmt":"2025-10-09T16:29:09","slug":"volbami-boj-teprve-zacne","status":"publish","type":"post","link":"https:\/\/www.ladislavjakl.cz\/?p=14861","title":{"rendered":"Volbami boj teprve za\u010dne"},"content":{"rendered":"<p align=\"justify\"><span style=\"color: #000000;\"><span style=\"font-family: Arial, sans-serif;\"><span style=\"font-size: medium;\"><i>Volbami nic neskon\u010d\u00ed. Volbami v\u0161e teprve za\u010dne. A to i v&nbsp;p\u0159\u00edpad\u011b, \u017ee by dopadly sebel\u00e9pe. T\u011bmito slovy je nutno chladit nat\u011b\u0161en\u00e9 o\u010dek\u00e1v\u00e1n\u00ed, \u017ee nadch\u00e1zej\u00edc\u00edmi volbami u\u017e bude kone\u010dn\u011b smetena sou\u010dasn\u00e1 fialov\u00e1 vl\u00e1da.<\/i><\/span><\/span><\/span><\/p>\n<p align=\"justify\"><!--more--><\/p>\n<p align=\"justify\"><span style=\"font-family: Arial, sans-serif;\"><span style=\"font-size: medium;\">Smetena i se sv\u00fdmi kampeli\u010dkami, dozimetry a bitcoiny, se svou inflac\u00ed a rozpo\u010dtov\u00fdmi schodky, se svou drahotou, \u0161ikanov\u00e1n\u00edm, ostrakizov\u00e1n\u00edm a kriminalizac\u00ed kritik\u016f a utahov\u00e1n\u00edm \u0161roub\u016f, se sv\u00fdm klimatick\u00fdm fanatismem, agres\u00edvn\u00ed woke propagandou a vz\u00fdv\u00e1n\u00edm bruselsk\u00e9ho zlat\u00e9ho telete. A v\u0161e pak bude jinak, l\u00e9pe.<\/span><\/span><\/p>\n<p align=\"justify\"><span style=\"font-family: Arial, sans-serif;\"><span style=\"font-size: medium;\"><b>Vl\u00e1da stoj\u00ed na s\u00edle byrokracie<\/b><\/span><\/span><\/p>\n<p align=\"justify\"><span style=\"font-family: Arial, sans-serif;\"><span style=\"font-size: medium;\">Zaprv\u00e9 nezapome\u0148me, \u017ee Fialovu vl\u00e1du cht\u011bj\u00ed sm\u00e9st i ti, kdo cht\u011bj\u00ed pokra\u010dovat ve smrt\u00edc\u00ed praxi p\u0159erozd\u011blov\u00e1n\u00ed a zasahov\u00e1n\u00ed st\u00e1tn\u00ed moci do ekonomick\u00fdch vztah\u016f a osobn\u00edch svobod, jen si p\u0159ej\u00ed, aby tyto praktiky byly prov\u00e1d\u011bny jaksi profesion\u00e1ln\u011bji, odborn\u011bji, \u010destn\u011bj\u0161\u00edmi lidmi a syst\u00e9mov\u011bj\u0161\u00edm zp\u016fsobem. <\/span><\/span><\/p>\n<p align=\"justify\"><span style=\"font-family: Arial, sans-serif;\"><span style=\"font-size: medium;\">M\u00e1lo je n\u00e1s takov\u00fdch, kte\u0159\u00ed jsou hrub\u011b nespokojeni se sou\u010dasn\u00fdm fungov\u00e1n\u00edm a sm\u011b\u0159ov\u00e1n\u00edm \u010desk\u00e9 spole\u010dnosti, st\u00e1tu a vl\u00e1dy, ale z\u00e1rove\u0148 moc nev\u011b\u0159\u00ed, \u017ee nadch\u00e1zej\u00edc\u00ed volby p\u0159inesou v&nbsp;t\u011bchto ohledech velk\u00e9 a rychl\u00e9 zm\u011bny k&nbsp;lep\u0161\u00edmu. Mo\u017en\u00e1 jen doufaj\u00ed, \u017ee se trochu zpomal\u00ed se\u0161up k&nbsp;hor\u0161\u00edmu.<\/span><\/span><\/p>\n<p align=\"justify\"><span style=\"font-family: Arial, sans-serif;\"><span style=\"font-size: medium;\">Je nutno \u0159\u00edci nep\u0159\u00edjemnou pravdu: i v&nbsp;p\u0159\u00edpad\u011b, \u017ee volby dopadnou, jak jen bychom si p\u0159\u00e1li, v&nbsp;na\u0161em re\u00e1ln\u00e9m \u017eivot\u011b se znateln\u011b skoro nic nezm\u011bn\u00ed. A pokud p\u0159ece jen ano, pak pouze pomalu, ztuha a \u010d\u00e1ste\u010dn\u011b. D\u016fvody jsou d\u011bsiv\u011b jednoduch\u00e9.<\/span><\/span><\/p>\n<p align=\"justify\"><span style=\"font-family: Arial, sans-serif;\"><span style=\"font-size: medium;\">Proti jak\u00e9koli politick\u00e9 zm\u011bn\u011b bude st\u00e1t ohromn\u00e1 byrokratick\u00e1 ma\u0161in\u00e9rie. Krom\u011b n\u00ed si er\u00e1rn\u00ed moc na svou podporu vytvo\u0159ila, zkorumpovala a ocho\u010dila i vlivn\u00e9 z\u00e1jmov\u00e9 skupiny, kter\u00e9 disponuj\u00ed efektivn\u00edm tlakem, d\u00edky n\u011bmu\u017e z\u00edsk\u00e1vaj\u00ed protekce, p\u0159\u00edstup na trh, m\u011bk\u010d\u00ed pravidla kontroly, dotace a legislativu \u201ena m\u00edru\u201c. To v\u0161e na \u00fakor v\u0161ech ostatn\u00edch. Je skoro nemo\u017en\u00e9 se t\u011bmto sil\u00e1m postavit. <\/span><\/span><\/p>\n<p align=\"justify\"><span style=\"font-family: Arial, sans-serif;\"><span style=\"font-size: medium;\"><b>Pr\u00e1ce po volb\u00e1ch bude velk\u00e1<\/b><\/span><\/span><\/p>\n<p align=\"justify\"><span style=\"font-family: Arial, sans-serif;\"><span style=\"font-size: medium;\">A to nen\u00ed v\u0161e. Na ka\u017edou blbost je u n\u00e1s paragraf. Na co by z&nbsp;pohledu ob\u010dana sta\u010dila vyhl\u00e1\u0161ka nebo dokonce vnit\u0159n\u00ed p\u0159edpis, to u n\u00e1s schvaluje parlament, a jen ten to tedy m\u016f\u017ee zm\u011bnit. Shodne se na pot\u0159eb\u011b stovek a stovek rychl\u00fdch legislativn\u00edch zm\u011bn? Nav\u00edc pr\u00e1vn\u00ed \u0159\u00e1d u n\u00e1s obsahuje stovky v\u00fddajov\u00fdch kapitol a subkapitol rozpo\u010dt\u016f. Ty jsou t\u00e9m\u011b\u0159 beznad\u011bjn\u011b uzam\u010deny pevn\u011b stanoven\u00fdmi kv\u00f3tami \u010di indexacemi, kter\u00e9 jsou ukotveny v&nbsp;z\u00e1konech. A kdy\u017e u\u017e se najde shoda na jejich zm\u011bn\u011b (co\u017e je skoro nemo\u017en\u00e9), za\u010dne vyhro\u017eovat EU. S\u00e1hnout na jak\u00fdkoli jedovat\u00fd plevel tis\u00edc\u016f unijn\u00edch implementac\u00ed znamen\u00e1 j\u00edt do okam\u017eit\u00e9ho konfliktu s&nbsp;bruselskou moc\u00ed. <\/span><\/span><\/p>\n<p align=\"justify\"><span style=\"font-family: Arial, sans-serif;\"><span style=\"font-size: medium;\">Jedna v\u011bc se ale s&nbsp;nejv\u011bt\u0161\u00ed pravd\u011bpodobnost\u00ed zm\u011bn\u00ed ihned po vyhl\u00e1\u0161en\u00ed v\u00fdsledk\u016f voleb. N\u00e1lada. V\u011bdom\u00ed norm\u00e1ln\u00edch lid\u00ed, \u017ee nejsou sami, \u017ee podobn\u011b jako oni to vid\u00ed i velk\u00fd kus n\u00e1roda. Vr\u00e1t\u00ed se odvaha nahlas \u0159\u00edkat v\u011bci, kter\u00e9 se dnes za\u010d\u00ednaj\u00ed \u0161eptat. A to nen\u00ed m\u00e1lo. Motivac\u00ed norm\u00e1ln\u00edho \u010dlov\u011bka u voleb nebude fale\u0161n\u00e9 v\u00e1le\u010dnick\u00e9 dilema, ale to, zda zastav\u00edme v\u0161eobecn\u00e9 blbnut\u00ed a vr\u00e1t\u00edme se k&nbsp;poctiv\u00e9mu sv\u011btu, kter\u00fd odpov\u00edd\u00e1 na\u0161\u00ed norm\u00e1ln\u00ed zku\u0161enosti, a ne n\u011bjak\u00e9 ciz\u00ed ideologii.<\/span><\/span><\/p>\n<p align=\"justify\"><span style=\"font-family: Arial, sans-serif;\"><span style=\"font-size: medium;\">Jen\u017ee aby se tak opravdu stalo, nesta\u010d\u00ed vyhr\u00e1t volby. Je nutno od t\u00e9 chv\u00edle mnoho let usilovn\u011b a tvrd\u011b pracovat. A to pod trval\u00fdm dohledem voli\u010d\u016f. Tak ne aby si n\u011bkdo z&nbsp;n\u00e1s myslel, \u017ee vhozen\u00edm spr\u00e1vn\u00e9ho l\u00edstku do urny to pro n\u011bj skon\u010dilo. Naopak. Vlastn\u00ed boj o na\u0161i republiku a o na\u0161i spole\u010dnost t\u00edm teprve za\u010dne.<\/span><\/span><\/p>\n<p align=\"justify\">Ps\u00e1no pro \u010dasopis TO &#8211; z\u00e1\u0159\u00ed 2025<\/p>\n","protected":false},"excerpt":{"rendered":"<p>Volbami nic neskon\u010d\u00ed. Volbami v\u0161e teprve za\u010dne. A to i v&nbsp;p\u0159\u00edpad\u011b, \u017ee by dopadly sebel\u00e9pe. T\u011bmito slovy je nutno chladit nat\u011b\u0161en\u00e9 o\u010dek\u00e1v\u00e1n\u00ed, \u017ee nadch\u00e1zej\u00edc\u00edmi volbami u\u017e bude kone\u010dn\u011b smetena sou\u010dasn\u00e1 fialov\u00e1 vl\u00e1da.<\/p>\n","protected":false},"author":9,"featured_media":0,"comment_status":"open","ping_status":"open","sticky":false,"template":"","format":"standard","meta":{"ngg_post_thumbnail":0,"footnotes":""},"categories":[1],"tags":[],"class_list":["post-14861","post","type-post","status-publish","format-standard","hentry","category-publikovane-clanky"],"_links":{"self":[{"href":"https:\/\/www.ladislavjakl.cz\/index.php?rest_route=\/wp\/v2\/posts\/14861","targetHints":{"allow":["GET"]}}],"collection":[{"href":"https:\/\/www.ladislavjakl.cz\/index.php?rest_route=\/wp\/v2\/posts"}],"about":[{"href":"https:\/\/www.ladislavjakl.cz\/index.php?rest_route=\/wp\/v2\/types\/post"}],"author":[{"embeddable":true,"href":"https:\/\/www.ladislavjakl.cz\/index.php?rest_route=\/wp\/v2\/users\/9"}],"replies":[{"embeddable":true,"href":"https:\/\/www.ladislavjakl.cz\/index.php?rest_route=%2Fwp%2Fv2%2Fcomments&post=14861"}],"version-history":[{"count":1,"href":"https:\/\/www.ladislavjakl.cz\/index.php?rest_route=\/wp\/v2\/posts\/14861\/revisions"}],"predecessor-version":[{"id":14862,"href":"https:\/\/www.ladislavjakl.cz\/index.php?rest_route=\/wp\/v2\/posts\/14861\/revisions\/14862"}],"wp:attachment":[{"href":"https:\/\/www.ladislavjakl.cz\/index.php?rest_route=%2Fwp%2Fv2%2Fmedia&parent=14861"}],"wp:term":[{"taxonomy":"category","embeddable":true,"href":"https:\/\/www.ladislavjakl.cz\/index.php?rest_route=%2Fwp%2Fv2%2Fcategories&post=14861"},{"taxonomy":"post_tag","embeddable":true,"href":"https:\/\/www.ladislavjakl.cz\/index.php?rest_route=%2Fwp%2Fv2%2Ftags&post=14861"}],"curies":[{"name":"wp","href":"https:\/\/api.w.org\/{rel}","templated":true}]}}