{"id":14867,"date":"2025-10-11T12:42:06","date_gmt":"2025-10-11T10:42:06","guid":{"rendered":"https:\/\/www.ladislavjakl.cz\/?p=14867"},"modified":"2025-10-11T12:44:36","modified_gmt":"2025-10-11T10:44:36","slug":"jakl-k-vyzve-proti-motoristum-to-uz-tu-bylo-v-podobe-vedeckeho-komunismu","status":"publish","type":"post","link":"https:\/\/www.ladislavjakl.cz\/?p=14867","title":{"rendered":"Jakl k v\u00fdzv\u011b proti Motorist\u016fm: To u\u017e tu bylo v podob\u011b v\u011bdeck\u00e9ho komunismu"},"content":{"rendered":"<div class=\"article__lead\"><span dir=\"auto\">Ladislav Jakl, \u0159editel Centra spole\u010densk\u00fdch studi\u00ed Institutu V\u00e1clava Klause, promluvil o v\u00fdzv\u00e1ch \u0159ady v\u011bdc\u016f k Andreji Babi\u0161ovi, ve kter\u00e9 po\u017eaduj\u00ed, aby nejmenoval do vl\u00e1dy z\u00e1stupce strany Motorist\u016f. Odpor v\u016f\u010di jejich (Motorist\u016fm) n\u00e1zor\u016fm na Green Deal porovnal s v\u011bdeck\u00fdm komunismem.<\/span><\/div>\n<div>&nbsp;<\/div>\n<p><!--more--><\/p>\n<p><b><span dir=\"auto\">Kolem 500 v\u011bdc\u016f podepsalo a poslalo otev\u0159en\u00fd dopis v\u00edt\u011bzi voleb Andreji Babi\u0161ovi. V dopise ho \u017e\u00e1daj\u00ed, aby se nejmenoval na ministra \u017eivotn\u00edho prost\u0159ed\u00ed nikoho z Motorist\u016f kv\u016fli jejich n\u00e1zor\u016fm na Green Deal. Co si mysl\u00edte o tomto kroku?<\/span><br \/>\n<\/b><br \/>\n<span dir=\"auto\">Bylo by ur\u010dit\u011b zaj\u00edmav\u00e9 se pod\u00edvat, kolik t\u011bchto \u0161arlat\u00e1n\u016f bralo prost\u0159ednictv\u00edm tohohle ministerstva pen\u00edze z kapes da\u0148ov\u00fdch poplatn\u00edk\u016f.<\/span><\/p>\n<p><b><span dir=\"auto\">Zm\u00edn\u011bn\u00fdm v\u011bdc\u016fm vad\u00ed, \u017ee Motorist\u00e9 pl\u00e1nuj\u00ed ukon\u010dit podporu obnoviteln\u00fdch zdroj\u016f, v\u010detn\u011b programu Nov\u00e1 zelen\u00e1 \u00faspora a kotl\u00edkov\u00fdch dotac\u00ed. Trnem v oku je pro n\u011b Petr Macinka, kter\u00e9ho ozna\u010duj\u00ed za \u201en\u00e1sledovn\u00edka exprezidenta V\u00e1clava Klause pop\u00edraj\u00edc\u00edho v\u011bdeck\u00e9 poznatky klimatologie\u201c. Jde o p\u0159\u00edm\u00fd z\u00e1sah liber\u00e1ln\u011b sm\u00fd\u0161lej\u00edc\u00edch expert\u016f do povolebn\u00edho demokratick\u00e9ho procesu?<\/span><br \/>\n<\/b><br \/>\n<span dir=\"auto\">To u\u017e tu p\u0159ece bylo. V podob\u011b v\u011bdeck\u00e9ho komunismu. Ten byl p\u0159ece zjeven\u00edm objektivn\u00edho pozn\u00e1n\u00ed. A ka\u017ed\u00fd, kdo s n\u00edm polemizoval, byl ozna\u010den za pop\u00edra\u010de pozn\u00e1n\u00ed. Seri\u00f3zn\u00ed v\u011bdci riskuj\u00ed nelibost ve\u0159ejnosti. Zat\u00edmco ti druz\u00ed, kte\u0159\u00ed cht\u011bj\u00ed ve\u0159ejnost podoj\u00edt, se vezou na vln\u011b medi\u00e1ln\u00edch kli\u0161\u00e9.<\/span><b><\/p>\n<p><span dir=\"auto\">Jak vn\u00edm\u00e1te politizaci v\u011bdeck\u00fdch komunit? O \u010dem to sv\u011bd\u010d\u00ed?<\/span><\/b><\/p>\n<p><span dir=\"auto\">Ka\u017ed\u00fd obor se politizuje, kdy\u017e jde o vliv, o moc, o prachy. Na\u0161t\u011bst\u00ed je mnoho v\u011bdc\u016f, kte\u0159\u00ed ideologii bl\u00e1zniv\u00e9ho boje s podneb\u00edm nepodlehli. Ale holt maj\u00ed m\u00e9n\u011b grant\u016f.<\/span><\/p>\n<p><b><span dir=\"auto\">M\u016f\u017ee podle V\u00e1s tento tah na prezidenta zap\u016fsobit? Vid\u00edte n\u00e1znaky, \u017ee Petr Pavel nebude nadstranick\u00fd v ot\u00e1zce jmenov\u00e1n\u00ed vl\u00e1dy?<\/span><\/b><\/p>\n<p><span dir=\"auto\">Na prezidenta m\u016f\u017ee m\u00edt vliv jeho okol\u00ed. A na to okol\u00ed mohou m\u00edt vliv aktivistick\u00e9 z\u00e1jmov\u00e9 skupiny, kter\u00e9 si hl\u00eddaj\u00ed zlatou \u017e\u00edlu ve\u0159ejn\u00fdch prost\u0159edk\u016f.<\/span><br \/>\n<b><br \/>\n<span dir=\"auto\">D\u011bkujeme za koment\u00e1\u0159!<\/span><\/b><\/p>\n","protected":false},"excerpt":{"rendered":"<p>Ladislav Jakl, \u0159editel Centra spole\u010densk\u00fdch studi\u00ed Institutu V\u00e1clava Klause, promluvil o v\u00fdzv\u00e1ch \u0159ady v\u011bdc\u016f k Andreji Babi\u0161ovi, ve kter\u00e9 po\u017eaduj\u00ed, aby nejmenoval do vl\u00e1dy z\u00e1stupce strany Motorist\u016f. Odpor v\u016f\u010di jejich (Motorist\u016fm) n\u00e1zor\u016fm na Green Deal porovnal s v\u011bdeck\u00fdm komunismem. &nbsp;<\/p>\n","protected":false},"author":9,"featured_media":0,"comment_status":"open","ping_status":"open","sticky":false,"template":"","format":"standard","meta":{"ngg_post_thumbnail":0,"footnotes":""},"categories":[13],"tags":[],"class_list":["post-14867","post","type-post","status-publish","format-standard","hentry","category-rozhovory"],"_links":{"self":[{"href":"https:\/\/www.ladislavjakl.cz\/index.php?rest_route=\/wp\/v2\/posts\/14867","targetHints":{"allow":["GET"]}}],"collection":[{"href":"https:\/\/www.ladislavjakl.cz\/index.php?rest_route=\/wp\/v2\/posts"}],"about":[{"href":"https:\/\/www.ladislavjakl.cz\/index.php?rest_route=\/wp\/v2\/types\/post"}],"author":[{"embeddable":true,"href":"https:\/\/www.ladislavjakl.cz\/index.php?rest_route=\/wp\/v2\/users\/9"}],"replies":[{"embeddable":true,"href":"https:\/\/www.ladislavjakl.cz\/index.php?rest_route=%2Fwp%2Fv2%2Fcomments&post=14867"}],"version-history":[{"count":3,"href":"https:\/\/www.ladislavjakl.cz\/index.php?rest_route=\/wp\/v2\/posts\/14867\/revisions"}],"predecessor-version":[{"id":14870,"href":"https:\/\/www.ladislavjakl.cz\/index.php?rest_route=\/wp\/v2\/posts\/14867\/revisions\/14870"}],"wp:attachment":[{"href":"https:\/\/www.ladislavjakl.cz\/index.php?rest_route=%2Fwp%2Fv2%2Fmedia&parent=14867"}],"wp:term":[{"taxonomy":"category","embeddable":true,"href":"https:\/\/www.ladislavjakl.cz\/index.php?rest_route=%2Fwp%2Fv2%2Fcategories&post=14867"},{"taxonomy":"post_tag","embeddable":true,"href":"https:\/\/www.ladislavjakl.cz\/index.php?rest_route=%2Fwp%2Fv2%2Ftags&post=14867"}],"curies":[{"name":"wp","href":"https:\/\/api.w.org\/{rel}","templated":true}]}}