{"id":14885,"date":"2025-10-16T20:10:37","date_gmt":"2025-10-16T18:10:37","guid":{"rendered":"https:\/\/www.ladislavjakl.cz\/?p=14885"},"modified":"2025-10-16T20:10:37","modified_gmt":"2025-10-16T18:10:37","slug":"medialni-zabijacka-a-kdo-vlastne-ma-jit-na-porazku","status":"publish","type":"post","link":"https:\/\/www.ladislavjakl.cz\/?p=14885","title":{"rendered":"Medi\u00e1ln\u00ed zabija\u010dka a kdo vlastn\u011b m\u00e1 j\u00edt na por\u00e1\u017eku"},"content":{"rendered":"<p>Kompro na Filipa Turka za\u010d\u00edn\u00e1 p\u0159ipom\u00ednat medi\u00e1ln\u00ed zabija\u010dku v\u016f\u010di n\u011bkdej\u0161\u00edmu n\u00e1m\u011bstkovi ministra \u0161kolstv\u00ed Ladislavu B\u00e1torovi. Tehdej\u0161\u00ed medi\u00e1ln\u00ed hysterie, ke kter\u00e9 se tenkr\u00e1t p\u0159ipojili i n\u011bkte\u0159\u00ed vl\u00e1dn\u00ed politici (Miroslav Kalousek), nabyla a\u017e fanatick\u00fdch rozm\u011br\u016f, jej\u00ed\u017e uk\u00e1zkou byl t\u0159eba \u010dl\u00e1nek koment\u00e1tora jednoho \u010desk\u00e9ho \u00fadajn\u011b seri\u00f3zn\u00edho listu, jak z\u00e1pasil s&nbsp;poku\u0161en\u00edm B\u00e1toru p\u0159ejet autem, kdy\u017e ten p\u0159ech\u00e1zel po p\u0159echodu Karmelitskou ulici.<\/p>\n<p><!--more--><\/p>\n<p>B\u00e1toru tehdej\u0161\u00ed \u0161tvanice st\u00e1la zdrav\u00ed a m\u00e1lem i \u017eivot. Jeho vynucen\u00fd odchod z&nbsp;ve\u0159ejn\u00e9ho \u017eivota byl ostudou \u010desk\u00e9 medi\u00e1ln\u00ed i politick\u00e9 sc\u00e9ny. Nyn\u00ed se lidi podobn\u00e9 krevn\u00ed skupiny jako tehdej\u0161\u00ed \u0159ezn\u00edci sna\u017e\u00ed o tot\u00e9\u017e s&nbsp;rykem na rtech: \u201eHur\u00e1 na Turka!\u201c Jen\u017ee, je c\u00edlem tohoto ta\u017een\u00ed kdov\u00edjak\u00fdch neve\u0159ejn\u00fdch a neviditeln\u00fdch sil a jejich ve\u0159ejn\u00fdch a viditeln\u00fdch tykadel pouze jen vystrnad\u011bn\u00ed jednoho prosto\u0159ek\u00e9ho mlad\u00e9ho \u010dlov\u011bka z&nbsp;ve\u0159ejn\u00e9ho \u017eivota? Co tak stra\u0161n\u00e9ho by jim on s\u00e1m coby \u010dlen vl\u00e1dy mohl prov\u00e9st? Ne, skute\u010dn\u00fdm c\u00edlem je cosi jin\u00e9ho, v\u011bt\u0161\u00edho.<\/p>\n<p>Kdy\u017e p\u0159ed dev\u00edti lety Donald Trump poprv\u00e9 vyhr\u00e1l americk\u00e9 prezidentsk\u00e9 volby, st\u00e1l proti nekone\u010dn\u00e9 p\u0159esile pokrokov\u00fdch sil. Up\u0159\u00edt v\u00edt\u011bzstv\u00ed mu nemohly. Tak se alespo\u0148 pokusily (a to docela \u00fasp\u011b\u0161n\u011b) zabr\u00e1nit mu vl\u00e1dnout. Dva impeachementy a des\u00edtky a des\u00edtky \u017ealob. Oba pokusy o sesazen\u00ed ust\u00e1l, \u017ealoby vyhr\u00e1l. V\u010detn\u011b t\u011bch, kter\u00e9 mu podsouvaly, \u017ee jeho kampa\u0148 byla vedena za pomoci Ruska. Ale vyhr\u00e1l a\u017e po letech. Kauzy se t\u00e1hly p\u0159es cel\u00e9 jeho prvn\u00ed volebn\u00ed obdob\u00ed. Pokrokov\u00fd medi\u00e1ln\u00ed sv\u011bt \u017eil po l\u00e9ta touto prefabrikovanou kauzou, u kter\u00e9 se nakonec prok\u00e1zalo, \u017ee byla vyrobena v t\u00fdmu Hilary Clintonov\u00e9. Jen\u017ee ono se to prok\u00e1zalo a\u017e po letech.<\/p>\n<p>Roky nemohl Trump efektivn\u011b konat, proto\u017ee m\u00edsto spr\u00e1vy st\u00e1tu musel se sv\u00fdmi pr\u00e1vn\u00edky \u0159e\u0161it dal\u0161\u00ed a dal\u0161\u00ed vlny soudn\u00edch proces\u016f. I na\u0161e m\u00e9dia t\u011bmito \u00fatoky \u017eila a tleskala jim.&nbsp; Takov\u00fd jeden u\u010ditel z&nbsp;Bostonu zvan\u00fd \u201eKo\u0148sk\u00e1 hlava\u201c v&nbsp;debat\u011b v&nbsp;\u010cesk\u00e9 televizi kolem americko-rusk\u00e9ho summitu na Islandu sledoval pouze a jen tuto linku, kterou na tiskovce po summitu podle p\u0159edepsan\u00fdch not hr\u00e1l jeden britsk\u00fd novin\u00e1\u0159. J\u00e1, coby \u201eKo\u0148sk\u00fd ocas\u201c jsem se sna\u017eil dr\u017eet t\u00e9matu, tedy agendy onoho summitu. V\u00fdsledek? U\u010ditel u\u017e ze studia \u010cT nikdy neode\u0161el, z\u016fstal tam p\u0159idr\u00e1tovan\u00fd k \u017eidli po cel\u00e9 roky, aby moud\u0159e a trvale komentoval americk\u00e9 d\u011bn\u00ed, zat\u00edmco mne tam nepozvali n\u00e1sleduj\u00edc\u00edch sedm let.<\/p>\n<p>To p\u00ed\u0161u jako uk\u00e1zku, jak tehdej\u0161\u00ed medi\u00e1ln\u00ed a aktivistick\u00fd sv\u011bt jel jako kolovr\u00e1tek dokola jednu \u017ealobu na Trumpa za druhou. Cesta zde znamenala c\u00edl. V&nbsp;c\u00edli \u010dekal rozsudek Trumpa osvobozuj\u00edc\u00ed, ale cestou bylo nep\u0159etr\u017eit\u00e9 okop\u00e1v\u00e1n\u00ed. Ano, inici\u00e1to\u0159i t\u011bchto \u017ealob a na n\u011b napojen\u00fdch medi\u00e1ln\u00edch tlak\u016f nejsp\u00ed\u0161 nedoufali, \u017ee se Trumpa poda\u0159\u00ed odvolat nebo donutit k&nbsp;demisi. Jejich c\u00edlem bylo toti\u017e odzubit Trumpovo prezidentov\u00e1n\u00ed. A to se jim tehdy povedlo t\u00e9m\u011b\u0159 dokonale. Nyn\u00ed se Trump vr\u00e1til pou\u010den a jede jako kombajn. Ale tehdy se vy\u010derp\u00e1val v&nbsp;medi\u00e1ln\u00edch a soudn\u00edch \u0161arv\u00e1tk\u00e1ch a Amerika mohla z\u016fstat vlevo, jeho vl\u00e1dnut\u00edm t\u00e9m\u011b\u0159 nedot\u010dena.<\/p>\n<p>Ale zp\u011bt k&nbsp;n\u00e1m. Mo\u017en\u00e1 se dne\u0161n\u00edm medi\u00e1ln\u00edm \u0159ezn\u00edk\u016fm poda\u0159\u00ed aktu\u00e1ln\u00ed zabija\u010dku dot\u00e1hnout. Mo\u017en\u00e1 ne. Ale o to vlastn\u011b nejde. Jde o to, aby nastupuj\u00edc\u00ed vl\u00e1da musela neust\u00e1le bojovat o svou legitimitu, aby se vy\u010derp\u00e1vala v&nbsp;defenzivn\u00edm boji o medi\u00e1ln\u00ed p\u0159e\u017eit\u00ed, hlavn\u011b kdy\u017e nebude na nic sahat a nech\u00e1 na\u0161i republiku ve stavu, v&nbsp;jak\u00e9m ji bude za p\u00e1r t\u00fddn\u016f p\u0159eb\u00edrat. Tedy bez nutn\u00fdch zm\u011bn. To jej\u00ed efektivn\u00ed vl\u00e1dnut\u00ed je ohro\u017eeno, to je vlastn\u00edm c\u00edlem a ter\u010dem inici\u00e1tor\u016f zabija\u010dky.&nbsp;&nbsp;&nbsp;&nbsp;&nbsp;&nbsp;&nbsp;&nbsp;&nbsp;&nbsp;&nbsp;<\/p>\n<p>Doufejme, \u017ee si nastupuj\u00edc\u00ed koalice toto nebezpe\u010d\u00ed naplno uv\u011bdom\u00ed. A sezn\u00e1, \u017ee jej\u00edm bojem nen\u00ed tan\u010dit s&nbsp;medi\u00e1ln\u00ed a z\u00e1jmovou sc\u00e9nou kolem person\u00e1li\u00ed, ale prosadit zm\u011bnu, kv\u016fli kter\u00e9 ji voli\u010di dali sv\u00e9 hlasy.<\/p>\n<p><em>Ladislav Jakl, 16. 10. 2025<\/em><\/p>\n<p><a href=\"https:\/\/www.institutvk.cz\/clanky\/3249.html\">Zdroj:<\/a><\/p>\n","protected":false},"excerpt":{"rendered":"<p>Kompro na Filipa Turka za\u010d\u00edn\u00e1 p\u0159ipom\u00ednat medi\u00e1ln\u00ed zabija\u010dku v\u016f\u010di n\u011bkdej\u0161\u00edmu n\u00e1m\u011bstkovi ministra \u0161kolstv\u00ed Ladislavu B\u00e1torovi. Tehdej\u0161\u00ed medi\u00e1ln\u00ed hysterie, ke kter\u00e9 se tenkr\u00e1t p\u0159ipojili i n\u011bkte\u0159\u00ed vl\u00e1dn\u00ed politici (Miroslav Kalousek), nabyla a\u017e fanatick\u00fdch rozm\u011br\u016f, jej\u00ed\u017e uk\u00e1zkou byl t\u0159eba \u010dl\u00e1nek koment\u00e1tora jednoho \u010desk\u00e9ho \u00fadajn\u011b seri\u00f3zn\u00edho listu, jak z\u00e1pasil s&nbsp;poku\u0161en\u00edm B\u00e1toru p\u0159ejet autem, kdy\u017e ten p\u0159ech\u00e1zel po p\u0159echodu [&hellip;]<\/p>\n","protected":false},"author":9,"featured_media":0,"comment_status":"open","ping_status":"open","sticky":false,"template":"","format":"standard","meta":{"ngg_post_thumbnail":0,"footnotes":""},"categories":[1],"tags":[],"class_list":["post-14885","post","type-post","status-publish","format-standard","hentry","category-publikovane-clanky"],"_links":{"self":[{"href":"https:\/\/www.ladislavjakl.cz\/index.php?rest_route=\/wp\/v2\/posts\/14885","targetHints":{"allow":["GET"]}}],"collection":[{"href":"https:\/\/www.ladislavjakl.cz\/index.php?rest_route=\/wp\/v2\/posts"}],"about":[{"href":"https:\/\/www.ladislavjakl.cz\/index.php?rest_route=\/wp\/v2\/types\/post"}],"author":[{"embeddable":true,"href":"https:\/\/www.ladislavjakl.cz\/index.php?rest_route=\/wp\/v2\/users\/9"}],"replies":[{"embeddable":true,"href":"https:\/\/www.ladislavjakl.cz\/index.php?rest_route=%2Fwp%2Fv2%2Fcomments&post=14885"}],"version-history":[{"count":1,"href":"https:\/\/www.ladislavjakl.cz\/index.php?rest_route=\/wp\/v2\/posts\/14885\/revisions"}],"predecessor-version":[{"id":14886,"href":"https:\/\/www.ladislavjakl.cz\/index.php?rest_route=\/wp\/v2\/posts\/14885\/revisions\/14886"}],"wp:attachment":[{"href":"https:\/\/www.ladislavjakl.cz\/index.php?rest_route=%2Fwp%2Fv2%2Fmedia&parent=14885"}],"wp:term":[{"taxonomy":"category","embeddable":true,"href":"https:\/\/www.ladislavjakl.cz\/index.php?rest_route=%2Fwp%2Fv2%2Fcategories&post=14885"},{"taxonomy":"post_tag","embeddable":true,"href":"https:\/\/www.ladislavjakl.cz\/index.php?rest_route=%2Fwp%2Fv2%2Ftags&post=14885"}],"curies":[{"name":"wp","href":"https:\/\/api.w.org\/{rel}","templated":true}]}}