{"id":14888,"date":"2025-10-21T16:40:23","date_gmt":"2025-10-21T14:40:23","guid":{"rendered":"https:\/\/www.ladislavjakl.cz\/?p=14888"},"modified":"2025-10-21T16:40:23","modified_gmt":"2025-10-21T14:40:23","slug":"akta-okamura-prilis-podivni-pratele-aneb-co-nevite-o-spojencich-spd","status":"publish","type":"post","link":"https:\/\/www.ladislavjakl.cz\/?p=14888","title":{"rendered":"Akta Okamura: p\u0159\u00edli\u0161 podivn\u00ed p\u0159\u00e1tel\u00e9 aneb co nev\u00edte o spojenc\u00edch SPD"},"content":{"rendered":"<p>Spole\u010dn\u00e1 kandid\u00e1tka SPD, Trikolory, PRO a Svobodn\u00fdch ukazuje pozoruhodn\u00e9 jevy \u010desk\u00e9 krajn\u00ed pravice. Lid\u00e9 a strany, jimi\u017e se Tomio Okamura obklopuje, maj\u00ed toti\u017e zaj\u00edmavou minulost.<\/p>\n<p><!--more--><\/p>\n<p class=\"e_cq d_ka speakable\" data-dot=\"ogm-article-perex\"><strong>Tomio Okamura se po 13 letech v politice dost\u00e1v\u00e1 na vrchol sv\u00e9 kari\u00e9ry.<\/strong> A\u010dkoliv hnut\u00ed SPD utrp\u011blo ve volb\u00e1ch por\u00e1\u017eku a v\u00fdsledek z\u016fstal daleko za o\u010dek\u00e1v\u00e1n\u00edm p\u0159edvolebn\u00edch pr\u016fzkum\u016f, je Okamura nejbl\u00ed\u017ee k \u0161anci na spolu\u0159\u00edzen\u00ed zem\u011b od za\u010d\u00e1tku sv\u00e9ho ve\u0159ejn\u00e9ho p\u016fsoben\u00ed. Z\u00e1rove\u0148 m\u00e1 nejhor\u0161\u00ed volebn\u00ed v\u00fdsledek od vzniku \u00dasvitu, kdy v roce 2013 z\u00edskal 14 mand\u00e1t\u016f. V uplynul\u00fdch volb\u00e1ch jich s podporou Trikolory, PRO a Svobodn\u00fdch z\u00edskal 15. Co jsou za\u010d partne\u0159i Tomia Okamury?<\/p>\n<div class=\"_6241b6de22e5e742b990b0cd d_mi\">\n<article class=\"d_g\" aria-labelledby=\"accessibility-article\" data-dot=\"ogm-content\" data-e2e=\"ogm-content\">\n<div class=\"f_hk f_cR ogm-content__richContent\">\n<div class=\"f_cq speakable\" data-dot=\"mol-paragraph\">\n<p class=\"e_cq\"><strong><span class=\"atm-text-decorator\"><span class=\"e_ak\">Trikolora<\/span><\/span><\/strong><\/p>\n<\/div>\n<div class=\"f_cq speakable\" data-dot=\"mol-paragraph\">\n<p class=\"e_cq\"><span class=\"atm-text-decorator\">Trikolora vznikla odchodem dvou poslanc\u016f ODS, V\u00e1clava Klause mlad\u0161\u00edho a&nbsp;Zuzany Majerov\u00e9. D\u016fvod je celkem kuri\u00f3zn\u00ed. P\u0159i projedn\u00e1v\u00e1n\u00ed p\u0159ijet\u00ed GDPR \u0159ekl n\u011bkdej\u0161\u00ed zakladatel Trikolory toto: \u201eNezlobte se, mn\u011b to p\u0159ipom\u00edn\u00e1, my jsme jak \u017eidovsk\u00fd v\u00fdbor, kdy\u017e n\u00e1m \u0159ekli, \u017ee m\u00e1me vypravit transport a&nbsp;my jenom tak jako rozhodujeme, \u017ee teda ty nemocn\u00e9 \u017eeny je\u0161t\u011b nepo\u0161leme, ty p\u016fjdou a\u017e p\u0159\u00ed\u0161t\u00edm vlakem. Ale jinak d\u011bl\u00e1me to, co n\u00e1m \u0159eknou.\u201c ODS Klausovi ukon\u010dilo \u010dlenstv\u00ed a&nbsp;Zuzana Majerov\u00e1, kter\u00e1 s&nbsp;t\u00edmto krokem nesouhlasila, na protest ode\u0161la. Hnut\u00ed vzniklo v&nbsp;roce 2019.&nbsp;Ve volb\u00e1ch v&nbsp;roce 2021&nbsp;Klaus opustil politiku a&nbsp;p\u0159edsednickou \u0161tafetu p\u0159evzala Majerov\u00e1. Za zm\u00ednku stoj\u00ed, \u017ee prvn\u00edm m\u00edstop\u0159edsedou je Petr \u0160t\u011bp\u00e1nek, rovn\u011b\u017e b\u00fdval\u00fd \u010dlen ODS.<\/span><\/p>\n<\/div>\n<div class=\"f_cq speakable\" data-dot=\"mol-paragraph\">\n<p class=\"e_cq\"><span class=\"atm-text-decorator\">Podle ODS v\u0161ak byl incident s&nbsp;\u017eidovsk\u00fdm transportem jen posledn\u00ed kapkou poh\u00e1ru trp\u011blivosti se synem otce zakladatele. Mezi dal\u0161\u00ed d\u016fvody pat\u0159ilo: poru\u0161ov\u00e1n\u00ed programu, ve\u0159ejn\u00e9 \u00fatoky na stranick\u00e9 kolegy a&nbsp;tak\u00e9 podpora protikandid\u00e1ta Ladislava Jakla, kter\u00fd v&nbsp;roce 2018&nbsp;usiloval o&nbsp;k\u0159eslo v&nbsp;sen\u00e1tu. \u010c\u00edm je zaj\u00edmav\u00e1 podpora Ladislava Jakla? Je to \u010dlov\u011bk, kter\u00fd m\u00e1 vazby na SPD a&nbsp;b\u00fdval\u00e9ho prezidenta Klause. Zm\u00edn\u011bn\u00e1 ne\u00fasp\u011b\u0161n\u00e1 kandidatura do sen\u00e1tu a&nbsp;o rok pozd\u011bji zvolen\u00ed do Rady pro rozhlasov\u00e9 a&nbsp;televizn\u00ed vys\u00edl\u00e1n\u00ed prob\u011bhla pr\u00e1v\u011b pod hlavi\u010dkou hnut\u00ed Tomia Okamury. S&nbsp;Klausem ho poj\u00ed dlouholet\u00e9 p\u0159\u00e1telstv\u00ed. Je \u010dlenem spr\u00e1vn\u00ed rady Nada\u010dn\u00edho fondu Institutu V\u00e1clava Klause, v&nbsp;n\u00ed\u017e v&nbsp;roce 2004&nbsp;nahradil b\u00fdval\u00e9ho prezidentsk\u00e9ho mluv\u010d\u00edho V\u00e1clava Klause Petra H\u00e1jka, zakladatele a&nbsp;\u0161\u00e9fredaktora serveru Protiproud. O&nbsp;n\u011bm je\u0161t\u011b bude \u0159e\u010d. Ale zp\u011bt k&nbsp;Jaklovi. S&nbsp;n\u00edm je toti\u017e spojen dal\u0161\u00ed partner Tomia Okamury: Svobodn\u00ed.<\/span><\/p>\n<\/div>\n<div class=\"f_cq speakable\" data-dot=\"mol-paragraph\">\n<p class=\"e_cq\"><strong><span class=\"atm-text-decorator\"><span class=\"e_ak\">Svobodn\u00ed<\/span><\/span><\/strong><\/p>\n<\/div>\n<div class=\"f_cq speakable\" data-dot=\"mol-paragraph\">\n<p class=\"e_cq\"><span class=\"atm-text-decorator\">Tuto libertari\u00e1nskou stranu zakl\u00e1dali b\u00fdval\u00ed \u010dlenov\u00e9 ODS. V&nbsp;jejich \u010dele jako prvn\u00ed st\u00e1l st\u00e1l Petr Mach. P\u0159ed zalo\u017een\u00edm strany p\u016fsobil v&nbsp;Centru pro ekonomiku a&nbsp;politiku, pozd\u011bji zn\u00e1m\u00e9m jako Institut V\u00e1clava Klause. B\u00fdval\u00e9mu prezidentovi rovn\u011b\u017e d\u011blal b\u011bhem prvn\u00edho funk\u010dn\u00edho obdob\u00ed mluv\u010d\u00edho. V&nbsp;reakci na prohran\u00e9 volby v&nbsp;roce 2017&nbsp;odstoupil z&nbsp;funkce p\u0159edsedy a&nbsp;rok nato ukon\u010dil \u010dlenstv\u00ed. V&nbsp;roce 2019&nbsp;kr\u00e1tce spolupracoval s&nbsp;Trikolorou. O&nbsp;\u010dty\u0159i roky pozd\u011bji se stal \u010dlenem SPD. Celkem vyst\u0159\u00eddal \u010dty\u0159i strany.<\/span><\/p>\n<\/div>\n<div class=\"f_cq speakable\" data-dot=\"mol-paragraph\">\n<p class=\"e_cq\"><span class=\"atm-text-decorator\">Svobodn\u00ed maj\u00ed k&nbsp;SPD n\u00e1zorov\u011b bl\u00edzko. V&nbsp;roce 2012&nbsp;vyslali do prezidentsk\u00fdch voleb ji\u017e zm\u00edn\u011bn\u00e9ho Ladislava Jakla. Jeho&nbsp;<a class=\"e_x\" href=\"https:\/\/cs.wikipedia.org\/wiki\/Ladislav_Jakl#Prezidentsk%C3%A1_kandidatura\" target=\"_blank\" rel=\"ugc noopener\" data-dot=\"atm-link\">politick\u00e9 z\u00e1sady<\/a>&nbsp;se a\u017e podez\u0159ele podobaj\u00ed prohl\u00e1\u0161en\u00edm \u010dlen\u016f SPD. V&nbsp;roce 2016&nbsp;<a class=\"e_x\" href=\"https:\/\/www.idnes.cz\/zpravy\/domaci\/volebni-pravo-zen-byla-chyba-zalozilo-prusvih-rodiny-tvrdi-jakl.A161212_175728_domaci_kop\" target=\"_blank\" rel=\"ugc noopener\" data-dot=\"atm-link\">prohl\u00e1sil<\/a>, \u017ee volebn\u00ed pr\u00e1vo \u017een byla chyba. V&nbsp;dob\u011b jeho kandidatury zb\u00fdvaly je\u0161t\u011b dva roky do zalo\u017een\u00ed prvn\u00edho Okamurova hnut\u00ed \u00dasvit.<\/span><\/p>\n<\/div>\n<div class=\"f_cq speakable\" data-dot=\"mol-paragraph\">\n<p class=\"e_cq\"><span class=\"atm-text-decorator\">Strana si s&nbsp;sebou nese rovn\u011b\u017e kontroverze sv\u00fdch kandid\u00e1t\u016f z&nbsp;let 2009&nbsp;a&nbsp;2010,&nbsp;<a class=\"e_x\" href=\"https:\/\/www.idnes.cz\/zpravy\/domaci\/batora-mel-k-extremistum-bliz-nez-se-zdalo-psal-do-narodni-myslenky.A110817_220843_domaci_brm\" target=\"_blank\" rel=\"ugc noopener\" data-dot=\"atm-link\">Ladislava B\u00e1tory<\/a>&nbsp;a&nbsp;Michala Kretschmera. Kretschmer ze seznamu kandid\u00e1t\u016f po&nbsp;<a class=\"e_x\" href=\"https:\/\/www.ceskatelevize.cz\/porady\/10252839638-hyde-park-ct24\/210411058080520\/\" target=\"_blank\" rel=\"ugc noopener\" data-dot=\"atm-link\">p\u0159edvolebn\u00edm interview<\/a>&nbsp;s&nbsp;tehdej\u0161\u00edm p\u0159edsedou Petrem Machem zmizel. Na&nbsp;<a class=\"e_x\" href=\"https:\/\/1url.cz\/@kretschmer-homosexualismus\" target=\"_blank\" rel=\"ugc noopener\" data-dot=\"atm-link\">sv\u00e9m blogu<\/a>&nbsp;po\u017eadoval zaveden\u00ed trestu smrti za \u0161\u00ed\u0159en\u00ed \u201ehomosexualismu\u201c. Krom sv\u00e9 otev\u0159en\u00e9 nen\u00e1visti k&nbsp;LGBT+ komunit\u011b se sna\u017eil&nbsp;<a class=\"e_x\" href=\"https:\/\/1url.cz\/@kretschmer-rasismus\" target=\"_blank\" rel=\"ugc noopener\" data-dot=\"atm-link\">relativizovat rasismus<\/a>. Druh\u00fd zmi\u0148ovan\u00fd, Ladislav B\u00e1tora, se podle \u010dl\u00e1nku t\u00fdden\u00edku Respekt z&nbsp;\u0159\u00edjna 2003&nbsp;n\u00e1zorov\u011b ztoto\u017e\u0148oval s&nbsp;J\u00f6rgem Haiderem, \u010dlenem&nbsp;<a class=\"e_x\" href=\"https:\/\/de.wikipedia.org\/wiki\/Liste_rechtsextremer_und_neonazistischer_Vorf%C3%A4lle_in_der_FP%C3%96\" target=\"_blank\" rel=\"ugc noopener\" data-dot=\"atm-link\">neonacistick\u00e9<\/a>&nbsp;Svobodn\u00e9 strany Rakouska nebo Jeanem-Marie Le Penem, spoluzakladatelem francouzsk\u00e9ho N\u00e1rodn\u00edho sdru\u017een\u00ed. Po sn\u011bmovn\u00edch volb\u00e1ch v&nbsp;roce 2010&nbsp;ze strany ode\u0161el. O&nbsp;rok pozd\u011bji za\u010dal p\u016fsobit jako poradce na ministerstvu \u0161kolstv\u00ed. V&nbsp;t\u00e9m\u017ee roce se objevily nov\u00e9 informace o&nbsp;jeho&nbsp;<a class=\"e_x\" href=\"https:\/\/www.idnes.cz\/zpravy\/domaci\/batora-mel-k-extremistum-bliz-nez-se-zdalo-psal-do-narodni-myslenky.A110817_220843_domaci_brm\" target=\"_blank\" rel=\"ugc noopener\" data-dot=\"atm-link\">vazb\u00e1ch na extremisty<\/a>. V\u00e1clav Klaus na jeho kauzu&nbsp;<a class=\"e_x\" href=\"https:\/\/domaci.hn.cz\/c1-50822360-klause-nadzdvihla-kauza-batora-podle-nej-jde-o-diktaturu-politicke-korektnosti\" target=\"_blank\" rel=\"ugc noopener\" data-dot=\"atm-link\">reagoval<\/a>&nbsp;slovy, \u017ee se jedn\u00e1 o&nbsp;\u201ediktaturu politick\u00e9 korektnosti\u201c. Na Svobodn\u00e9 m\u011bl vazby i&nbsp;<a class=\"e_x\" href=\"https:\/\/www.novinky.cz\/clanek\/domaci-machovi-lide-v-sso-se-hlasi-k-nacionalismu-40219744\" target=\"_blank\" rel=\"ugc noopener\" data-dot=\"atm-link\">dezinforma\u010dn\u00ed web Euport\u00e1l<\/a>. Jeden ze \u010dlen\u016f Svobodn\u00fdch a&nbsp;jejich p\u0159\u00edpravn\u00e9ho v\u00fdboru, Benjamin Kuras, byl \u010destn\u00fdm p\u0159edsedou redak\u010dn\u00ed rady. Na Kurase ve sv\u00fdch p\u0159\u00edsp\u011bvc\u00edch v&nbsp;souvislosti s&nbsp;antisemitismem \u010dasto odkazuje Tomio Okamura, kter\u00fd o&nbsp;n\u011bm r\u00e1d p\u00ed\u0161e jako o&nbsp;\u017eidovsk\u00e9m spisovateli. M\u00e1 to jeden h\u00e1\u010dek: Kuras nen\u00ed etnick\u00fd \u017did, jen se hl\u00e1s\u00ed k&nbsp;judaismu. Antisemitismus nen\u00ed antijudaismus.<\/span><\/p>\n<\/div>\n<div class=\"f_cq speakable\" data-dot=\"mol-paragraph\">\n<p class=\"e_cq\"><span class=\"atm-text-decorator\">V dob\u011b, kdy m\u011bla strana sv\u00e9ho jedin\u00e9ho poslance v&nbsp;Evropsk\u00e9m parlamentu, byla sou\u010d\u00e1st\u00ed Aliance za p\u0159\u00edmou demokracii v&nbsp;Evrop\u011b. V&nbsp;roce 2017&nbsp;do\u0161lo k&nbsp;jej\u00edmu rozpu\u0161t\u011bn\u00ed, proto\u017ee se uk\u00e1zalo, \u017ee zneu\u017e\u00edvala pen\u00edze z&nbsp;<a class=\"e_x\" href=\"https:\/\/www.theguardian.com\/politics\/2018\/may\/30\/defunct-eurosceptic-party-linked-to-ukip-asked-to-repay-11m\" target=\"_blank\" rel=\"ugc noopener\" data-dot=\"atm-link\">eurofond\u016f<\/a>. Pon\u011bkud ironicky v\u016f\u010di tomu vyzn\u00edv\u00e1 eurokampa\u0148 do voleb z&nbsp;roku 2019&nbsp;v&nbsp;koalici&nbsp;<span class=\"e_al\">\u201eSvobodn\u00ed, Liberland a&nbsp;Radostn\u00e9 \u010cesko &#8211; ODEJDEME BEZ PLACEN\u00cd\u201c.<\/span><\/span><\/p>\n<\/div>\n<div class=\"f_cq speakable\" data-dot=\"mol-paragraph\">\n<p class=\"e_cq\"><span class=\"atm-text-decorator\">\u010clenem Svobodn\u00fdch byl i&nbsp;Mat\u011bj Gregor, nyn\u011bj\u0161\u00ed mlad\u00e1 hv\u011bzda Motorist\u016f a&nbsp;n\u011bkdej\u0161\u00ed p\u0159edseda spolku Odchod, kter\u00fd usiloval o&nbsp;vystoupen\u00ed z&nbsp;Evropsk\u00e9 unie. Shodou n\u00e1hodou se Motorist\u00e9 sob\u011b je\u0161t\u011b p\u0159ed transformac\u00ed strany jmenovali Referendum o&nbsp;Evropsk\u00e9 unii. Gregor ov\u0161em tvrd\u00ed, \u017ee v&nbsp;tomhle se jeho n\u00e1zor posunul.<\/span><\/p>\n<\/div>\n<div class=\"f_cq speakable\" data-dot=\"mol-paragraph\">\n<p class=\"e_cq\"><strong><span class=\"atm-text-decorator\"><span class=\"e_ak\">PRO<\/span><\/span><\/strong><\/p>\n<\/div>\n<div class=\"f_cq speakable\" data-dot=\"mol-paragraph\">\n<p class=\"e_cq\"><span class=\"atm-text-decorator\">Hnut\u00ed pr\u00e1vn\u00edka a&nbsp;profesion\u00e1ln\u00edho demonstranta Jind\u0159icha Rajchla je z&nbsp;cel\u00e9ho \u010dty\u0159spolku nejmlad\u0161\u00ed. Krom toho, \u017ee Rajchl byl d\u0159\u00edve \u010dlenem Trikolory, zde nen\u00ed nic zaj\u00edmav\u00e9ho.<\/span><\/p>\n<\/div>\n<div class=\"f_cq speakable\" data-dot=\"mol-paragraph\">\n<p class=\"e_cq\"><strong><span class=\"atm-text-decorator\"><span class=\"e_ak\">Akce D.O.S.T.<\/span><\/span><\/strong><\/p>\n<\/div>\n<div class=\"f_cq speakable\" data-dot=\"mol-paragraph\">\n<p class=\"e_cq\"><span class=\"atm-text-decorator\">Tak jako krajn\u00ed levice m\u00e1 sv\u00e9 STA\u010cILO!, tak se krajn\u00ed pravice sdru\u017euje do spolku Akce D.O.S.T. Rozd\u00edl je v&nbsp;tom, \u017ee je star\u0161\u00ed. P\u0159i sv\u00e9m vzniku v&nbsp;roce 2010&nbsp;navazoval na stejnojmennou petici zalo\u017eenou o&nbsp;t\u0159i roky d\u0159\u00edve. Prvn\u00edm p\u0159edsedou byl Ladislav B\u00e1tora, pot\u00e9 katolick\u00fd publicista Michal Sem\u00edn, o&nbsp;n\u011bm\u017e je\u0161t\u011b bude \u0159e\u010d, a&nbsp;v sou\u010dasnosti jej vede p\u0159isp\u011bvatel webu Protiproud Petr Bahn\u00edk. Bahn\u00edk byl v&nbsp;roce 2009&nbsp;spolu se Sem\u00ednem, Kurasem a&nbsp;B\u00e1torou na&nbsp;<a class=\"e_x\" href=\"https:\/\/www.volby.cz\/pls\/ep2009\/ep1511?xjazyk=CZ&amp;xstrana=23\" target=\"_blank\" rel=\"ugc noopener\" data-dot=\"atm-link\">kandid\u00e1tce Svobodn\u00fdch<\/a>&nbsp;do eurovoleb.&nbsp;V&nbsp;roce 2015&nbsp;zalo\u017eil petici&nbsp;<a class=\"e_x\" href=\"https:\/\/1url.cz\/@krestane-proti-migraci\" target=\"_blank\" rel=\"ugc noopener\" data-dot=\"atm-link\">K\u0159es\u0165an\u00e9 na obranu p\u0159ed ileg\u00e1ln\u00ed migrac\u00ed<\/a>. Mezi petenty je nap\u0159\u00edklad Michal Sem\u00edn, Petr H\u00e1jek a&nbsp;Roman Cardal, p\u0159edseda Spolku pro svatov\u00e1clavsk\u00e1 studia a&nbsp;spolupracovn\u00edk Ob\u010dansk\u00e9ho institutu zalo\u017een\u00e9ho Michalem Sem\u00ednem. Po Sem\u00ednovi p\u0159evzal veden\u00ed OI Roman Joch, jeho\u017e man\u017eelka stoj\u00ed v&nbsp;\u010dele Aliance pro rodinu. Akce D.O.S.T. byla zn\u00e1m\u00e1 p\u0159edev\u0161\u00edm d\u00edky protest\u016fm v\u016f\u010di pochodu Prague Pride. Z&nbsp;akce D.O.S.T. je nejzaj\u00edmav\u011bj\u0161\u00edm \u010dlenem publicista Michal Sem\u00edn.<\/span><\/p>\n<\/div>\n<div class=\"f_cq speakable\" data-dot=\"mol-paragraph\">\n<p class=\"e_cq\"><span class=\"atm-text-decorator\">Michal Sem\u00edn je velice aktivn\u00ed. Krom\u011b Ob\u010dansk\u00e9ho institutu a&nbsp;akce D.O.S.T. zakl\u00e1dal nap\u0159. Institut svat\u00e9ho Josefa a&nbsp;\u010dasopis Te Deum, kde sed\u011bl v&nbsp;redak\u010dn\u00ed rad\u011b i&nbsp;<a class=\"e_x\" href=\"https:\/\/www.tedeum.cz\/redakce.htm\" target=\"_blank\" rel=\"ugc noopener\" data-dot=\"atm-link\">Kretschmer<\/a>. Rovn\u011b\u017e jde o&nbsp;\u010dlov\u011bka, kter\u00fd \u0161\u00ed\u0159\u00ed konspira\u010dn\u00ed teorie nap\u0159. o&nbsp;<a class=\"e_x\" href=\"https:\/\/manipulatori.cz\/inseminace-rady-ctk\/\" target=\"_blank\" rel=\"ugc noopener\" data-dot=\"atm-link\">\u017eidobol\u0161evismu<\/a>&nbsp;a&nbsp;<a class=\"e_x\" href=\"https:\/\/manipulatori.cz\/michal-semin-na-echu24-kraci-ve-stopach-kotlebovcu\/\" target=\"_blank\" rel=\"ugc noopener\" data-dot=\"atm-link\">Velk\u00e9 v\u00fdm\u011bn\u011b<\/a>, p\u0159\u00e1tel\u00ed se s&nbsp;antisemity a&nbsp;u\u017e v&nbsp;roce 2006&nbsp;p\u0159ed n\u00edm&nbsp;<a class=\"e_x\" href=\"https:\/\/domaci.hn.cz\/c1-19365610-kardinal-vlk-radikalni-nabozenske-skupiny-jsou-ve-spojeni-s-politickymi-extremisty\" target=\"_blank\" rel=\"ugc noopener\" data-dot=\"atm-link\">nep\u0159\u00edmo varovali \u010de\u0161t\u00ed biskupov\u00e9<\/a>. V&nbsp;roce 2019&nbsp;byl nominandem SPD na post \u010dlena rady \u010cTK. V&nbsp;t\u00e9 dob\u011b o&nbsp;n\u011bm jeho n\u011bkdej\u0161\u00ed p\u0159\u00edtel Martin C. Putna&nbsp;<a class=\"e_x\" href=\"https:\/\/zpravy.aktualne.cz\/domaci\/pred-volbou-semina-varuje-federace-zidu-nejsem-antisemita-ur\/r~7482bdcc8ce811e98aa4ac1f6b220ee8\/\" target=\"_blank\" rel=\"ugc noopener\" data-dot=\"atm-link\">prohl\u00e1sil<\/a>, \u017ee Sem\u00ednovy n\u00e1zory maj\u00ed p\u016fvod v&nbsp;postoj\u00edch americk\u00e9 k\u0159es\u0165ansk\u00e9 pravice. Sem\u00edn v&nbsp;roce 2022&nbsp;spolu s&nbsp;politologem Petrem Drul\u00e1kem a&nbsp;levicovou ekonomkou Ilonou \u0160vihl\u00edkovou zakl\u00e1dal vlasteneck\u00fd spolek Svatopluk, kter\u00fd person\u00e1ln\u011b propojuje hnut\u00ed SPD a&nbsp;STA\u010cILO!.<\/span><\/p>\n<\/div>\n<div class=\"f_cq speakable\" data-dot=\"mol-paragraph\">\n<p class=\"e_cq\"><span class=\"atm-text-decorator\">Tak\u00e9 se \u0159ad\u00ed k&nbsp;p\u0159\u00edznivc\u016fm kontroverzn\u00edch lefebvrist\u016f, t\u00e9\u017e zn\u00e1m\u00fdm jako kn\u011b\u017esk\u00e9 bratrstvo svat\u00e9ho Pia X., zalo\u017een\u00e9 francouzsk\u00fdm kn\u011bzem Marcelem Lefebvre. \u010c\u00edm jsou lefebvrist\u00e9 zaj\u00edmav\u00ed? Jejich zakladatel sv\u011btil biskupy proti v\u016fli pape\u017ee, a&nbsp;proto byli \u010dlenov\u00e9 zhruba 20&nbsp;let exkomunikov\u00e1ni. Daleko d\u016fle\u017eit\u011bj\u0161\u00ed jsou jejich n\u00e1zory. V&nbsp;r\u00e1mci c\u00edrkve se \u0159ad\u00ed do tradicionalistick\u00e9ho proudu. C\u00edrkve sjednocen\u00e9 s&nbsp;\u0158\u00edmem jsou vn\u00edm\u00e1ny ohledn\u011b spole\u010densk\u00fdch ot\u00e1zek jako konzervativn\u00ed. Lefebvrist\u00e9 v\u0161ak zach\u00e1zej\u00ed je\u0161t\u011b d\u00e1l a&nbsp;stav\u00ed se proti ve\u0161ker\u00fdm liber\u00e1ln\u00edm zm\u011bn\u00e1m, kter\u00e9 vze\u0161ly z&nbsp;2.&nbsp;vatik\u00e1nsk\u00e9ho koncilu, a&nbsp;vymezuj\u00ed se proti modernizaci c\u00edrkve. \u0158ad\u00ed se tedy k&nbsp;reakcion\u00e1\u0159\u016fm neboli \u201ezp\u00e1te\u010dn\u00edk\u016fm\u201c. Sem\u00ednovy postoje jsou patrn\u00e9 v&nbsp;<a class=\"e_x\" href=\"https:\/\/www.reflex.cz\/clanek\/archiv\/32905\/kardinal-nas-pomluvil.html\" target=\"_blank\" rel=\"ugc noopener\" data-dot=\"atm-link\">rozhovoru pro Reflex z&nbsp;roku 2009<\/a>.&nbsp;Zde se sna\u017eil h\u00e1jit bratrstvo v&nbsp;reakci na vyj\u00e1d\u0159en\u00ed k&nbsp;jednomu z&nbsp;lefebvristick\u00fdch biskup\u016f, ned\u00e1vno zesnul\u00e9ho Richarda Williamsona, kter\u00fd pop\u00edral holokaust. Pr\u00fd \u0161lo o&nbsp;biskup\u016fv osobn\u00ed n\u00e1zor, nikoliv ofici\u00e1ln\u00ed postoj bratrstva.<\/span><\/p>\n<\/div>\n<div class=\"f_cq speakable\" data-dot=\"mol-paragraph\">\n<p class=\"e_cq\"><strong><span class=\"atm-text-decorator\"><span class=\"e_ak\">SVATOPLUK<\/span><\/span><\/strong><\/p>\n<\/div>\n<div class=\"f_cq speakable\" data-dot=\"mol-paragraph\">\n<p class=\"e_cq\"><span class=\"atm-text-decorator\">Svatopluk se prezentuje jako spolek sjednocuj\u00edc\u00ed vlastence nap\u0159\u00ed\u010d politick\u00fdm spektrem. Sv\u00fdm n\u00e1zvem a&nbsp;zejm\u00e9na logem odkazuje na pov\u011bst o&nbsp;kn\u00ed\u017eeti Svatoplukovi a&nbsp;jeho synech. Spojen\u00e9 pruty maj\u00ed symbolizovat n\u00e1rodn\u00ed jednotu. T\u0159i pruty lze br\u00e1t tak\u00e9 jako odkaz na t\u0159i stavy, pop\u0159\u00edpad\u011b spole\u010densk\u00e9 t\u0159\u00eddy. Zejm\u00e9na tak\u00e9 reprezentuj\u00ed zakladatele Svatopluku a&nbsp;jejich \u201especializaci\u201c. Prut tradice veden\u00fd Michalem Sem\u00ednem p\u0159edstavuje k\u0159es\u0165anskou konservativn\u00ed pravici. Prut solidarita je spjat s&nbsp;levicov\u00fdm zam\u011b\u0159en\u00edm Ilony \u0160vihl\u00edkov\u00e9. A&nbsp;nakonec podnikatelsky zam\u011b\u0159en\u00fd prut prosperita \u0159\u00edd\u00ed kdov\u00ed pro\u010d s\u00e1m \u0161\u00e9f Petr Drul\u00e1k, ozna\u010dovan\u00fd za \u201epatrona\u201c hnut\u00ed STA\u010cILO!. Ve kter\u00e9m sv\u011bt\u011b jsou komunist\u00e9 kapitalisticky zalo\u017een\u00ed?<\/span><\/p>\n<\/div>\n<div class=\"f_cq speakable\" data-dot=\"mol-paragraph\">\n<p class=\"e_cq\"><span class=\"atm-text-decorator\">Lid\u00e9 ze Svatopluku jsou aktivn\u00ed i&nbsp;v Jungmannov\u011b n\u00e1rodn\u00ed akademii. Z&nbsp;hlavn\u00ed trojice zde u\u010d\u00ed Petr Drul\u00e1k a&nbsp;Ilona \u0160vihl\u00edkov\u00e1. Z&nbsp;dal\u0161\u00edch tv\u00e1\u0159\u00ed je v&nbsp;seznamu pouze Tom\u00e1\u0161 Dole\u017eal, poradce p\u0159edsednictva klubu SPD a&nbsp;vedouc\u00ed Komise pro mezin\u00e1rodn\u00ed politiku v&nbsp;Okamurov\u011b politick\u00e9 neziskovce. Abyste v\u0161ak m\u011bli p\u0159edstavu, kdo dal\u0161\u00ed na Jugmannov\u011b akademii p\u016fsob\u00ed, zde je v\u00fd\u010det t\u011bch nejzaj\u00edmav\u011bj\u0161\u00edch:<\/span><\/p>\n<\/div>\n<div class=\"f_dx speakable\" data-dot=\"mol-list\">\n<ul class=\"e_dx atm-list-ul\">\n<li class=\"e_dy\"><span class=\"atm-text-decorator\">Petr Bakal\u00e1\u0159, vystudovan\u00fd psycholog, autor kontroverzn\u00edch knih Tabu v&nbsp;soci\u00e1ln\u00edch v\u011bd\u00e1ch a&nbsp;Psychologie Rom\u016f. Jeho pr\u00e1ce je kritiky&nbsp;<a class=\"e_x\" href=\"https:\/\/1url.cz\/@petr-bakalar\" target=\"_blank\" rel=\"ugc noopener\" data-dot=\"atm-link\">ozna\u010dovan\u00e1 jako nev\u011bdeck\u00e1<\/a>&nbsp;a&nbsp;objevuj\u00ed se v&nbsp;n\u00ed nar\u00e1\u017eky na eugeniku.<\/span><\/li>\n<li class=\"e_dy\"><span class=\"atm-text-decorator\">Petr Balla: \u010dlov\u011bk, kter\u00fd v&nbsp;dubnu 2022&nbsp;v&nbsp;\u010cesk\u00e9m rozhlase&nbsp;<a class=\"e_x\" href=\"https:\/\/www.irozhlas.cz\/zpravy-svet\/madarsko-orban-fidesz-balla-parlamentni-volby_2204042339_ind\" target=\"_blank\" rel=\"ugc noopener\" data-dot=\"atm-link\">tvrdil<\/a>, \u017ee Ma\u010farsko nen\u00ed prorusk\u00e9, n\u00fdbr\u017e \u201epragmatick\u00e9\u201c. Nepochybn\u011b.<\/span><\/li>\n<li class=\"e_dy\"><span class=\"atm-text-decorator\">Petr Hampl: programov\u00fd \u0159editel Jungmannovy akademie, signat\u00e1\u0159 manifestu D.O.S.T., zakladatel Sdru\u017een\u00ed b\u00edl\u00fdch heterosexu\u00e1ln\u00edch mu\u017e\u016f. Autor&nbsp;<a class=\"e_x\" href=\"https:\/\/1url.cz\/@hampl-bily-heterosexualni-muz\" target=\"_blank\" rel=\"ugc noopener\" data-dot=\"atm-link\">v\u00fdroku<\/a>&nbsp;\u201eKdy\u017e se b\u00edl\u00fdm neda\u0159\u00ed, nepovst\u00e1v\u00e1 z&nbsp;toho \u017e\u00e1dn\u00e1 v\u00fdhoda lidem jin\u00fdch barev k\u016f\u017ee (a naopak).\u201c<\/span><\/li>\n<li class=\"e_dy\"><span class=\"atm-text-decorator\">Miroslav Hou\u0161ka: spolupracovn\u00edk zp\u011bv\u00e1ka Daniela Landy v&nbsp;konkuren\u010dn\u00edm spolku Obrozenci 2.0<\/span><\/li>\n<li class=\"e_dy\"><span class=\"atm-text-decorator\">Martin Konvi\u010dka: autor extr\u00e9mn\u011b nen\u00e1vistn\u00fdch v\u00fdrok\u016f o&nbsp;vyvra\u017e\u010fov\u00e1n\u00ed muslim\u016f<\/span><\/li>\n<li class=\"e_dy\"><span class=\"atm-text-decorator\">Oskar Krej\u010d\u00ed: \u010dlen normaliza\u010dn\u00ed KS\u010c a&nbsp;agent StB<\/span><\/li>\n<li class=\"e_dy\"><span class=\"atm-text-decorator\">Karel Nedb\u00e1lek: v&nbsp;roce 2023&nbsp;vystupoval na komunistick\u00e9 akci oslavuj\u00edc\u00ed ikonu bol\u0161evick\u00e9ho re\u017eimu Julia Fu\u010d\u00edka<\/span><\/li>\n<li class=\"e_dy\"><span class=\"atm-text-decorator\">Vladim\u00edr Prorok: sed\u00ed v&nbsp;redak\u010dn\u00ed rad\u011b \u010dasopisu Alternativy vyd\u00e1van\u00e9ho KS\u010cM<\/span><\/li>\n<li class=\"e_dy\"><span class=\"atm-text-decorator\">Petr Sak:&nbsp;<a class=\"e_x\" href=\"https:\/\/www.forum24.cz\/pry-je-tu-nesvoboda-jisty-docent-pritom-smi-urazet-politicky-a-hlasat-konspirace-o-sorosovi\" target=\"_blank\" rel=\"ugc noopener\" data-dot=\"atm-link\">\u0161i\u0159itel konspira\u010dn\u00edch teori\u00ed<\/a>&nbsp;o&nbsp;Georgi Sorosovi<\/span><\/li>\n<li class=\"e_dy\"><span class=\"atm-text-decorator\">Josef Sk\u00e1la: nechvaln\u011b zn\u00e1m\u00fd komunistick\u00fd politik<\/span><\/li>\n<li class=\"e_dy\"><span class=\"atm-text-decorator\">Petr \u017dantovsk\u00fd: dezinform\u00e1tor, signat\u00e1\u0159 manifestu D.O.S.T.<\/span><\/li>\n<\/ul>\n<\/div>\n<div class=\"f_cq speakable\" data-dot=\"mol-paragraph\">\n<p class=\"e_cq\"><strong><span class=\"atm-text-decorator\"><span class=\"e_ak\">V\u0161ichni svat\u00ed<\/span><\/span><\/strong><\/p>\n<\/div>\n<div class=\"f_cq speakable\" data-dot=\"mol-paragraph\">\n<p class=\"e_cq\"><span class=\"atm-text-decorator\">S n\u00e1rodoveckou sc\u00e9nou jsou spojeny i&nbsp;instituty se jm\u00e9ny svat\u00fdch. Konkr\u00e9tn\u011b Institut svat\u00e9ho Josefa, Institut svat\u00e9ho Vojt\u011bcha (Patrimonium sancti Adalberti) a&nbsp;Spole\u010dnost pro svatov\u00e1clavsk\u00e1 studia. Spojuj\u00ed dva zd\u00e1nliv\u011b t\u011b\u017eko slu\u010diteln\u00e9 sv\u011bty: n\u00e1bo\u017eensk\u00fd s&nbsp;vlasteneck\u00fdm. Prvn\u00ed dva instituty jsou d\u00edlem ji\u017e n\u011bkolikr\u00e1t zm\u00edn\u011bn\u00e9ho Michala Sem\u00edna. T\u0159et\u00ed je spojen s&nbsp;Romanem Cardalem. Mezi autory publikac\u00ed SSSZ se v\u0161ak \u010dasto objevuje i&nbsp;Sem\u00edn s&nbsp;Bahn\u00edkem. Jednou z&nbsp;velk\u00fdch akc\u00ed bylo Setk\u00e1n\u00ed k&nbsp;obnov\u011b \u010desk\u00e9 st\u00e1tnosti v&nbsp;z\u00e1\u0159\u00ed 2022, jeho\u017e se \u00fa\u010dastnil i&nbsp;Miroslav \u0160ev\u010d\u00edk.<\/span><\/p>\n<\/div>\n<div class=\"f_cq speakable\" data-dot=\"mol-paragraph\">\n<p class=\"e_cq\"><span class=\"atm-text-decorator\">Institut svat\u00e9ho Vojt\u011bcha m\u00e1 skrze Sem\u00edna a&nbsp;Drul\u00e1ka kontakty nap\u0159. na rakouskou neonacistickou stranu Svobodn\u00fdch, v\u00edt\u011bze posledn\u00edch parlamentn\u00edch voleb, a&nbsp;ma\u010farsk\u00fd Fidesz Viktora Orb\u00e1na, jejich\u017e z\u00e1stupci se na konferenc\u00edch institutu pravideln\u011b objevuj\u00ed. Hosty t\u011bchto akc\u00ed b\u00fdvaj\u00ed tak\u00e9&nbsp;<a class=\"e_x\" href=\"https:\/\/hlidacipes.org\/stredni-evropa-podle-petra-drulaka-byvaly-diplomat-jako-orbanuv-networker\/\" target=\"_blank\" rel=\"ugc noopener\" data-dot=\"atm-link\">politici za ANO a&nbsp;SPD<\/a>. Bl\u00edzko k&nbsp;t\u00e9to part\u011b m\u00e1 i&nbsp;kardin\u00e1l Dominik Duka. V&nbsp;roce 2023&nbsp;se konference \u00fa\u010dastnil i&nbsp;b\u00fdval\u00fd ministr spravedlnosti za ODS Pavel Bla\u017eek. Jeden ze zakladatel\u016f spolku, David \u010c\u00e1stek d\u0159\u00edve&nbsp;<a class=\"e_x\" href=\"https:\/\/zpravy.aktualne.cz\/domaci\/blazek-spolek-ruska-banka\/r~ad323966fa4611eda25a0cc47ab5f122\/\" target=\"_blank\" rel=\"ugc noopener\" data-dot=\"atm-link\">dozoroval ve zkrachoval\u00e9 rusk\u00e9 bance ERB bank<\/a>&nbsp;spolupracuj\u00edc\u00ed s&nbsp;lidmi okolo Vladimira Putina. Z\u00e1rove\u0148 jde o&nbsp;p\u0159\u00edtele vlivn\u00e9ho mu\u017ee b\u00fdval\u00e9ho prezidenta Zemana Martina Nejedl\u00e9ho, s&nbsp;n\u00edm\u017e Bla\u017eek na podzim 2021&nbsp;jednal o&nbsp;jmenov\u00e1n\u00ed vl\u00e1dy Petra Fialy, kter\u00fd Bla\u017ekovy pr\u016f\u0161vihy dlouhodob\u011b kryl.<\/span><\/p>\n<\/div>\n<div class=\"f_cq speakable\" data-dot=\"mol-paragraph\">\n<p class=\"e_cq\"><strong><span class=\"atm-text-decorator\"><span class=\"e_ak\">Okamurova politick\u00e1 neziskovka<\/span><\/span><\/strong><\/p>\n<\/div>\n<div class=\"f_cq speakable\" data-dot=\"mol-paragraph\">\n<p class=\"e_cq\"><span class=\"atm-text-decorator\">Strany a&nbsp;hnut\u00ed maj\u00ed za spln\u011bn\u00ed ur\u010dit\u00fdch podm\u00ednek pr\u00e1vo na p\u0159\u00edsp\u011bvek na provoz politick\u00e9ho institutu. ANO m\u00e1 Institut pro politiku a&nbsp;spole\u010dnost, ODS m\u00e1 Prav\u00fd b\u0159eh, lidovci maj\u00ed Institut pro k\u0159es\u0165ansko-demokratickou politiku, TOP 09&nbsp;m\u00e1 Topaz. SPD si po volb\u00e1ch v&nbsp;roce 2021&nbsp;zalo\u017eilo Institut svobody a&nbsp;p\u0159\u00edm\u00e9 demokracie, jeho\u017e n\u00e1zev se dob\u0159e plete s&nbsp;Institutem svobody a&nbsp;demokracie p\u0159ezd\u00edvan\u00e9mu Institut Bobo\u0161\u00edkov\u00e9. V&nbsp;lednu 2023&nbsp;po\u0159\u00e1dal institut semin\u00e1\u0159 s&nbsp;n\u00e1zvem&nbsp;<a class=\"e_x\" href=\"https:\/\/i-spd.cz\/clanky\/seminar-ispd-koreny-a-tradice-moderni-ceske-statnosti\/\" target=\"_blank\" rel=\"ugc noopener\" data-dot=\"atm-link\">Ko\u0159eny a&nbsp;tradice modern\u00ed \u010desk\u00e9 st\u00e1tnosti<\/a>. Akci inicioval Ji\u0159\u00ed Kobza, kter\u00fd pozd\u011bji z&nbsp;SPD ode\u0161el. Sestavu panelist\u016f tvo\u0159ila i&nbsp;jm\u00e9na, kter\u00e1 se tu ji\u017e n\u011bkolikr\u00e1t opakovala: Michal Sem\u00edn a&nbsp;Roman Cardal. \u010cl\u00e1nek o&nbsp;akci vy\u0161el i&nbsp;na webu Protiproud. Sem\u00edn ov\u0161em nen\u00ed jedin\u00fdm p\u0159\u00edkladem k\u0159es\u0165ansk\u00e9 pravice. P\u0159edseda institutu Josef Neru\u0161il je&nbsp;<a class=\"e_x\" href=\"https:\/\/1url.cz\/@halik-nerusil\" target=\"_blank\" rel=\"ugc noopener\" data-dot=\"atm-link\">podle kn\u011bze Tom\u00e1\u0161e Hal\u00edka<\/a>&nbsp;spoluodpov\u011bdn\u00fd za p\u0159\u00edklon kardin\u00e1la Dominika Duky k&nbsp;dezinformac\u00edm a&nbsp;krajn\u00ed pravici.<\/span><\/p>\n<\/div>\n<div class=\"f_cq speakable\" data-dot=\"mol-paragraph\">\n<p class=\"e_cq\"><span class=\"atm-text-decorator\">Na podzim 2024&nbsp;se konal semin\u00e1\u0159 \u201eZachra\u0148me na\u0161e d\u011bti p\u0159ed genderov\u00fdmi ideologiemi\u201c. Jedn\u00edm z&nbsp;panelist\u016f je Zden\u011bk Chytra, m\u00edstop\u0159edseda spolku Tradi\u010dn\u00ed rodina, \u010dlov\u011bk s&nbsp;<a class=\"e_x\" href=\"https:\/\/manipulatori.cz\/zdenek-chytra-a-jeho-neonacisticti-a-antisemitisticti-pratele\/\" target=\"_blank\" rel=\"ugc noopener\" data-dot=\"atm-link\">vazbami na neonacisty<\/a>&nbsp;a&nbsp;takt\u00e9\u017e na&nbsp;<a class=\"e_x\" href=\"https:\/\/manipulatori.cz\/kdo-stoji-za-prevodem-penez-do-nemecka\/\" target=\"_blank\" rel=\"ugc noopener\" data-dot=\"atm-link\">dezinforma\u010dn\u00ed a&nbsp;proruskou sc\u00e9nu<\/a>. V&nbsp;dubnu 2023&nbsp;<a class=\"e_x\" href=\"https:\/\/www.facebook.com\/Creativesociety.cs\/videos\/zden%C4%9Bk-chytra-m%C3%ADstop%C5%99edseda-spolku-tradi%C4%8Dn%C3%AD-rodina\/929374644700255\/\" target=\"_blank\" rel=\"ugc noopener\" data-dot=\"atm-link\">poskytl rozhovor<\/a>&nbsp;pro proruskou sektu Tvo\u0159iv\u00e1 spole\u010dnost. Jeho knihy se prod\u00e1vaj\u00ed na webu Slovansk\u00e1 kultura spojuj\u00edc\u00ed slovanstv\u00ed a&nbsp;ezoterismus. Za v\u0161e mluv\u00ed \u010dl\u00e1nek z&nbsp;prosince 2022 \u201eEsoterick\u00fd v\u00fdznam rasismu a&nbsp;jeho vliv na v\u00fdvoj lidstva\u201c.<\/span><\/p>\n<\/div>\n<div class=\"f_cq speakable\" data-dot=\"mol-paragraph\">\n<p class=\"e_cq\"><span class=\"atm-text-decorator\">Web tak\u00e9 \u010dasto zmi\u0148uje rakousk\u00e9ho okultistu Roberta Steinera. \u201eDle R. Steinera se nyn\u00ed nach\u00e1z\u00edme v&nbsp;5.&nbsp;v\u011bku zemsk\u00e9ho v\u00fdvoje, za n\u011bj\u017e odpov\u00edd\u00e1 \u00e1rijsk\u00e1 rasa, aktu\u00e1ln\u011b v&nbsp;situaci, kdy by m\u011blo doj\u00edt k&nbsp;p\u0159echodu z&nbsp;p\u00e1t\u00e9 sf\u00e9ry do sf\u00e9ry \u0161est\u00e9 a&nbsp;ot\u011b\u017ee v\u00fdvoje p\u0159eb\u00edr\u00e1 slovansk\u00e1 podrasa od podrasy germ\u00e1nsk\u00e9.\u201c Celkov\u00fd dojem z&nbsp;panslavisticky a&nbsp;prorusky zam\u011b\u0159en\u00e9ho webu podtrhuje slovansk\u00e1 svastika v&nbsp;logu str\u00e1nky a&nbsp;\u010dl\u00e1nek o&nbsp;\u00fadajn\u00e9 v\u00e1lce Z\u00e1padu proti Rusku. Jedin\u00e9, \u010d\u00edm se li\u0161\u00ed pangermanismus od panslavismu, je to, co n\u00e1sleduje po p\u0159edpon\u011b pan.<\/span><\/p>\n<\/div>\n<div class=\"f_cq speakable\" data-dot=\"mol-paragraph\">\n<p class=\"e_cq\"><strong><span class=\"atm-text-decorator\"><span class=\"e_ak\">Spolk\u016f nen\u00ed nikdy dost<\/span><\/span><\/strong><\/p>\n<\/div>\n<div class=\"f_cq speakable\" data-dot=\"mol-paragraph\">\n<p class=\"e_cq\"><span class=\"atm-text-decorator\">V\u0161echno v\u00fd\u0161e zm\u00edn\u011bn\u00e9 se propojuje v&nbsp;iniciativ\u011b Zachra\u0148me n\u00e1\u0161 st\u00e1t. Jako kdyby nesta\u010dilo, \u017ee n\u00e1rodoveck\u00fdch organizac\u00ed a&nbsp;politick\u00fdch stran je u\u017e tak p\u0159ehr\u0161el. Ve v\u00fdboru sed\u00ed Ji\u0159\u00ed Kobza, Zuzana Majerov\u00e1, Ladislav Jakl a&nbsp;Petr Bahn\u00edk. D\u00e1le Marek Obrtel, b\u00fdval\u00fd arm\u00e1dn\u00ed l\u00e9ka\u0159, velitel \u201epolovojensk\u00e9 organizace\u201c N\u00e1rodn\u00ed domobrana, kter\u00e1 byla v&nbsp;roce 2019&nbsp;v&nbsp;hled\u00e1\u010dku ministerstva vnitra. V&nbsp;l\u00e9t\u011b 2025&nbsp;na akci N\u00e1rodn\u00ed domobrany p\u0159edseda \u010cSNS a&nbsp;volebn\u00ed l\u00eddr hnut\u00ed STA\u010cILO v&nbsp;Kr\u00e1lovehradeck\u00e9m kraji Michal Klus\u00e1\u010dek&nbsp;<a class=\"e_x\" href=\"https:\/\/www.novinky.cz\/clanek\/domaci-amaterska-hra-na-vojaky-svedek-popsal-vycvik-domobrancu-klusacka-ze-stacilo-40529771\" target=\"_blank\" rel=\"ugc noopener\" data-dot=\"atm-link\">tr\u00e9noval \u010dleny spolku Svatopluk<\/a>. Obrtelova politick\u00e1 kari\u00e9ra zahrnuje protestn\u00ed sc\u00e9nu. Dvakr\u00e1t kandidoval za \u010ceskou stranu n\u00e1rodn\u011b soci\u00e1ln\u00ed, z&nbsp;toho jednou pod maskou STA\u010cILO do krajsk\u00e9ho zastupitelstva. P\u0159i \u201ecovidov\u00fdch\u201c sn\u011bmovn\u00edch volb\u00e1ch kandidoval za Voln\u00fd blok exposlance SPD Lubom\u00edra Voln\u00e9ho. O&nbsp;\u010dty\u0159i roky pozd\u011bji se spojil se STA\u010cILO. Dal\u0161\u00edm z&nbsp;\u010dlen\u016f v\u00fdboru je Zden\u011bk Koudelka, b\u00fdval\u00fd dlouholet\u00fd \u010dlen SOCDEM a&nbsp;\u00fastavn\u00ed pr\u00e1vn\u00edk, dnes je \u010dlenem Trikolory. Posledn\u00edm ze seznamu je homeopat V\u00e1clav Hrab\u00e1k.<\/span><\/p>\n<\/div>\n<div class=\"f_cq speakable\" data-dot=\"mol-paragraph\">\n<p class=\"e_cq\"><span class=\"atm-text-decorator\">Kam a\u017e sah\u00e1 tento nep\u0159\u00edli\u0161 zn\u00e1m\u00fd spolek? Jeho chapadla se t\u00e1hnou nap\u0159\u00ed\u010d politickou sc\u00e9nou. V&nbsp;seznamu podepsan\u00fdch jsou \u010dty\u0159i n\u011bkdej\u0161\u00ed poslanci za SPD a&nbsp;tak\u00e9 p\u0159edseda pra\u017esk\u00e9 SPD Josef Neru\u0161il a&nbsp;poradce SPD Tom\u00e1\u0161 Dole\u017eal. D\u00e1le t\u0159eba dezinform\u00e1tor Ladislav Vrabel, n\u011bkolik signat\u00e1\u0159\u016f Charty 77&nbsp;a&nbsp;paradoxn\u011b i&nbsp;v\u00fdznamn\u00e9 tv\u00e1\u0159e KS\u010cM Vojt\u011bch Filip a&nbsp;Josef Sk\u00e1la. Mezi dal\u0161\u00edmi je i&nbsp;podnikatel Zden\u011bk Jandejsek, podporovatel STA\u010cILO, Mat\u011bj Gregor, nyn\u011bj\u0161\u00ed poslanec za Motoristy, a&nbsp;Jana Turo\u0148ov\u00e1, \u010dlenka Svatopluku a&nbsp;\u010cSNS. Nesm\u00ed chyb\u011bt ani Michal Sem\u00edn.<\/span><\/p>\n<\/div>\n<div class=\"f_cq speakable\" data-dot=\"mol-paragraph\">\n<p class=\"e_cq\"><span class=\"atm-text-decorator\">Za\u0161ti\u0165uj\u00ed se pofid\u00e9rn\u00edmi \u201ealternativn\u00edmi m\u00e9dii\u201c: Vltava News spadaj\u00edc\u00ed pod organizaci N\u00e1rodn\u00ed proud, TV Raptor, projekt sdru\u017een\u00ed Hej, ob\u010dan\u00e9, web O&nbsp;\u010dem se ml\u010d\u00ed, Asociace nez\u00e1visl\u00fdch m\u00e9di\u00ed a&nbsp;v neposledn\u00ed \u0159ad\u011b Protiproud Petra H\u00e1jka. Hej, ob\u010dan\u00e9 je jedn\u00edm z&nbsp;mnoha n\u00e1rodoveck\u00fdch sdru\u017een\u00ed a&nbsp;sv\u00fdm programem se od ostatn\u00edch nijak neli\u0161\u00ed. Vltava News s&nbsp;N\u00e1rodn\u00edm proudem V\u00e1clava Hrab\u00e1ka spad\u00e1 do kategorie revolu\u010dn\u00edho nacionalismu s&nbsp;p\u0159\u00edchut\u00ed n\u00e1bo\u017eensk\u00e9ho fanatismu, tedy se stav\u00ed po bok Institutu sv. Josefa, Spole\u010dnosti pro svatov\u00e1clavsk\u00e1 studia a&nbsp;Patrimonium sancti Adalberti. Rozd\u00edl spo\u010d\u00edv\u00e1 v&nbsp;tom, \u017ee zat\u00edmco ostatn\u00ed p\u016fsob\u00ed dojmem think-tank\u016f, Hrab\u00e1k se jev\u00ed jenom jako tuctov\u00fd konspira\u010dn\u00ed teoretik om\u00edlaj\u00edc\u00ed to, co u\u017e bylo \u0159e\u010deno nespo\u010detn\u011bkr\u00e1t. Podle n\u011bj je syst\u00e9m politick\u00fdch stran jen \u201e<a class=\"e_x\" href=\"https:\/\/youtu.be\/jMKCXLkLflk?si=T2aMv5MccNmkn4FC&amp;t=42\" target=\"_blank\" rel=\"ugc noopener\" data-dot=\"atm-link\">n\u00e1strojem skryt\u00fdch nadn\u00e1rodn\u00edch \u0159\u00edd\u00edc\u00edch sktruktur<\/a>\u201c.<\/span><\/p>\n<\/div>\n<div class=\"f_cq speakable\" data-dot=\"mol-paragraph\">\n<p class=\"e_cq\"><span class=\"atm-text-decorator\">Tomio Okamura o&nbsp;sv\u00e9m hnut\u00ed tvrd\u00ed, \u017ee nen\u00ed fa\u0161istick\u00e9 ani nacistick\u00e9. Obklopuje se v\u0161ak lidmi, kte\u0159\u00ed maj\u00ed k&nbsp;t\u011bmto kruh\u016fm bl\u00edzko nebo jsou p\u0159\u00edmo jejich sou\u010d\u00e1st\u00ed. D\u011bje se tak nejen na lok\u00e1ln\u00ed, ale i&nbsp;na celoevropsk\u00e9 \u00farovni. To je v\u0161ak t\u00e9ma na jindy.<\/span><\/p>\n<\/div>\n<div class=\"f_cq speakable\" data-dot=\"mol-paragraph\">\n<p class=\"e_cq\"><span class=\"atm-text-decorator\">Zaj\u00edmav\u00e9 je, \u017ee spole\u010dn\u00fdm jmenovatelem zna\u010dn\u00e9 \u010d\u00e1sti jeho spojenc\u016f je b\u00fdval\u00fd prezident V\u00e1clav Klaus.<\/span><\/p>\n<p><a href=\"https:\/\/medium.seznam.cz\/clanek\/dominik-bocek-akta-okamura-prilis-podivni-pratele-aneb-co-se-nevite-o-spojencich-spd-196087\">Zdroj:<\/a><\/p>\n<\/div>\n<\/div>\n<\/article>\n<\/div>\n","protected":false},"excerpt":{"rendered":"<p>Spole\u010dn\u00e1 kandid\u00e1tka SPD, Trikolory, PRO a Svobodn\u00fdch ukazuje pozoruhodn\u00e9 jevy \u010desk\u00e9 krajn\u00ed pravice. Lid\u00e9 a strany, jimi\u017e se Tomio Okamura obklopuje, maj\u00ed toti\u017e zaj\u00edmavou minulost.<\/p>\n","protected":false},"author":9,"featured_media":0,"comment_status":"open","ping_status":"open","sticky":false,"template":"","format":"standard","meta":{"ngg_post_thumbnail":0,"footnotes":""},"categories":[11],"tags":[],"class_list":["post-14888","post","type-post","status-publish","format-standard","hentry","category-ozvena"],"_links":{"self":[{"href":"https:\/\/www.ladislavjakl.cz\/index.php?rest_route=\/wp\/v2\/posts\/14888","targetHints":{"allow":["GET"]}}],"collection":[{"href":"https:\/\/www.ladislavjakl.cz\/index.php?rest_route=\/wp\/v2\/posts"}],"about":[{"href":"https:\/\/www.ladislavjakl.cz\/index.php?rest_route=\/wp\/v2\/types\/post"}],"author":[{"embeddable":true,"href":"https:\/\/www.ladislavjakl.cz\/index.php?rest_route=\/wp\/v2\/users\/9"}],"replies":[{"embeddable":true,"href":"https:\/\/www.ladislavjakl.cz\/index.php?rest_route=%2Fwp%2Fv2%2Fcomments&post=14888"}],"version-history":[{"count":1,"href":"https:\/\/www.ladislavjakl.cz\/index.php?rest_route=\/wp\/v2\/posts\/14888\/revisions"}],"predecessor-version":[{"id":14889,"href":"https:\/\/www.ladislavjakl.cz\/index.php?rest_route=\/wp\/v2\/posts\/14888\/revisions\/14889"}],"wp:attachment":[{"href":"https:\/\/www.ladislavjakl.cz\/index.php?rest_route=%2Fwp%2Fv2%2Fmedia&parent=14888"}],"wp:term":[{"taxonomy":"category","embeddable":true,"href":"https:\/\/www.ladislavjakl.cz\/index.php?rest_route=%2Fwp%2Fv2%2Fcategories&post=14888"},{"taxonomy":"post_tag","embeddable":true,"href":"https:\/\/www.ladislavjakl.cz\/index.php?rest_route=%2Fwp%2Fv2%2Ftags&post=14888"}],"curies":[{"name":"wp","href":"https:\/\/api.w.org\/{rel}","templated":true}]}}