{"id":14903,"date":"2025-11-03T17:05:48","date_gmt":"2025-11-03T16:05:48","guid":{"rendered":"https:\/\/www.ladislavjakl.cz\/?p=14903"},"modified":"2025-11-03T17:05:48","modified_gmt":"2025-11-03T16:05:48","slug":"novi-poslanci-motoristu-co-tvar-to-kauza-nebo-kontroverze","status":"publish","type":"post","link":"https:\/\/www.ladislavjakl.cz\/?p=14903","title":{"rendered":"Nov\u00ed poslanci Motorist\u016f: Co tv\u00e1\u0159, to kauza nebo kontroverze"},"content":{"rendered":"<p>\u0158ada kontroverz\u00ed se&nbsp;poj\u00ed nejen s&nbsp;Filipem Turkem, ale i&nbsp;dal\u0161\u00edmi motoristick\u00fdmi poslanci. Macinka vyhro\u017eoval ekolog\u016fm, \u0160\u0165astn\u00fd byl spojen s&nbsp;pra\u017esk\u00fdm kmotrem Hrdli\u010dkou a&nbsp;Veseck\u00e1 se&nbsp;dopou\u0161t\u011bla machinac\u00ed p\u0159i vy\u0161et\u0159ov\u00e1n\u00ed \u010cunkovy kauzy.<\/p>\n<p><!--more--><\/p>\n<div class=\"articleWrapper svelte-1y7fz9t\">\n<div class=\"articleContentWrapper svelte-1y7fz9t\">\n<div class=\"text svelte-1y7fz9t\">\n<div>\n<div class=\"articleImage svelte-tmrz0e\"><img loading=\"lazy\" decoding=\"async\" class=\"svelte-tmrz0e visible\" src=\"https:\/\/static.denikreferendum.cz\/pictures\/54893\/article_body\/54893.jpg\" alt=\"\u201eOdideologizovat ministerstvo \u017eivotn\u00edho prost\u0159ed\u00ed by&nbsp;pro n\u00e1s ur\u010dit\u011b bylo zaj\u00edmav\u00fdm projektem. Kdyby jej z\u00edskali Motorist\u00e9, asi by&nbsp;chv\u00edli tekla zelen\u00e1 krev, ale pak by&nbsp;skon\u010dila doba v\u0161emo\u017en\u00fdch blok\u00e1d a&nbsp;obstrukc\u00ed, nejenom p\u0159i stavb\u00e1ch silnic a&nbsp;d\u00e1lnic.\u201c Tolik Petr Macinka. Foto FB&nbsp;Motorist\u00e9 sob\u011b\" width=\"486\" height=\"323\"><\/p>\n<div class=\"articleImageLabel svelte-tmrz0e\">\u201eOdideologizovat ministerstvo \u017eivotn\u00edho prost\u0159ed\u00ed by&nbsp;pro n\u00e1s ur\u010dit\u011b bylo zaj\u00edmav\u00fdm projektem. Kdyby jej z\u00edskali Motorist\u00e9, asi by&nbsp;chv\u00edli tekla zelen\u00e1 krev, ale pak by&nbsp;skon\u010dila doba v\u0161emo\u017en\u00fdch blok\u00e1d a&nbsp;obstrukc\u00ed, nejenom p\u0159i stavb\u00e1ch silnic a&nbsp;d\u00e1lnic.\u201c Tolik Petr Macinka. Foto FB&nbsp;Motorist\u00e9 sob\u011b<\/div>\n<\/div>\n<\/div>\n<p>Motorist\u00e9 sob\u011b se t\u0159in\u00e1cti poslanci jsou po TOP 09 nejmen\u0161\u00ed sn\u011bmovn\u00ed stranou, budou v\u0161ak m\u00edt dispropor\u010dn\u011b vysok\u00fd vliv na ustavuj\u00edc\u00ed se vl\u00e1du. V\u00edt\u011bzi voleb, hnut\u00ed ANO oligarchy Andreje Babi\u0161e, nezb\u00fdv\u00e1 ne\u017e sn\u011bmovn\u00ed v\u011bt\u0161inu op\u0159\u00edt krom SPD pr\u00e1v\u011b o n\u011b.<\/p>\n<p>A\u010dkoliv ve\u0159ejn\u011b jsou zn\u00e1my p\u0159edev\u0161\u00edm \u010detn\u00e9 kauzy \u010destn\u00e9ho prezidenta strany Filipa Turka, souvisej\u00edc\u00ed s&nbsp;jeho star\u0161\u00edmi rasistick\u00fdmi \u010di homofobn\u00edmi&nbsp;<a href=\"https:\/\/denikn.cz\/1864721\/popalit-cikane-je-polehcujici-okolnost-obama-je-negr-odhalujeme-smazany-svet-filipa-turka\/\" target=\"_blank\" rel=\"noopener\">vyj\u00e1d\u0159en\u00edmi<\/a>&nbsp;na&nbsp;soci\u00e1ln\u00edch s\u00edt\u00edch, \u00fatoky na&nbsp;oponenty, s&nbsp;jeho fascinac\u00ed nacistickou symbolikou, z\u00e1sadn\u00edm p\u0159ekra\u010dov\u00e1n\u00edm povolen\u00e9 rychlosti p\u0159i j\u00edzd\u011b na&nbsp;d\u00e1lnici,&nbsp;<a href=\"https:\/\/denikreferendum.cz\/clanek\/237285-turek-reguluje-automobilovy-prumysl-za-poradenstvi-v-nem-pritom-bere-statisice\" target=\"_blank\" rel=\"noopener\">st\u0159etem z\u00e1jm\u016f<\/a>, byznysem s&nbsp;pseudol\u00e9ka\u0159sk\u00fdmi produkty,&nbsp;<a href=\"https:\/\/www.irozhlas.cz\/zpravy-domov\/nakreslil-jsem-sibenici-aby-pochopil-turek-pred-8-lety-vyhrozoval-zamestnanci_2510150500_vtk\" target=\"_blank\" rel=\"noopener\">vyhro\u017eov\u00e1n\u00edm<\/a>&nbsp;sa\u00fadsk\u00e9mu diplomatovi nebo s&nbsp;\u00fadajn\u00fdm&nbsp;<a href=\"https:\/\/pagenotfound.cz\/clanek\/filip-turek-celi-trestnimu-oznameni-expartnerka-jej-vini-ze-znasilneni-a-roky-trvajiciho-nasili\" target=\"_blank\" rel=\"noopener\">dom\u00e1c\u00edm n\u00e1sil\u00edm&nbsp;<\/a>p\u00e1chan\u00fdm na&nbsp;b\u00fdval\u00e9 partnerce.<\/p>\n<p>I&nbsp;dal\u0161\u00ed motoristi\u010dt\u00ed poslanci maj\u00ed velmi bohatou a&nbsp;kontroverzn\u00ed minulost. Osobn\u00ed historii nejv\u00fdrazn\u011bj\u0161\u00edch motoristick\u00fdch politik\u016f rozeb\u00edr\u00e1me v&nbsp;anal\u00fdze.<\/p>\n<h3>Klausova hl\u00e1sn\u00e1 trouba<\/h3>\n<p>A\u010dkoliv nejzn\u00e1m\u011bj\u0161\u00ed tv\u00e1\u0159\u00ed Motorist\u016f je Filip Turek, jejich p\u0159edsedou a faktick\u00fdm zakladatelem je Petr Macinka, a\u017e doned\u00e1vna rovn\u011b\u017e dlouholet\u00fd mluv\u010d\u00ed Institutu V\u00e1clava Klause. Vyhran\u011bn\u011b ekonomicky pravicov\u00fd a kulturn\u011b konzervativn\u00ed Institut V\u00e1clava Klause dlouho pat\u0159il mezi nejv\u00fdznamn\u011bj\u0161\u00ed ideov\u00e9 think-tanky tuzemsk\u00e9 krajn\u00ed pravice.<\/p>\n<p>Klaus se&nbsp;od odchodu z&nbsp;aktivn\u00ed politiky profiluje na&nbsp;st\u00e1le ost\u0159ej\u0161\u00ed kritice Evropsk\u00e9 unie, Ukrajiny br\u00e1n\u00edc\u00ed se&nbsp;rusk\u00e9 agresi nebo hygienick\u00fdch opat\u0159en\u00ed proti \u0161\u00ed\u0159en\u00ed covidu, co\u017e se&nbsp;setk\u00e1v\u00e1 s&nbsp;jeho tradi\u010dn\u00edm odm\u00edt\u00e1n\u00edm lidsk\u00e9ho pod\u00edlu na&nbsp;klimatick\u00fdch zm\u011bn\u00e1ch a&nbsp;kritikou ob\u010dansk\u00e9 spole\u010dnosti, pro ni\u017e pomohl zav\u00e9st hanliv\u00fd pojem \u201epolitick\u00e9 neziskovky\u201c. B\u00fdval\u00fd prezident a&nbsp;n\u011bkdej\u0161\u00ed zakladatel ODS se&nbsp;v&nbsp;posledn\u00edch letech hl\u00e1sil k&nbsp;volebn\u00ed podpo\u0159e&nbsp;<a href=\"https:\/\/hlidacipes.org\/volil-jsem-spd-priznal-klaus\/\" target=\"_blank\" rel=\"noopener\">hnut\u00ed SPD<\/a>, v&nbsp;zahrani\u010d\u00ed potom obdivuje krajn\u011b pravicovou Alternativu pro N\u011bmecko nebo americk\u00e9ho prezidenta Donalda Trumpa.<\/p>\n<p>Jedn\u00edm z&nbsp;prominentn\u00edch \u010dlen\u016f Institutu V\u00e1clava Klause je&nbsp;t\u0159eba publicista Ladislav Jakl, kter\u00fd je&nbsp;\u010dast\u00fdm hostem alternativn\u00edch m\u00e9di\u00ed a&nbsp;spolu s&nbsp;dal\u0161\u00edmi \u010dleny Institutu pravideln\u011b p\u00ed\u0161e pro dezinforma\u010dn\u00ed, agresivn\u011b prorusk\u00fd a&nbsp;antivakcina\u010dn\u00ed server&nbsp;<a href=\"https:\/\/www.voxpot.cz\/satan-klaus-a-lidske-maso-proc-brat-vazne-konspirace-sirene-protiproudem\/\" target=\"_blank\" rel=\"noopener\">Protiproud<\/a>, zalo\u017een\u00fd b\u00fdval\u00fdm Klausov\u00fdm mluv\u010d\u00edm Petrem H\u00e1jkem.<\/p>\n<p>Mezi donory Klausova spolku pat\u0159\u00ed uhlobaron Pavel Tyka\u010d, kter\u00fd m\u00e1 s&nbsp;ohledem na&nbsp;sv\u00e9 podnik\u00e1n\u00ed z\u00e1jem na&nbsp;\u0161\u00ed\u0159en\u00ed klimaskeptick\u00fdch narativ\u016f, a&nbsp;hern\u00ed a&nbsp;medi\u00e1ln\u00ed magn\u00e1t Marek \u0160pan\u011bl, profiluj\u00edc\u00ed se&nbsp;jako \u010desk\u00e1 obdoba technologick\u00fdch miliard\u00e1\u0159\u016f kolem Trumpa ze&nbsp;Silicon Valley. V&nbsp;minulosti Institut V\u00e1clava Klause finan\u010dn\u011b podporovala skupina PPF dnes ji\u017e zesnul\u00e9ho oligarchy Petra Kellnera.<\/p>\n<p>Macinka za\u010dal budovat Motoristy v roce 2022 na struktu\u0159e skom\u00edraj\u00edc\u00ed euroskeptick\u00e9 Strany nez\u00e1vislosti \u010cR. Poprv\u00e9 kandidovali v komun\u00e1ln\u00edch volb\u00e1ch v z\u00e1\u0159\u00ed toho roku na pra\u017esk\u00fd magistr\u00e1t, Macinkou veden\u00e1 kandid\u00e1tka v\u0161ak z\u00edskala jen 2,29 procenta a do pra\u017esk\u00e9ho zastupitelstva se nedostala. Jej\u00edm hlavn\u00edm programem u\u017e tehdy byl odpor k jak\u00fdmkoliv opat\u0159en\u00edm na podporu udr\u017eiteln\u00e9 dopravy v hlavn\u00edm m\u011bst\u011b a omezov\u00e1n\u00ed individu\u00e1ln\u00ed automobilov\u00e9 dopravy. O dva roky pozd\u011bji p\u0159i\u0161el \u00fasp\u011bch v evropsk\u00fdch volb\u00e1ch a podzimn\u00ed ustavuj\u00edc\u00ed sn\u011bm.<\/p>\n<p>Macinka od&nbsp;sv\u00e9ho n\u011bkdej\u0161\u00edho nad\u0159\u00edzen\u00e9ho Klause p\u0159evzal relativizaci hrozby klimatick\u00fdch zm\u011bn. Krom toho se&nbsp;soustavn\u011b velmi ost\u0159e vymezuje v\u016f\u010di ekologick\u00fdm organizac\u00edm \u010di aktivist\u016fm, kte\u0159\u00ed v&nbsp;Praze po\u0159\u00e1daj\u00ed pochody za&nbsp;plo\u0161n\u00e9 sn\u00ed\u017een\u00ed maxim\u00e1ln\u00ed povolen\u00e9 rychlosti pro auta v&nbsp;ulic\u00edch na&nbsp;30 kilometr\u016f v&nbsp;hodin\u011b. Organizace, jako jsou D\u011bti Zem\u011b nebo Hnut\u00ed Duha, opakovan\u011b \u010dastuje n\u00e1lepkami jako \u201eekoterorist\u00e9\u201c a&nbsp;ji\u017e d\u0159\u00edve&nbsp;<a href=\"https:\/\/www.seznamzpravy.cz\/clanek\/domaci-politika-proc-ji-neodtahuji-za-vlasy-macinka-na-sitich-utoci-na-zelene-teroristy-289322\" target=\"_blank\" rel=\"noopener\">nazna\u010doval<\/a>, \u017ee pokud se&nbsp;Motorist\u00e9 dostanou k&nbsp;moci, budou ekologick\u00e9 organizace vy\u0161et\u0159ov\u00e1ny kv\u016fli \u201e\u00fa\u010dasti na&nbsp;organizovan\u00e9m zlo\u010dinu\u201c. V\u016f\u010di konkr\u00e9tn\u00edm aktivist\u016fm tak\u00e9 d\u0159\u00edve&nbsp;<a href=\"https:\/\/hlidacipes.org\/klausuv-mluvci-vidi-v-aktivistech-za-klima-teroristy-vyhrozuji-i-mne-tvrdi\/\" target=\"_blank\" rel=\"noopener\">\u0161tval<\/a>&nbsp;sv\u00e9 fanou\u0161ky na&nbsp;Facebooku.<\/p>\n<p>Od organizace D\u011bti Zem\u011b Macinka loni obdr\u017eel anticenu Zelen\u00e1 perla za&nbsp;nejv\u00edce antiekologick\u00fd v\u00fdrok roku. Prvn\u00ed m\u00edsto z\u00edskal za&nbsp;sv\u016fj v\u00fdrok pro server iDNES.cz: \u201eOdideologizovat ministerstvo \u017eivotn\u00edho prost\u0159ed\u00ed by&nbsp;pro n\u00e1s ur\u010dit\u011b bylo zaj\u00edmav\u00fdm projektem. Kdyby jej z\u00edskali Motorist\u00e9, asi by&nbsp;chv\u00edli tekla zelen\u00e1 krev, ale pak by&nbsp;skon\u010dila doba v\u0161emo\u017en\u00fdch blok\u00e1d a&nbsp;obstrukc\u00ed, nejenom p\u0159i stavb\u00e1ch silnic a&nbsp;d\u00e1lnic.\u201c<\/p>\n<p>Macinka se&nbsp;um\u00edstil t\u00e9\u017e hned na&nbsp;druh\u00e9m m\u00edst\u011b za&nbsp;sv\u016fj dal\u0161\u00ed v\u00fdrok pro stejn\u00fd web: \u201eP\u0159edstava, \u017ee je&nbsp;mo\u017en\u00e9 klima na&nbsp;Zemi ovliv\u0148ovat nebo stabilizovat, je&nbsp;naivn\u00ed, fale\u0161n\u00e1 a&nbsp;nev\u011bdeck\u00e1.\u201c I&nbsp;tyto jeho v\u00fdstupy zp\u016fsobily&nbsp;<a href=\"https:\/\/denikreferendum.cz\/clanek\/238066-co-delat-po-prelomove-demonstraci-nezpychnout-organizovat-a-nabidnout-program\" target=\"_blank\" rel=\"noopener\">n\u011bkolikatis\u00edcov\u00e9 protesty<\/a>&nbsp;v&nbsp;Praze i&nbsp;v&nbsp;Brn\u011b v&nbsp;minul\u00fdch t\u00fddnech proti jeho mo\u017en\u00e9mu jmenov\u00e1n\u00ed ministrem \u017eivotn\u00edho prost\u0159ed\u00ed.<\/p>\n<p>Macinka slibuje, \u017ee by&nbsp;v&nbsp;p\u0159\u00edpad\u011b n\u00e1stupu do&nbsp;funkce ministra \u017eivotn\u00edho prost\u0159ed\u00ed zru\u0161il ned\u00e1vno vyhl\u00e1\u0161enou chr\u00e1n\u011bnou krajinou oblast Soutok, proti n\u00ed\u017e dlouhodob\u011b&nbsp;<a href=\"https:\/\/denikreferendum.cz\/clanek\/238030-macinka-jetykacovym-sluhou-atykacovym-sluhou-bude-ivpozici-ministra\" target=\"_blank\" rel=\"noopener\">broj\u00ed<\/a>&nbsp;milionov\u00fd sponzor Motorist\u016f Franti\u0161ek Fabi\u010dovi\u010d. Na&nbsp;povolebn\u00ed jedn\u00e1n\u00ed s&nbsp;prezidentem p\u0159edseda Motorist\u016f p\u0159ijel v&nbsp;pick-upu, kter\u00fd m\u00e1 strana pronajat\u00fd od&nbsp;uherskohradi\u0161\u0165sk\u00e9ho&nbsp;<a href=\"https:\/\/www.idnes.cz\/zpravy\/domaci\/petr-macinka-auto-pickup-hrad.A251008_123549_domaci_pmk\" target=\"_blank\" rel=\"noopener\">podnikatele v&nbsp;hazardu<\/a>, v&nbsp;minulosti trestn\u011b st\u00edhan\u00e9ho Pavla Bur\u00e1n\u011b.<\/p>\n<div>\n<div class=\"articleImage svelte-tmrz0e\">\n<div class=\"drImageResizeButton svelte-tmrz0e\">\u2197<\/div>\n<p><img loading=\"lazy\" decoding=\"async\" class=\"svelte-tmrz0e visible\" src=\"https:\/\/static.denikreferendum.cz\/pictures\/54894\/article_body\/54894.jpg\" alt=\"V\u011brn\u00fd p\u0159\u00edtel V\u00e1clava Klause. Foto FB&nbsp;Boris \u0160\u0165astn\u00fd\" width=\"501\" height=\"334\"><\/p>\n<div class=\"articleImageLabel svelte-tmrz0e\">V\u011brn\u00fd p\u0159\u00edtel V\u00e1clava Klause. Foto FB&nbsp;Boris \u0160\u0165astn\u00fd<\/div>\n<\/div>\n<\/div>\n<h3>Pra\u017esk\u00e1 \u0161ed\u00e1 eminence<\/h3>\n<p>Boris \u0160\u0165astn\u00fd je&nbsp;jedin\u00fdm z&nbsp;nov\u00fdch motoristick\u00fdch poslanc\u016f, kter\u00fd ve&nbsp;sn\u011bmovn\u011b ji\u017e d\u0159\u00edve sed\u011bl. A to&nbsp;ve dvou volebn\u00edch obdob\u00edch mezi l\u00e9ty 2006 a\u017e 2013 za&nbsp;ODS. V&nbsp;dob\u011b p\u0159edsedy strany Mirka Topol\u00e1nka, kdy byly vztahy veden\u00ed ODS a&nbsp;jej\u00edho zakladatele a&nbsp;prezidenta V\u00e1clava Klause st\u00e1le napjat\u011bj\u0161\u00ed, pat\u0159il \u0160\u0165astn\u00fd mezi nejv\u011bt\u0161\u00ed Klausovy spojence mezi ob\u010dansk\u00fdmi demokraty. Po&nbsp;Klausov\u011b zvolen\u00ed prezidentem v&nbsp;roce 2003 byl \u0160\u0165astn\u00fd jeho poradcem pro zdravotnictv\u00ed, s&nbsp;prezidentem jej pojilo tak\u00e9 osobn\u00ed p\u0159\u00e1telstv\u00ed, chod\u00edvali spolu hr\u00e1t tenis.<\/p>\n<p>Podnikatel ve&nbsp;v\u00fdrob\u011b sportovn\u00edho vybaven\u00ed a&nbsp;pozd\u011bj\u0161\u00ed provozovatel s\u00edt\u011b soukrom\u00fdch alzheimer center budil jako poslanec ODS pozornost i&nbsp;t\u00edm, \u017ee navzdory stranick\u00e9 p\u0159\u00edslu\u0161nosti podporoval protiku\u0159\u00e1ck\u00fd z\u00e1kon a&nbsp;uz\u00e1kon\u011bn\u00ed eutanazie, v&nbsp;dob\u011b debat o&nbsp;registrovan\u00e9m partnerstv\u00ed podporoval tak\u00e9 zaveden\u00ed t\u00e9to podoby svazk\u016f gay\u016f a&nbsp;leseb.<\/p>\n<div class=\"infoBoxContainer svelte-lqjfx\">\n<div class=\"infoText svelte-lqjfx\">\n<ul>\n<li>Boris \u0160\u0165astn\u00fd (Praha), 55 let, b\u00fdval\u00fd politik ODS a podnikatel<\/li>\n<li>Filip Turek (St\u0159edo\u010desk\u00fd kraj), 40 let, europoslanec, influencer a podnikatel<\/li>\n<li>Igor \u010cerven\u00fd (St\u0159edo\u010desk\u00fd kraj), 41 let, akademik na Pedagogick\u00e9 fakult\u011b Univerzity Karlovy<\/li>\n<li>Miroslav Krej\u010d\u00ed (Jiho\u010desk\u00fd kraj), 45 let, informatik, b\u00fdval\u00fd \u0159editel Cermatu<\/li>\n<li>Oto Klemp\u00ed\u0159 (Plze\u0148sk\u00fd kraj), 62 let, hudebn\u00edk, politick\u00fd market\u00e9r<\/li>\n<li>Vladim\u00edr Pikora (\u00dasteck\u00fd kraj), 48 let, ekonom<\/li>\n<li>Renata Veseck\u00e1 (Kr\u00e1lov\u00e9hradeck\u00fd kraj), 65 let, advok\u00e1tka, b\u00fdval\u00e1 nejvy\u0161\u0161\u00ed st\u00e1tn\u00ed z\u00e1stupkyn\u011b<\/li>\n<li>Vojt\u011bch Kr\u0148ansk\u00fd (Pardubick\u00fd kraj), 36 let, starosta m\u011bsta Chrast<\/li>\n<li>Karel Beran (Kraj Vyso\u010dina), 59 let, kari\u00e9rn\u00ed diplomat<\/li>\n<li>Petr Macinka (Jihomoravsk\u00fd kraj), 47 let, b\u00fdval\u00fd mluv\u010d\u00ed Institutu V\u00e1clava Klause<\/li>\n<li>Gabriela Sedl\u00e1\u010dkov\u00e1 (Olomouck\u00fd kraj), 40 let, publicista VOX TV<\/li>\n<li>Ji\u0159\u00ed Bart\u00e1k (Zl\u00ednsk\u00fd kraj), 58 let, b\u00fdval\u00fd pedagog a funkcion\u00e1\u0159 Celn\u00ed spr\u00e1vy<\/li>\n<li>Mat\u011bj Gregor (Moravskoslezsk\u00fd kraj), 23 let, u\u010ditel \u010desk\u00e9ho jazyka<\/li>\n<\/ul>\n<\/div>\n<\/div>\n<p>V letech 2010 a\u017e 2013 byl \u0160\u0165astn\u00fd pra\u017esk\u00fdm zastupitelem a&nbsp;v&nbsp;dan\u00e9m \u010dase tak\u00e9 p\u0159edsedou pra\u017esk\u00e9 organizace ODS, tehdy ovl\u00e1dan\u00e9 kmotry Romanem Janou\u0161kem a&nbsp;Tom\u00e1\u0161em Hrdli\u010dkou. Pr\u00e1v\u011b z&nbsp;Hrdli\u010dkovy domovsk\u00e9 organizace na&nbsp;Praze 10&nbsp;\u0160\u0165astn\u00fd poch\u00e1zel. Tato organizace byla v&nbsp;opozici v\u016f\u010di tehdej\u0161\u00edmu pra\u017esk\u00e9mu prim\u00e1torovi z&nbsp;ODS Bohuslavu Svobodovi, kter\u00fd se&nbsp;roku 2011 po&nbsp;rozpadu tradi\u010dn\u00ed velk\u00e9 koalice ODS a&nbsp;\u010cSSD proti \u0160\u0165astn\u00e9ho v\u016fli spojil s&nbsp;novou TOP 09. \u0160\u0165astn\u00fd n\u00e1sledn\u011b rezignoval na&nbsp;pozici p\u0159edsedy pra\u017esk\u00e9 ODS.<\/p>\n<p>Hrdli\u010dka a&nbsp;Janou\u0161ek pat\u0159ili podle&nbsp;<a href=\"https:\/\/www.databazeknih.cz\/knihy\/od-totality-k-defektni-demokracii-266634\" target=\"_blank\" rel=\"noopener\">studie&nbsp;<\/a>politologa Michala Kl\u00edmy k&nbsp;\u0161ed\u00fdm eminenc\u00edm pra\u017esk\u00e9 ODS a&nbsp;re\u00e1ln\u00fdm vl\u00e1dc\u016fm Prahy, kte\u0159\u00ed vytv\u00e1\u0159eli kryt\u00ed prim\u00e1torovi Pavlu B\u00e9movi z&nbsp;ODS. Do&nbsp;reperto\u00e1ru jejich mocensk\u00fdch praktik pat\u0159ilo ovl\u00e1d\u00e1n\u00ed m\u00edstn\u00edch a&nbsp;okresn\u00edch organizac\u00ed prost\u0159edictv\u00edm n\u00e1kupu jednor\u00e1zov\u00fdch n\u00e1jemn\u00fdch stran\u00edk\u016f, kte\u0159\u00ed vstupovali bez jak\u00e9koliv p\u0159edchoz\u00ed aktivity do&nbsp;strany a na&nbsp;sn\u011bmech jako deleg\u00e1ti hlasovali pro konkr\u00e9tn\u00ed kandid\u00e1ty, kter\u00e9 \u017e\u00e1dal organiz\u00e1tor n\u00e1kup\u016f.<\/p>\n<p>Podobn\u00e1 praxe byla charakteristick\u00e1 v&nbsp;nult\u00fdch letech krom Prahy tak\u00e9 pro severn\u00ed \u010cechy a&nbsp;vedle ODS s&nbsp;n\u00ed m\u011bla probl\u00e9my tak\u00e9 \u010cSSD. V&nbsp;pra\u017esk\u00e9 politice ka\u017edop\u00e1dn\u011b podle Kl\u00edmy byli s&nbsp;Hrdli\u010dkou spojen\u00ed zejm\u00e9na \u0160\u0165astn\u00fd a&nbsp;d\u00e1le David Vodr\u00e1\u017eka, kter\u00fd je&nbsp;v\u00fdrazn\u00fdm politikem pra\u017esk\u00e9 ODS dodnes, je&nbsp;starostou Prahy 13&nbsp;a&nbsp;zastupitelem na&nbsp;magistr\u00e1tu.<\/p>\n<p>Zejm\u00e9na Hrdli\u010dka i po&nbsp;sv\u00e9m vylou\u010den\u00ed z&nbsp;ODS v&nbsp;roce 2013 do&nbsp;politiky p\u0159\u00edle\u017eitostn\u011b zasahoval, t\u0159eba jako&nbsp;<a href=\"https:\/\/zpravy.aktualne.cz\/domaci\/tiskl-letaky-radil-zemanovi-v-kampani-na-hrade-meli-vedet-ze\/r~e5b448ba0c1711e8b8310cc47ab5f122\/\" target=\"_blank\" rel=\"noopener\">sponzor<\/a>&nbsp;prezidentsk\u00e9 kampan\u011b Milo\u0161e Zemana z&nbsp;roku 2018. St\u00e1l v&nbsp;roce 2010 tak\u00e9 na&nbsp;pozad\u00ed strany V\u011bci ve\u0159ejn\u00e9, kterou zalo\u017eil majitel bezpe\u010dnostn\u00ed agentury ABL V\u00edt B\u00e1rta s&nbsp;c\u00edlem un\u00e9st st\u00e1tn\u00ed spr\u00e1vu a&nbsp;za\u0159\u00eddit st\u00e1tn\u00ed zak\u00e1zky pro svou spole\u010dnost. Podle Kl\u00edmy Hrdli\u010dka vznik VV&nbsp;inicioval jako potenci\u00e1ln\u00edho partnera pro ODS.<\/p>\n<p>\u0160\u0165astn\u00fd opustil ODS v&nbsp;roce 2013 na&nbsp;pozad\u00ed jej\u00edho p\u00e1du z&nbsp;pozice jedn\u00e9 ze&nbsp;dvou hlavn\u00edch politick\u00fdch sil pro odklon od&nbsp;hodnot V\u00e1clava Klause. Kritizoval rovn\u011b\u017e vylou\u010den\u00ed kmotra Hrdli\u010dky ze&nbsp;strany i&nbsp;ru\u0161en\u00ed n\u011bkter\u00fdch pra\u017esk\u00fdch m\u00edstn\u00edch organizac\u00ed masov\u011b infiltrovan\u00fdch n\u00e1jemn\u00fdmi stran\u00edky. Avizoval pl\u00e1n zalo\u017eit novou stranu, kterou povede Klaus, co\u017e se&nbsp;v\u0161ak nakonec nestalo.<\/p>\n<p>Do politiky se&nbsp;v\u0161ak \u0160\u0165astn\u00fd vrac\u00ed a\u017e v&nbsp;posledn\u00edch letech. Nejprve m\u011bl bl\u00edzko k&nbsp;hnut\u00ed ANO, jemu\u017e v&nbsp;letech 2020 a&nbsp;2021 daroval celkem \u010dtvrt milionu korun. \u010clenem Motorist\u016f sob\u011b je&nbsp;od lo\u0148ska, kdy v&nbsp;<a href=\"https:\/\/denikreferendum.cz\/clanek\/36722-ano-v-senatu-zdvojnasobi-sve-mandaty-vlade-jasna-vetsina-ale-zustane\" target=\"_blank\" rel=\"noopener\">z\u00e1\u0159ijov\u00fdch volb\u00e1ch<\/a>&nbsp;kandidoval do&nbsp;Sen\u00e1tu v&nbsp;Praze 12&nbsp;s&nbsp;podporou Motorist\u016f a&nbsp;ANO. Z\u00edskal sice 26,28 procenta hlas\u016f, ale sen\u00e1torem zvolen nebyl, nebo\u0165 ji\u017e v&nbsp;prvn\u00edm kole zv\u00edt\u011bzil s&nbsp;t\u00e9m\u011b\u0159 \u010dty\u0159iapades\u00e1ti procenty obhajuj\u00edc\u00ed Pavel Fischer (za TOP 09). Poslancem byl zvolen a\u017e nyn\u00ed.<\/p>\n<h3>Expert na&nbsp;podivn\u00e9 privatizace m\u011bstsk\u00fdch byt\u016f<\/h3>\n<p>B\u00fdval\u00fd v\u00fdrazn\u00fd politik ODS Boris \u0160\u0165astn\u00fd nen\u00ed jedin\u00fdm nov\u00fdm poslancem Motorist\u016f s&nbsp;minulost\u00ed v&nbsp;jin\u00e9 velk\u00e9 stran\u011b. Druh\u00fdm je&nbsp;poslanec za&nbsp;Pardubick\u00fd kraj Vojt\u011bch Kr\u0148ansk\u00fd, kter\u00fd je&nbsp;od roku 2018 dosud starostou zhruba t\u0159\u00edtis\u00edcov\u00e9ho m\u011bste\u010dka Chrast nedaleko Chrudimi a&nbsp;kter\u00fd byl v&nbsp;minulosti \u010dlenem hnut\u00ed ANO.<\/p>\n<p>Starostou Chrasti byl jako l\u00eddr kandid\u00e1tky ANO poprv\u00e9 zvolen v&nbsp;komun\u00e1ln\u00edch volb\u00e1ch 2018, je\u0161t\u011b v&nbsp;pr\u016fb\u011bhu volebn\u00edho obdob\u00ed v\u0161ak z&nbsp;Babi\u0161ova hnut\u00ed vystoupil a ve&nbsp;volb\u00e1ch 2022 obh\u00e1jil mand\u00e1t u\u017e jako nestranick\u00fd l\u00eddr kandid\u00e1tky Na\u0161e Chrast. Odchod z&nbsp;ANO&nbsp;<a href=\"https:\/\/www.idnes.cz\/volby\/pardubice\/volby-poslanecka-snemovna-motoriste-vojtech-krnansky-pardubicky-kraj.A250919_130627_pardubice-volby_lati\" target=\"_blank\" rel=\"noopener\">vysv\u011btlil<\/a>&nbsp;nespokojenost\u00ed s&nbsp;jeho \u00fadajn\u011b levicov\u00fdm sm\u011b\u0159ov\u00e1n\u00edm a&nbsp;odklonem od&nbsp;vize \u201e\u0159\u00eddit st\u00e1t jako firmu\u201c, v&nbsp;minulosti t\u00e9\u017e vyj\u00e1d\u0159il pro Parlamentn\u00ed listy nespokojenost s&nbsp;p\u0159\u00edli\u0161nou moc\u00ed, kterou m\u00e1 \u00fadajn\u011b v&nbsp;krajsk\u00e9m sdru\u017een\u00ed ANO poslanec Martin Kolovratn\u00edk.<\/p>\n<p>Loni pak ne\u00fasp\u011b\u0161n\u011b kandidoval do&nbsp;pardubick\u00e9ho krajsk\u00e9ho zastupitelstva na&nbsp;dvaadvac\u00e1t\u00e9m m\u00edst\u011b za&nbsp;uskupen\u00ed Spole\u010dn\u011b pro kraj a&nbsp;SOCDEM, veden\u00e9 hejtmanem Martinem Netolick\u00fdm (tehdy SOCDEM, dnes nestran\u00edk). Den\u00edk N&nbsp;<a href=\"https:\/\/denikn.cz\/1529389\/starosta-rozeslal-obcanum-sms-s-vyzvou-aby-ho-krouzkovali-ve-volbach-mam-databazi-cisel-vysvetluje\/\" target=\"_blank\" rel=\"noopener\">upozornil&nbsp;<\/a>na to, \u017ee Kr\u0148ansk\u00fd plo\u0161n\u011b skrze SMS vyz\u00fdval ob\u010dany m\u011bsta, aby jej krou\u017ekovali.<\/p>\n<p>Motorist\u00e9 Kr\u0148ansk\u00e9ho prezentuj\u00ed jako odborn\u00edka na&nbsp;m\u00edstn\u00ed rozvoj a&nbsp;bytovou problematiku a&nbsp;z&nbsp;t\u00e9to pozice vystupoval i&nbsp;v&nbsp;p\u0159edvolebn\u00edch debat\u00e1ch. Na&nbsp;TV Nova t\u0159eba pir\u00e1tsk\u00e9ho p\u0159edsedu Zde\u0148ka H\u0159iba kv\u016fli jeho pl\u00e1nu na&nbsp;zdan\u011bn\u00ed vlastn\u00edk\u016f v\u00edcero byt\u016f ozna\u010dil za&nbsp;\u201ekavi\u00e1rov\u00e9ho komunistu\u201c. S\u00e1m Kr\u0148ansk\u00fd p\u0159itom v&nbsp;minulosti \u010delil z&nbsp;podn\u011btu Pir\u00e1t\u016f&nbsp;<a href=\"https:\/\/denikn.cz\/1298346\/mesto-v-pardubickem-kraji-prodalo-napadne-levne-byty-koupili-je-take-lide-z-radnice\/\" target=\"_blank\" rel=\"noopener\">vy\u0161et\u0159ov\u00e1n\u00ed<\/a>&nbsp;Gener\u00e1ln\u00ed inspekc\u00ed bezpe\u010dnostn\u00edch sbor\u016f kv\u016fli podez\u0159ele levn\u00e9mu prodeji m\u011bstsk\u00fdch byt\u016f lidem spjat\u00fdm s&nbsp;veden\u00edm m\u011bsta.<\/p>\n<div>\n<div class=\"articleImage svelte-tmrz0e\">\n<div class=\"drImageResizeButton svelte-tmrz0e\">\u2197<\/div>\n<p><img loading=\"lazy\" decoding=\"async\" class=\"svelte-tmrz0e visible\" src=\"https:\/\/static.denikreferendum.cz\/pictures\/54895\/article_body\/54895.jpg\" alt=\"N\u011bkdej\u0161\u00ed st\u00e1tn\u00ed z\u00e1stupkyn\u011b proslula zejm\u00e9na podivn\u00fdmi machinacemi p\u0159i vy\u0161et\u0159ov\u00e1n\u00ed Ji\u0159\u00edho \u010cunka. Foto FB&nbsp;Renata Veseck\u00e1\" width=\"490\" height=\"326\"><\/p>\n<div class=\"articleImageLabel svelte-tmrz0e\">N\u011bkdej\u0161\u00ed st\u00e1tn\u00ed z\u00e1stupkyn\u011b proslula zejm\u00e9na podivn\u00fdmi machinacemi p\u0159i vy\u0161et\u0159ov\u00e1n\u00ed Ji\u0159\u00edho \u010cunka. Foto FB&nbsp;Renata Veseck\u00e1<\/div>\n<\/div>\n<\/div>\n<h3>N\u011bkdej\u0161\u00ed st\u00e1tn\u00ed z\u00e1stupkyn\u011b, ekonom i&nbsp;\u0161\u00e9f Cermatu<\/h3>\n<p>Kontroverze jsou spojen\u00e9 i&nbsp;s&nbsp;kari\u00e9rami dal\u0161\u00edch motoristick\u00fdch poslanc\u016f. Kr\u00e1lov\u00e9hradeck\u00e1 poslankyn\u011b Renata Veseck\u00e1 byla v&nbsp;letech 2005 a\u017e 2010 nejvy\u0161\u0161\u00ed st\u00e1tn\u00ed z\u00e1stupkyn\u00ed, p\u0159edt\u00edm byla st\u00e1tn\u00ed z\u00e1stupkyn\u00ed v&nbsp;Hradci Kr\u00e1lov\u00e9. Ve&nbsp;funkci \u010delila kritice zejm\u00e9na kv\u016fli&nbsp;<a href=\"https:\/\/ct24.ceskatelevize.cz\/clanek\/domaci\/vesecka-kolem-kauzy-cunek-je-mnoho-polopravd-konecny-verdikt-potrebuje-186502\" target=\"_blank\" rel=\"noopener\">machinac\u00edm&nbsp;<\/a>p\u0159i vy\u0161et\u0159ov\u00e1n\u00ed potenci\u00e1ln\u00ed korupce tehdej\u0161\u00edho ministra pro m\u00edstn\u00ed rozvoj \u2014 dnes sen\u00e1tora a&nbsp;starosty Vset\u00edna \u2014 Ji\u0159\u00edho \u010cunka (KDU-\u010cSL). Tehdej\u0161\u00ed nejvy\u0161\u0161\u00ed st\u00e1tn\u00ed z\u00e1stupkyn\u011b Marie Bene\u0161ov\u00e1 Veseckou ozna\u010dila za&nbsp;hlavu justi\u010dn\u00ed mafie, kter\u00e1 nez\u00e1konn\u011b ovliv\u0148uje pr\u016fb\u011bh vy\u0161et\u0159ov\u00e1n\u00ed \u010cunkovy kauzy. Kv\u016fli slov\u016fm n\u00e1sledoval vlekl\u00fd soudn\u00ed spor, Bene\u0161ov\u00e1 se&nbsp;v\u0161ak nakonec omlouvat nemusela.<\/p>\n<p>V roce 2010 vl\u00e1da zbavila Veseckou funkce pot\u00e9, co&nbsp;byl odvol\u00e1n \u0161\u00e9f libereck\u00e9 pobo\u010dky krajsk\u00e9ho st\u00e1tn\u00edho zastupitelstv\u00ed Adam Ba\u0161n\u00fd, jen\u017e se&nbsp;kriticky vyj\u00e1d\u0159il o&nbsp;\u010cunkov\u011b kauze. Proti Veseck\u00e9 protestovali vl\u00e1dn\u00ed Zelen\u00ed, opozi\u010dn\u00ed \u010cSSD, ombudsman Otakar Motejl i&nbsp;profesn\u00ed organizace jako Unie st\u00e1tn\u00edch z\u00e1stupc\u016f a&nbsp;Soudcovsk\u00e1 unie. Pozd\u011bji v&nbsp;letech 2014 a\u017e 2016 Veseck\u00e1 p\u016fsobila na&nbsp;Energetick\u00e9m regula\u010dn\u00edm \u00fa\u0159adu, tehdy veden\u00e9m Alenou Vit\u00e1skovou.<\/p>\n<p>\u00dasteck\u00fdm poslancem za&nbsp;Motoristy bude Vladim\u00edr Pikora, medi\u00e1ln\u011b exponovan\u00fd ekonom zn\u00e1m\u00fd sv\u00fdm pravicov\u00fdm neoliber\u00e1ln\u00edm profilem a&nbsp;kritikou rozpo\u010dtov\u00e9 ne\u00faspornosti a&nbsp;siln\u00e9ho st\u00e1tu. Ve&nbsp;sv\u00fdch publicistick\u00fdch v\u00fdstupech se&nbsp;vyjad\u0159uje ale k&nbsp;\u0161ir\u0161\u00edmu okruhu spole\u010densk\u00fdch ot\u00e1zek, ne\u017e je&nbsp;pouze ekonomie: pro Reflex t\u0159eba&nbsp;<a href=\"https:\/\/www.reflex.cz\/clanek\/komentare\/98576\/vladimir-pikora-klima-jako-zaminka-ke-zniceni-kapitalismu-a-svobody.html\" target=\"_blank\" rel=\"noopener\">ost\u0159e kritizoval<\/a>&nbsp;aktivisty za&nbsp;klima jako\u017eto \u201ealarmisty\u201c, kter\u00fdm o&nbsp;klima nejde, ale cht\u011bj\u00ed \u201ezni\u010dit kapitalismus, blahobyt a&nbsp;svobodu\u201c. V&nbsp;Motoristech sob\u011b se&nbsp;anga\u017euje hned od&nbsp;jejich vzniku, ne\u00fasp\u011b\u0161n\u011b ji\u017e za&nbsp;n\u011b kandidoval na&nbsp;pra\u017esk\u00fd magistr\u00e1t i do&nbsp;Evropsk\u00e9ho parlamentu.<\/p>\n<p>Pikora byl d\u0159\u00edve man\u017eelem Mark\u00e9ty \u0160ichta\u0159ov\u00e9 \u2014 paradoxn\u011b tak\u00e9 nov\u00e9 poslankyn\u011b zvolen\u00e9 v&nbsp;Praze za&nbsp;Svobodn\u00e9 na&nbsp;kandid\u00e1tce SPD \u2014 s&nbsp;n\u00ed\u017e napsal n\u011bkolik populariza\u010dn\u00edch knih o&nbsp;ekonomii. Za&nbsp;titul Lumpov\u00e9 a&nbsp;ber\u00e1nci v&nbsp;roce 2015 obdr\u017eeli cenu Magnesia Litera. Se&nbsp;\u0160ichta\u0159ovou v\u0161ak m\u011bl v&nbsp;uplynul\u00fdch letech Pikora bou\u0159liv\u00fd a&nbsp;bulv\u00e1rn\u011b vd\u011b\u010dn\u00fd rozvod. Jeho man\u017eelka a&nbsp;matka jeho sedmi d\u011bt\u00ed jej opakovan\u011b obvinila z&nbsp;dom\u00e1c\u00edho n\u00e1sil\u00ed na&nbsp;n\u00ed i na&nbsp;jejich d\u011btech a&nbsp;ve\u0159ejn\u011b se&nbsp;d\u011blila o&nbsp;detaily z&nbsp;jejich toxick\u00e9ho sou\u017eit\u00ed. To&nbsp;Pikora ozna\u010dil za&nbsp;l\u017eiv\u00e1 na\u0159\u010den\u00ed.<\/p>\n<p>Jiho\u010desk\u00fdm poslancem za&nbsp;Motoristy sob\u011b se&nbsp;stal Miroslav Krej\u010d\u00ed, kter\u00fd od&nbsp;roku 2022 do&nbsp;lo\u0148ska vedl st\u00e1tn\u00ed p\u0159\u00edsp\u011bvkovou organizaci Cermat, kter\u00e1 organizuje p\u0159ij\u00edmac\u00ed zkou\u0161ky na&nbsp;st\u0159edn\u00ed \u0161koly a&nbsp;st\u00e1tn\u00ed maturity. Za&nbsp;jeho p\u016fsoben\u00ed se&nbsp;poda\u0159ilo \u2014 by\u0165 s&nbsp;obt\u00ed\u017eemi kv\u016fli \u010dasov\u00e9 t\u00edsni \u2014 digitalizovat dosud archaick\u00fd pap\u00edrov\u00fd syst\u00e9m p\u0159ihl\u00e1\u0161ek na&nbsp;st\u0159edn\u00ed \u0161koly. Z&nbsp;veden\u00ed instituce s\u00e1m ode\u0161el kv\u016fli st\u00ed\u017enostem pod\u0159\u00edzen\u00fdch na&nbsp;jeho zp\u016fsoby \u0159\u00edzen\u00ed.<\/p>\n<p>Za Plze\u0148sk\u00fd kraj je&nbsp;motoristick\u00fdm poslancem n\u011bkdej\u0161\u00ed texta\u0159 kapery J. A. R. Oto Klemp\u00ed\u0159. Ten se&nbsp;v&nbsp;posledn\u00edch letech \u017eivil politick\u00fdm marketingem, d\u0159\u00edve spolupracoval na&nbsp;kampan\u00edch ODS, Pir\u00e1t\u016f \u010di Karla Schwarzenberga. V&nbsp;roce 2019 se&nbsp;pro Reflex p\u0159iznal, \u017ee p\u0159ed Listopadem p\u016fsobil jako agent St\u00e1tn\u00ed bezpe\u010dnosti. Nyn\u00ed se&nbsp;o&nbsp;n\u011bm hovo\u0159\u00ed jako o&nbsp;nov\u00e9m ministru kultury za&nbsp;Motoristy sob\u011b.<\/p>\n<h3>Antirou\u0161ka\u0159i a&nbsp;dezinform\u00e1to\u0159i<\/h3>\n<p>Za Olomouck\u00fd kraj v&nbsp;nov\u00e9 sn\u011bmovn\u011b zasedne Gabriela Sedl\u00e1\u010dkov\u00e1, n\u011bkdej\u0161\u00ed \u010dlenka mal\u00e9 ne\u00fasp\u011b\u0161n\u00e9 Konzervativn\u00ed strany, dnes nestrani\u010dka za&nbsp;Motoristy sob\u011b a&nbsp;asistentka \u010destn\u00e9ho p\u0159edsedy strany Filipa Turka. Pr\u00e1v\u011b ona, jak sama p\u0159iznala, na&nbsp;Turkovu \u017e\u00e1dost kr\u00e1tce po&nbsp;jeho vstupu do&nbsp;politiky promaz\u00e1vala jeho Facebook od&nbsp;kontroverzn\u00edch p\u0159\u00edsp\u011bvk\u016f.<\/p>\n<p>Krom toho, \u017ee Sedl\u00e1\u010dkov\u00e1 moderovala Turk\u016fv po\u0159ad Po&nbsp;\u017en\u00edch, je&nbsp;dnes vedouc\u00ed publicistiky internetov\u00e9 alternativn\u00ed VOX TV. Krom toho p\u016fsob\u00ed jako provozn\u00ed mana\u017eerka ve&nbsp;Spole\u010dnosti na&nbsp;obranu svobody projevu, instituce, s&nbsp;n\u00ed\u017e je&nbsp;spojen\u00fd zn\u00e1m\u00fd \u010desk\u00fd hern\u00ed v\u00fdvoj\u00e1\u0159 Daniel V\u00e1vra. Spole\u010dnost m\u00e1 form\u00e1ln\u011b za&nbsp;sv\u016fj c\u00edl bojovat za&nbsp;svobodu projevu a&nbsp;proti n\u00e1zorov\u00e9 cenzu\u0159e, v&nbsp;praxi v\u0161ak&nbsp;<a href=\"https:\/\/denikreferendum.cz\/clanek\/237944-pravicovi-populiste-chteji-volne-sireni-dezinformaci-vedi-ze-z-toho-profituji\" target=\"_blank\" rel=\"noopener\">propaguje<\/a>&nbsp;politiku sou\u010dasn\u00e9 populistick\u00e9 pravice v&nbsp;\u010dele s&nbsp;Donaldem Trumpem a&nbsp;podkop\u00e1v\u00e1 snahy o&nbsp;<a href=\"https:\/\/denikreferendum.cz\/clanek\/237817-rozhovor-svedcem-potrebujeme-prisnejsi-postihy-dezinformatoru\" target=\"_blank\" rel=\"noopener\">obranyschopnost demokracie<\/a>&nbsp;v\u016f\u010di systematicky \u0161\u00ed\u0159en\u00fdm destruktivn\u00edm l\u017e\u00edm. Organizace stoj\u00ed tak\u00e9 za&nbsp;akc\u00ed&nbsp;<a href=\"https:\/\/denikreferendum.cz\/clanek\/237669-konzervativni-kemp-potvrdil-sirokou-protisystemovou-koalici\" target=\"_blank\" rel=\"noopener\">Konzervativn\u00ed kemp<\/a>, na n\u00ed\u017e vystupuj\u00ed politici Motorist\u016f sob\u011b, ANO, SPD, STA\u010cILO! nebo radik\u00e1ln\u00edho k\u0159\u00eddla ODS a vyhl\u00ed\u017eej\u00ed \u201ekonzervativn\u00ed kontrarevoluci\u201c proti progresivismu.<\/p>\n<p>Revoluci proti progresivismu vyhl\u00ed\u017e\u00ed i&nbsp;moravskoslezsk\u00fd poslanec Motorist\u016f Mat\u011bj Gregor. T\u0159iadvacetilet\u00fd politik bude v&nbsp;nov\u00e9 sn\u011bmovn\u011b t\u0159et\u00edm nejmlad\u0161\u00edm po&nbsp;Julii Smejkalov\u00e9 (STAN) a&nbsp;Katerin\u011b Demetrashvili (Pir\u00e1ti), zku\u0161enosti v\u0161ak ji\u017e m\u00e1. Je\u0161t\u011b jako student st\u0159edn\u00ed \u0161koly za&nbsp;covidu vystupoval jako \u0159e\u010dn\u00edk na&nbsp;antirou\u0161ka\u0159sk\u00fdch protestech Otev\u0159eme \u010cesko, posl\u00e9ze \u0159e\u010dnil i na&nbsp;protestech proti Fialov\u011b vl\u00e1d\u011b a&nbsp;proti \u010desk\u00e9 podpo\u0159e Ukrajiny, organizovan\u00fdch Ladislavem Vrabelem a&nbsp;Jind\u0159ichem Rajchlem. Anga\u017eoval se&nbsp;tak\u00e9 ve&nbsp;spolku Odchod, kter\u00fd propagoval vystoupen\u00ed \u010cesk\u00e9 republiky z&nbsp;Evropsk\u00e9 unie.<\/p>\n<p>A\u017e do&nbsp;lo\u0148ska byl Gregor \u010dlenem Svobodn\u00fdch, byl za&nbsp;n\u011b zvolen v&nbsp;komun\u00e1ln\u00edch volb\u00e1ch zastupitelem ostravsk\u00e9 m\u011bstsk\u00e9 \u010d\u00e1sti V\u00edtkovice, loni pak za&nbsp;n\u011b ne\u00fasp\u011b\u0161n\u011b kandidoval z&nbsp;druh\u00e9ho m\u00edsta kandid\u00e1tky do&nbsp;Evropsk\u00e9ho parlamentu. Svobodn\u00ed sice se&nbsp;ziskem 1,8 procenta mand\u00e1ty v&nbsp;Evropsk\u00e9m parlamentu nez\u00edskali, Gregor v\u0161ak na&nbsp;po\u010det preferen\u010dn\u00edch hlas\u016f p\u0159edstihl i&nbsp;l\u00eddra kandid\u00e1tky a&nbsp;p\u0159edsedu Libora Vondr\u00e1\u010dka \u2014 mimochodem dal\u0161\u00edho letos nov\u011b zvolen\u00e9ho poslance za&nbsp;SPD.<\/p>\n<p>Dnes Gregor vede Generaci Motor, ml\u00e1de\u017enickou organizaci Motorist\u016f sob\u011b, kter\u00e1 proslula misogynn\u00edmi v\u00fdstupy sv\u00fdch \u010dlen\u016f a&nbsp;opakovan\u011b \u00fato\u010dila na&nbsp;men\u0161iny \u2014 t\u0159eba, kdy\u017e ozna\u010dovala kohokoliv, kdo se&nbsp;neidentifikuje se&nbsp;sv\u00fdm biologick\u00fdm pohlav\u00edm, za&nbsp;\u201epsychickou poruchu\u201c. Jsou-li pravdiv\u00e9 \u00fadaje o&nbsp;po\u010dtu \u010dlen\u016f, kter\u00e9 Generace Motor poskytla m\u00e9di\u00edm, \u0161lo by&nbsp;o&nbsp;nejpo\u010detn\u011bj\u0161\u00ed \u010deskou ml\u00e1de\u017enickou organizaci, n\u00e1sobn\u011b p\u0159evy\u0161uj\u00edc\u00ed i&nbsp;politick\u00e9 p\u0159\u00edpravky zaveden\u00fdch parlamentn\u00edch stran. Mlad\u00ed motorist\u00e9 sou\u010dasn\u011b<a href=\"https:\/\/www.respekt.cz\/tydenik\/2024\/50\/budou-knucet-budou-jecet-ale-vy-budete-mucednici\" target=\"_blank\" rel=\"noopener\">&nbsp;hl\u00e1sili<\/a>, \u017ee maj\u00ed ambici vytvo\u0159it na&nbsp;\u010desk\u00fdch univerzit\u00e1ch s\u00ed\u0165 \u201ekonzervativn\u00edch kruh\u016f\u201c, kter\u00e9 budou potla\u010dovat progresivn\u00ed n\u00e1zory ve&nbsp;vysoko\u0161kolsk\u00e9m prost\u0159ed\u00ed.<\/p>\n<p><a href=\"https:\/\/denikreferendum.cz\/clanek\/238112-novi-poslanci-motoristu-co-tvar-to-kauza-nebo-kontroverze\">Zdroj:<\/a><\/p>\n<div class=\"svelte-1ij0syt\">&nbsp;<\/div>\n<div class=\"svelte-lctiek\">&nbsp;<\/div>\n<\/div>\n<\/div>\n<div>\n<div id=\"ozdoba-sky-wrapper\" class=\"svelte-1dy0vgk\">\n<div id=\"div-gpt-ad-1702337805105-0\" class=\"svelte-1dy0vgk\" data-google-query-id=\"CMqNqpat1pADFQXORAcdVH09nA\">\n<div id=\"google_ads_iframe_\/22701203846\/denikreferendum.cz\/skyscraper_0__container__\">&nbsp;<\/div>\n<\/div>\n<\/div>\n<div class=\"articleMetaColumn svelte-1y7fz9t\">\n<div class=\"authorInfo svelte-91nkxy\">\n<div class=\"imageContainer svelte-91nkxy\">\n<div class=\"authorImage svelte-1emuwwv\">&nbsp;<\/div>\n<\/div>\n<\/div>\n<\/div>\n<\/div>\n<\/div>\n<div class=\"articleBottom svelte-1y7fz9t\">\n<div class=\"socialButtons2 svelte-1y7fz9t\">&nbsp;<\/div>\n<\/div>\n","protected":false},"excerpt":{"rendered":"<p>\u0158ada kontroverz\u00ed se&nbsp;poj\u00ed nejen s&nbsp;Filipem Turkem, ale i&nbsp;dal\u0161\u00edmi motoristick\u00fdmi poslanci. Macinka vyhro\u017eoval ekolog\u016fm, \u0160\u0165astn\u00fd byl spojen s&nbsp;pra\u017esk\u00fdm kmotrem Hrdli\u010dkou a&nbsp;Veseck\u00e1 se&nbsp;dopou\u0161t\u011bla machinac\u00ed p\u0159i vy\u0161et\u0159ov\u00e1n\u00ed \u010cunkovy kauzy.<\/p>\n","protected":false},"author":9,"featured_media":0,"comment_status":"open","ping_status":"open","sticky":false,"template":"","format":"standard","meta":{"ngg_post_thumbnail":0,"footnotes":""},"categories":[11],"tags":[],"class_list":["post-14903","post","type-post","status-publish","format-standard","hentry","category-ozvena"],"_links":{"self":[{"href":"https:\/\/www.ladislavjakl.cz\/index.php?rest_route=\/wp\/v2\/posts\/14903","targetHints":{"allow":["GET"]}}],"collection":[{"href":"https:\/\/www.ladislavjakl.cz\/index.php?rest_route=\/wp\/v2\/posts"}],"about":[{"href":"https:\/\/www.ladislavjakl.cz\/index.php?rest_route=\/wp\/v2\/types\/post"}],"author":[{"embeddable":true,"href":"https:\/\/www.ladislavjakl.cz\/index.php?rest_route=\/wp\/v2\/users\/9"}],"replies":[{"embeddable":true,"href":"https:\/\/www.ladislavjakl.cz\/index.php?rest_route=%2Fwp%2Fv2%2Fcomments&post=14903"}],"version-history":[{"count":1,"href":"https:\/\/www.ladislavjakl.cz\/index.php?rest_route=\/wp\/v2\/posts\/14903\/revisions"}],"predecessor-version":[{"id":14904,"href":"https:\/\/www.ladislavjakl.cz\/index.php?rest_route=\/wp\/v2\/posts\/14903\/revisions\/14904"}],"wp:attachment":[{"href":"https:\/\/www.ladislavjakl.cz\/index.php?rest_route=%2Fwp%2Fv2%2Fmedia&parent=14903"}],"wp:term":[{"taxonomy":"category","embeddable":true,"href":"https:\/\/www.ladislavjakl.cz\/index.php?rest_route=%2Fwp%2Fv2%2Fcategories&post=14903"},{"taxonomy":"post_tag","embeddable":true,"href":"https:\/\/www.ladislavjakl.cz\/index.php?rest_route=%2Fwp%2Fv2%2Ftags&post=14903"}],"curies":[{"name":"wp","href":"https:\/\/api.w.org\/{rel}","templated":true}]}}