{"id":14921,"date":"2025-11-18T23:00:08","date_gmt":"2025-11-18T22:00:08","guid":{"rendered":"https:\/\/www.ladislavjakl.cz\/?p=14921"},"modified":"2025-11-18T23:00:08","modified_gmt":"2025-11-18T22:00:08","slug":"chcipajici-kobyla-nejvic-kope-nove-demokraticke-centrum-eu-je-podle-jakla-projev-slabosti","status":"publish","type":"post","link":"https:\/\/www.ladislavjakl.cz\/?p=14921","title":{"rendered":"Chc\u00edpaj\u00edc\u00ed kobyla nejv\u00edc kope. Nov\u00e9 demokratick\u00e9 centrum EU je podle Jakla projev slabosti"},"content":{"rendered":"<div class=\"article__lead\">EK zakl\u00e1d\u00e1 nov\u00e9 Centrum demokratick\u00e9 odolnosti, aby l\u00e9pe \u010delila manipulac\u00edm s informacemi. \u00da\u010dinnost iniciativy zpochybnil Ladislav Jakl, \u0159editel Centra spole\u010densk\u00fdch studi\u00ed IVK. Vrac\u00ed m\u011b to do \u010das\u016f boje se \u201ez\u00e1padn\u00edmi \u0161tvav\u00fdmi vys\u00edla\u010dkami\u201c. Je to projev slabosti unijn\u00edho re\u017eimu,\u201c \u0159ekl pro ne\u010cT24.<\/div>\n<div>&nbsp;<\/div>\n<p><!--more--><\/p>\n<p><b>Evropsk\u00e1 komise hodl\u00e1 zalo\u017eit Centrum demokratick\u00e9 odolnosti, kter\u00e9 bude bojovat s \u201einforma\u010dn\u00edmi manipulacemi ze zahrani\u010d\u00ed\u201c a proti \u201eciz\u00edmu vm\u011b\u0161ov\u00e1n\u00ed\u201c do d\u011bn\u00ed ve st\u00e1tech EU. Informoval o tom den\u00edk The Guardian s odkazem na unikl\u00e9 dokumenty. Co si o tomto pl\u00e1nu mysl\u00edte?<\/b><\/p>\n<p>P\u0159edpokl\u00e1d\u00e1m, \u017ee tento projekt bude financov\u00e1n z prost\u0159edk\u016f, kter\u00e9 dosud EU vyd\u00e1v\u00e1 na v\u0161emo\u017enou podporu \u201edemokratick\u00fdch sil\u201c v\u0161ude po sv\u011bt\u011b. Bylo by p\u0159ece pon\u011bkud protimluvn\u00e9 vyd\u00e1vat miliardy na p\u016fsoben\u00ed r\u016fzn\u00fdch opozi\u010dn\u00edch seskupen\u00ed, hnut\u00ed, projev\u016f odporu k moci a ve prosp\u011bch mocensk\u00fdch zm\u011bn v mnoha zem\u00edch sv\u011bta, a z\u00e1rove\u0148 tvrdit, \u017ee sv\u011bt nesm\u00ed b\u00fdt sly\u0161et v EU.<b><\/p>\n<p>Vid\u00edte v tomto z\u00e1m\u011bru mo\u017en\u00e9 ohro\u017een\u00ed svobody slova?<\/b><\/p>\n<p>Propagandistick\u00e1 centra EU p\u0159ece u\u017e nyn\u00ed disponuj\u00ed mnoha platformami, kde jsou prezentov\u00e1na unijn\u00ed stanoviska v\u016f\u010di mnoha sporn\u00fdm probl\u00e9m\u016fm sv\u011bta. Ka\u017ed\u00fd, kdo si chce naj\u00edt unijn\u00ed pravdu, aby byl vyzbrojen proti \u201einforma\u010dn\u00edm manipulac\u00edm ze zahrani\u010d\u00ed\u201c, m\u00e1 k tomu u\u017e dnes dostatek p\u0159\u00edle\u017eitost\u00ed. Zjevn\u011b tedy nejde o h\u00e1jen\u00ed a prezentaci unijn\u00edch pravd, ale sp\u00ed\u0161e o potla\u010dov\u00e1n\u00ed neunijn\u00edch \u201enepravd\u201c. Trochu m\u011b to vrac\u00ed do ml\u00e1d\u00ed, do \u010das\u016f boje se \u201ez\u00e1padn\u00edmi \u0161tvav\u00fdmi vys\u00edla\u010dkami\u201c.<\/p>\n<p><b>Podle Va\u0161ich zku\u0161enost\u00ed s fact-checkingov\u00fdmi platformami a \u201enez\u00e1visl\u00fdmi experty\u201c, nakolik jsou tato centra d\u016fv\u011bryhodn\u00e1? Podle \u010deho se bude posuzovat \u201epravdivost\u201c jejich posudk\u016f?<\/b><\/p>\n<p>V\u00edm, jak tyhle boj\u016fvky mnohokr\u00e1t psaly o mn\u011b. Jsou to stejn\u00e9 metody, jak\u00fdmi se kdysi bojovalo proti t\u0159\u00eddn\u00edm nep\u0159\u00e1tel\u016fm.<\/p>\n<p><b>Pro\u010d podle V\u00e1s podobn\u00e9 centrum vznik\u00e1 pr\u00e1v\u011b nyn\u00ed?<\/b><\/p>\n<p>Je to projev slabosti unijn\u00edho re\u017eimu. Chc\u00edpaj\u00edc\u00ed kobyla nejv\u00edc kope.<\/p>\n<p><b>M\u016f\u017ee vznik takov\u00e9ho n\u00e1stroje p\u0159edstavovat nebezpe\u010d\u00ed pro demokracie, pokud si vzpomeneme na opakov\u00e1n\u00ed voleb v Rumunsku pod z\u00e1minkou ciz\u00edho vm\u011b\u0161ov\u00e1n\u00ed?<\/b><\/p>\n<p>Nev\u011b\u0159\u00edm, \u017ee se lid\u00e9 daj\u00ed dlouhodob\u011b zblbnout. Pom\u011b\u0159uj\u00ed sv\u011bt podle sv\u00fdch zku\u0161enost\u00ed. Hl\u00e1sn\u00e9 trouby unijn\u00ed propagandy budou za chv\u00edli jen pro legraci, jako slavn\u00fd Jake\u0161\u016fv projev z \u010cerven\u00e9ho Hr\u00e1dku.<br \/>\n<b><br \/>\nD\u011bkujeme za rozhovor!<\/b><\/p>\n<p><a href=\"https:\/\/42tcen.com\/index.php\/entry\/chcipajici-kobyla-nejvic-kope-nove-demokraticke-centrum-eu-je-podle-jakla-projev-slabosti\">Zdroj:<\/a><\/p>\n","protected":false},"excerpt":{"rendered":"<p>EK zakl\u00e1d\u00e1 nov\u00e9 Centrum demokratick\u00e9 odolnosti, aby l\u00e9pe \u010delila manipulac\u00edm s informacemi. \u00da\u010dinnost iniciativy zpochybnil Ladislav Jakl, \u0159editel Centra spole\u010densk\u00fdch studi\u00ed IVK. Vrac\u00ed m\u011b to do \u010das\u016f boje se \u201ez\u00e1padn\u00edmi \u0161tvav\u00fdmi vys\u00edla\u010dkami\u201c. Je to projev slabosti unijn\u00edho re\u017eimu,\u201c \u0159ekl pro ne\u010cT24. &nbsp;<\/p>\n","protected":false},"author":9,"featured_media":0,"comment_status":"open","ping_status":"open","sticky":false,"template":"","format":"standard","meta":{"ngg_post_thumbnail":0,"footnotes":""},"categories":[13],"tags":[],"class_list":["post-14921","post","type-post","status-publish","format-standard","hentry","category-rozhovory"],"_links":{"self":[{"href":"https:\/\/www.ladislavjakl.cz\/index.php?rest_route=\/wp\/v2\/posts\/14921","targetHints":{"allow":["GET"]}}],"collection":[{"href":"https:\/\/www.ladislavjakl.cz\/index.php?rest_route=\/wp\/v2\/posts"}],"about":[{"href":"https:\/\/www.ladislavjakl.cz\/index.php?rest_route=\/wp\/v2\/types\/post"}],"author":[{"embeddable":true,"href":"https:\/\/www.ladislavjakl.cz\/index.php?rest_route=\/wp\/v2\/users\/9"}],"replies":[{"embeddable":true,"href":"https:\/\/www.ladislavjakl.cz\/index.php?rest_route=%2Fwp%2Fv2%2Fcomments&post=14921"}],"version-history":[{"count":1,"href":"https:\/\/www.ladislavjakl.cz\/index.php?rest_route=\/wp\/v2\/posts\/14921\/revisions"}],"predecessor-version":[{"id":14922,"href":"https:\/\/www.ladislavjakl.cz\/index.php?rest_route=\/wp\/v2\/posts\/14921\/revisions\/14922"}],"wp:attachment":[{"href":"https:\/\/www.ladislavjakl.cz\/index.php?rest_route=%2Fwp%2Fv2%2Fmedia&parent=14921"}],"wp:term":[{"taxonomy":"category","embeddable":true,"href":"https:\/\/www.ladislavjakl.cz\/index.php?rest_route=%2Fwp%2Fv2%2Fcategories&post=14921"},{"taxonomy":"post_tag","embeddable":true,"href":"https:\/\/www.ladislavjakl.cz\/index.php?rest_route=%2Fwp%2Fv2%2Ftags&post=14921"}],"curies":[{"name":"wp","href":"https:\/\/api.w.org\/{rel}","templated":true}]}}