{"id":14949,"date":"2025-11-28T15:15:22","date_gmt":"2025-11-28T14:15:22","guid":{"rendered":"https:\/\/www.ladislavjakl.cz\/?p=14949"},"modified":"2025-11-28T15:15:22","modified_gmt":"2025-11-28T14:15:22","slug":"dve-fotky","status":"publish","type":"post","link":"https:\/\/www.ladislavjakl.cz\/?p=14949","title":{"rendered":"Dv\u011b fotky"},"content":{"rendered":"<p>Cheb je m\u011bstem s&nbsp;tis\u00edciletou pohnutou historii. Nejm\u00e9n\u011b 150 posledn\u00edch let z&nbsp;n\u00ed je zdokumentov\u00e1no dobov\u00fdmi fotografiemi. A dv\u011b z&nbsp;nich jsou mimo\u0159\u00e1dn\u011b zaj\u00edmav\u00e9 sv\u00fdm vz\u00e1jemn\u00fdm srovn\u00e1n\u00edm.<\/p>\n<p><!--more--><\/p>\n<p>Ob\u011b zachycuj\u00ed hlavn\u00ed n\u00e1m\u011bst\u00ed, dnes zvan\u00e9 Kr\u00e1le Ji\u0159\u00edho z&nbsp;Pod\u011bbrad. Prvn\u00ed fotka je sp\u00ed\u0161e ponur\u00e1, jede po n\u00ed n\u011bkolik obrn\u011bn\u00fdch voz\u016f, kter\u00e9 nev\u00edt\u00e1 nikdo, p\u0159i podrobn\u011bj\u0161\u00edm pr\u016fzkumu sn\u00edmku najdeme jednoho ob\u010dana schovan\u00e9ho za Herkulovou ka\u0161nou p\u0159ed \u0160pal\u00ed\u010dkem, druh\u00fd obejduje n\u011bkde u pr\u016fchodu do dne\u0161n\u00ed Provaznick\u00e9 ulice. Na t\u00e9 druh\u00e9 fotografii vid\u00edme tis\u00edce m\u00edstn\u00edch obyvatel radostn\u011b v\u00edtaj\u00edc\u00edch p\u0159ij\u00ed\u017ed\u011bj\u00edc\u00edho osvoboditele kv\u011btinami a pozdravn\u00fdmi gesty. V\u011bt\u0161\u00ed kontrast si snad ani nem\u016f\u017eeme vymyslet.<\/p>\n<p>Druh\u00e1 zm\u00edn\u011bn\u00e1 fotka je star\u0161\u00ed. Poch\u00e1z\u00ed ze t\u0159et\u00edho \u0159\u00edjna roku 1938. V\u00edtan\u00fdm osvoboditelem (aspo\u0148 tak ho zjevn\u011b vid\u011bla naprost\u00e1 v\u011bt\u0161ina tehdej\u0161\u00edch m\u00edstn\u00edch obyvatel) byl Adolf Hitler, kter\u00fd se p\u0159ijel pod\u00edvat na Mnichovskou dohodou pr\u00e1v\u011b \u201eosvobozen\u00e9\u201c m\u011bsto.<\/p>\n<p>Prvn\u011b jmenovan\u00e1 fotka je ze t\u0159ic\u00e1t\u00e9ho dubna 1945 a zachycuje p\u0159\u00edjezd jednotky, kterou nikdo z&nbsp;m\u00edstn\u00edch za osvoboditele nepova\u017euje. Je to 1. \u010ceskoslovensk\u00e1 obrn\u011bn\u00e1 brig\u00e1da, kter\u00e1 vstoupila do m\u011bsta hned po americk\u00fdch jednotk\u00e1ch a symbolicky tak obnovila \u010deskoslovenskou spr\u00e1vu nad Chebem. (O 14 let pozd\u011bji jsem se narodil v&nbsp;ulici po t\u00e9to jednotce pojmenovan\u00e9.)&nbsp;<\/p>\n<p>Co n\u00e1m \u0159\u00edk\u00e1 srovn\u00e1n\u00ed obou fotek? Naprost\u00e1 v\u011bt\u0161ina m\u00edstn\u00edch obyvatel nepova\u017eovala \u010ceskoslovensko za sv\u016fj st\u00e1t. V\u00edtala p\u0159ipojen\u00ed k&nbsp;N\u011bmecku a obnoven\u00ed p\u0159\u00edslu\u0161nosti k&nbsp;\u010deskoslovensk\u00e9mu st\u00e1tu pot\u00e9 vn\u00edmala jako polit\u00ed ledovou vodou. I proto jen p\u00e1r let po v\u00e1lce v\u011bt\u0161ina t\u011bchto obyvatel Chebu u\u017e nebyla obyvateli Chebu. Ztr\u00e1ta domova byla jednou z&nbsp;trag\u00e9di\u00ed stra\u0161liv\u00e9 v\u00e1lky, stejn\u011b jakou byla ztr\u00e1ta domova pro tis\u00edce \u010cech\u016f, vyh\u00e1n\u011bn\u00fdch z&nbsp;pohrani\u010d\u00ed t\u011bsn\u011b p\u0159ed a t\u011bsn\u011b po Mnichovu. Nemluv\u011b o milionech mrtv\u00fdch.<\/p>\n<p>Mnoho sudetsk\u00fdch N\u011bmc\u016f na svou n\u011bkdej\u0161\u00ed domovinu nezanev\u0159elo a podobn\u011b jako t\u0159eba Anton Hart podporovali nap\u0159\u00edklad obnovu pam\u00e1tek v&nbsp;Chebu i okol\u00ed. Jin\u00ed c\u00edtili k\u0159ivdu, a tu p\u0159enesli i na sv\u00e9 potomky.<\/p>\n<p>Potomci se sdru\u017euj\u00ed a udr\u017euj\u00ed p\u0159i \u017eivot\u011b folkl\u00f3r i sentimenty. A tak\u00e9 specifick\u00e9 egerlandsk\u00e9 n\u00e1\u0159e\u010d\u00ed, kter\u00e9 d\u00edky nim je\u0161t\u011b zcela nevym\u0159elo. Sdru\u017euj\u00ed se a sch\u00e1zej\u00ed se. A nap\u0159\u00ed\u0161t\u011b se maj\u00ed sej\u00edt v&nbsp;Brn\u011b.<\/p>\n<p>Jestli tam budou m\u00edst p\u0159evahu ti, kdo v&nbsp;sob\u011b \u017eiv\u00ed k\u0159ivdy, nebo ti, kdo se um\u011bli vyrovnat s&nbsp;minulost\u00ed, to nev\u00edme. Bylo by ale nanejv\u00fd\u0161 dob\u0159e, kdyby si v\u0161ichni \u00fa\u010dastn\u00edci, ale i v\u0161ichni ti, kdo jejich akci budou popisovat a hodnotit, p\u0159ipomn\u011bli ob\u011b tyhle fotografie a chv\u00edli o nich a o jejich kontrastu p\u0159em\u00fd\u0161leli. V&nbsp;t\u011bch fotk\u00e1ch je odpov\u011b\u010f na ty nejd\u016fle\u017eit\u011bj\u0161\u00ed ot\u00e1zky doby.<\/p>\n<p><em>Ladislav Jakl, 27. 11. 2025&nbsp;<\/em><\/p>\n<p><a href=\"https:\/\/www.institutvk.cz\/clanky\/3283.html\">Zdroj:<\/a><\/p>\n","protected":false},"excerpt":{"rendered":"<p>Cheb je m\u011bstem s&nbsp;tis\u00edciletou pohnutou historii. Nejm\u00e9n\u011b 150 posledn\u00edch let z&nbsp;n\u00ed je zdokumentov\u00e1no dobov\u00fdmi fotografiemi. A dv\u011b z&nbsp;nich jsou mimo\u0159\u00e1dn\u011b zaj\u00edmav\u00e9 sv\u00fdm vz\u00e1jemn\u00fdm srovn\u00e1n\u00edm.<\/p>\n","protected":false},"author":9,"featured_media":0,"comment_status":"open","ping_status":"open","sticky":false,"template":"","format":"standard","meta":{"ngg_post_thumbnail":0,"footnotes":""},"categories":[1],"tags":[],"class_list":["post-14949","post","type-post","status-publish","format-standard","hentry","category-publikovane-clanky"],"_links":{"self":[{"href":"https:\/\/www.ladislavjakl.cz\/index.php?rest_route=\/wp\/v2\/posts\/14949","targetHints":{"allow":["GET"]}}],"collection":[{"href":"https:\/\/www.ladislavjakl.cz\/index.php?rest_route=\/wp\/v2\/posts"}],"about":[{"href":"https:\/\/www.ladislavjakl.cz\/index.php?rest_route=\/wp\/v2\/types\/post"}],"author":[{"embeddable":true,"href":"https:\/\/www.ladislavjakl.cz\/index.php?rest_route=\/wp\/v2\/users\/9"}],"replies":[{"embeddable":true,"href":"https:\/\/www.ladislavjakl.cz\/index.php?rest_route=%2Fwp%2Fv2%2Fcomments&post=14949"}],"version-history":[{"count":1,"href":"https:\/\/www.ladislavjakl.cz\/index.php?rest_route=\/wp\/v2\/posts\/14949\/revisions"}],"predecessor-version":[{"id":14950,"href":"https:\/\/www.ladislavjakl.cz\/index.php?rest_route=\/wp\/v2\/posts\/14949\/revisions\/14950"}],"wp:attachment":[{"href":"https:\/\/www.ladislavjakl.cz\/index.php?rest_route=%2Fwp%2Fv2%2Fmedia&parent=14949"}],"wp:term":[{"taxonomy":"category","embeddable":true,"href":"https:\/\/www.ladislavjakl.cz\/index.php?rest_route=%2Fwp%2Fv2%2Fcategories&post=14949"},{"taxonomy":"post_tag","embeddable":true,"href":"https:\/\/www.ladislavjakl.cz\/index.php?rest_route=%2Fwp%2Fv2%2Ftags&post=14949"}],"curies":[{"name":"wp","href":"https:\/\/api.w.org\/{rel}","templated":true}]}}