{"id":14957,"date":"2025-12-05T11:22:24","date_gmt":"2025-12-05T10:22:24","guid":{"rendered":"https:\/\/www.ladislavjakl.cz\/?p=14957"},"modified":"2025-12-05T11:22:24","modified_gmt":"2025-12-05T10:22:24","slug":"ladislav-jakl-pivo-odpocinkovy-stout-uz-je-na-svete-a-s-nim-i-lp-odpocivej-v-pokoji","status":"publish","type":"post","link":"https:\/\/www.ladislavjakl.cz\/?p=14957","title":{"rendered":"Ladislav Jakl: Pivo Odpo\u010dinkov\u00fd stout u\u017e je na sv\u011bt\u011b a s n\u00edm i LP Odpo\u010d\u00edvej v pokoji!"},"content":{"rendered":"<p>Frontman kapely Folimanka Blues si ud\u011blal radost. V t\u011bchto dnech vyd\u00e1v\u00e1 sv\u00e9 nov\u00e9 vinylov\u00e9 album Odpo\u010d\u00edvej v pokoji. Podle Ladislava Jakla bude po hudebn\u00ed a obsahov\u00e9 str\u00e1nce zcela z\u00e1sadn\u00ed a naprosto se vymykaj\u00edc\u00ed soudob\u00e9 \u010desk\u00e9 hudebn\u00ed tvorb\u011b. Na albu se pracovalo rok a vyd\u00e1vaj\u00ed ho Indies Happy Trails. Obsahuje v\u00fdhradn\u011b p\u00edsn\u011b, kter\u00e9 dosud nikdy nikde jinde nevy\u0161ly.<\/p>\n<p><!--more--><\/p>\n<figure id=\"attachment_15350\" class=\"wp-caption aligncenter\" aria-describedby=\"caption-attachment-15350\"><img loading=\"lazy\" decoding=\"async\" class=\"wp-image-15350 size-full entered lazyloaded\" src=\"https:\/\/viposobnosti.cz\/wp-content\/uploads\/2023\/08\/Ladislav-Jakl.jpg\" alt=\"\" width=\"400\" height=\"370\" data-lazy-src=\"https:\/\/viposobnosti.cz\/wp-content\/uploads\/2023\/08\/Ladislav-Jakl.jpg\" data-ll-status=\"loaded\"><figcaption id=\"caption-attachment-15350\" class=\"wp-caption-text\">Frontman kapely Folimanka Blues | Foto: se souhlasem Ladislav Jakl<\/figcaption><\/figure>\n<p class=\"-wm-MsoNormal\">&nbsp;<\/p>\n<p>&nbsp;<\/p>\n<p class=\"-wm-msonormal\"><b>Pane Jakle, vy jste letit\u00fd frontman rockov\u00e9 kapely Folimanka Blues. Jak se v\u00e1m ji poda\u0159ilo tak dlouho udr\u017eet pohromad\u011b?<\/b><\/p>\n<p class=\"-wm-msonormal\">No, j\u00e1 jsem ji tak \u00fapln\u011b pohromad\u011b neudr\u017eel. Ze zakl\u00e1daj\u00edc\u00ed sestavy z&nbsp;roku 1993 jsem posledn\u00ed na\u017eivu. Hr\u00e1t se mnou v&nbsp;kapele je asi dost rizikov\u00e9 povol\u00e1n\u00ed. Na\u0161t\u011bst\u00ed se ale v\u017edy na\u0161el dal\u0161\u00ed a dal\u0161\u00ed dobrodruh, kter\u00fd do toho se mnou \u0161el. A ka\u017ed\u00fd sebou p\u0159inesl n\u011bjakou svou vlastn\u00ed osobitost.<\/p>\n<p class=\"-wm-msonormal\"><b>Co bylo na va\u0161\u00ed spolupr\u00e1ci nejt\u011b\u017e\u0161\u00ed a co nejhez\u010d\u00ed?<\/b><\/p>\n<p class=\"-wm-msonormal\">Jsem dost pali\u010dat\u00fd a nut\u00edm muzikanty, aby p\u0159esn\u011b dodr\u017eovali sv\u00e9 party. A to je \u010dasto moc nebav\u00ed. Ale pak si v\u011bci sednou, zapadnou do sebe a v\u0161ichni c\u00edt\u00ed, \u017ee to je ono.<\/p>\n<div class=\"elementor-element elementor-element-772566d4 elementor-widget elementor-widget-text-editor\" data-id=\"772566d4\" data-element_type=\"widget\" data-widget_type=\"text-editor.default\">\n<div class=\"elementor-widget-container\">\n<p class=\"-wm-msonormal\"><b>Vy si ke sv\u00fdm narozenin\u00e1m (17. prosince pozn. red.) d\u00e1v\u00e1te d\u00e1rek v&nbsp;podob\u011b nov\u00e9ho alba, a to po dvan\u00e1ctilet\u00e9 pauze od toho p\u0159edchoz\u00edho. Pro\u010d bude vinylov\u00e9?<\/b><\/p>\n<p class=\"-wm-msonormal\">Vyd\u00e1n\u00ed zhruba koliduje v m\u00fdmi narozeninami jen n\u00e1hodou. Sp\u00ed\u0161 jsem cht\u011bl, aby vy\u0161lo na Du\u0161i\u010dky, to by t\u00e9matu odpov\u00eddalo v\u00edc. A vinyl? To byl u\u017e dlouho m\u016fj sen. Vinylov\u00e9 elp\u00ed\u010dko je opravdov\u00fd artefakt, i v\u00fdtvarn\u00fd, ne jen takov\u00e1 krabi\u010dka, jako jsou c\u00e9d\u00e9\u010dka. A kdy\u017e mi bylo jasn\u00e9, jakou z\u00e1kladn\u00ed n\u00e1ladu nov\u00e9 album bude m\u00edt, bylo rozhodnuto, \u017ee pr\u00e1v\u011b k n\u011bmu se bude vinyl skv\u011ble hodit.<\/p>\n<p class=\"-wm-msonormal\"><b>Co v\u00e1s p\u0159ivedlo k&nbsp;n\u00e1zvu Odpo\u010d\u00edvej v&nbsp;pokoji?<\/b><\/p>\n<p class=\"-wm-msonormal\">Je to n\u00e1zev tituln\u00ed p\u00edsn\u011b. Je v&nbsp;tom n\u011bco bilan\u010dn\u00edho, rekapitula\u010dn\u00edho, definitivn\u00edho, ho\u0159k\u00e9ho. Jako hudba na cel\u00e9m albu.<\/p>\n<\/div>\n<\/div>\n<div class=\"elementor-element elementor-element-5f3336ab elementor-widget elementor-widget-text-editor\" data-id=\"5f3336ab\" data-element_type=\"widget\" data-widget_type=\"text-editor.default\">\n<div class=\"elementor-widget-container\">\n<p class=\"-wm-msonormal\"><b>Jak\u00e9 bude po hudebn\u00ed a obsahov\u00e9 str\u00e1nce? M\u016f\u017eou va\u0161i fanou\u0161ci o\u010dek\u00e1vat styl, na kter\u00fd jsou od v\u00e1s zvykl\u00ed nebo bude zcela jin\u00e9?<\/b><\/p>\n<p class=\"-wm-msonormal\">Mysl\u00edm, \u017ee jsme v\u017edy byli stylov\u011b pest\u0159\u00ed a jen t\u011b\u017eko za\u0159aditeln\u00ed. A to z\u016fst\u00e1v\u00e1. Jen jsme mo\u017en\u00e1 na jist\u00e9 podivnosti, v\u00fdst\u0159ednosti a dr\u00e1savosti pon\u011bkud p\u0159idali.<\/p>\n<p class=\"-wm-msonormal\"><b>O v\u00e1s je zn\u00e1mo, \u017ee jste nejen milovn\u00edk, ale tak\u00e9 znalec piva. Propoj\u00edte LP Odpo\u010d\u00edvej v pokoji s n\u011bkter\u00fdm z va\u0161ich obl\u00edben\u00fdch pivovar\u016f a jak?<\/b><\/p>\n<p class=\"-wm-msonormal\">No jasn\u011b! Elp\u00ed\u010dkov\u00e9 pivo u\u017e existuje. Vyrobil ho pivovar Trilobit ve spolupr\u00e1ci s&nbsp;B\u0159evnovsk\u00fdm kl\u00e1\u0161tern\u00edm pivovarem. Je to pivo temn\u00e9, siln\u00e9 a ho\u0159k\u00e9. P\u0159esn\u011b takov\u00e9, jak\u00e9 je i album. Jmenuje se Odpo\u010dinkov\u00fd stout.<\/p>\n<figure id=\"attachment_21199\" class=\"wp-caption aligncenter\" aria-describedby=\"caption-attachment-21199\"><img loading=\"lazy\" decoding=\"async\" class=\"wp-image-21199 size-medium entered lazyloaded\" src=\"https:\/\/viposobnosti.cz\/wp-content\/uploads\/2025\/12\/stazeny-soubor-600x450.jpeg\" alt=\"\" width=\"600\" height=\"450\" data-lazy-src=\"https:\/\/viposobnosti.cz\/wp-content\/uploads\/2025\/12\/stazeny-soubor-600x450.jpeg\" data-ll-status=\"loaded\"><figcaption id=\"caption-attachment-21199\" class=\"wp-caption-text\">Foto: se souhlasem Ladislava Jakla<\/figcaption><\/figure>\n<\/div>\n<\/div>\n<div class=\"elementor-element elementor-element-6108d232 elementor-widget elementor-widget-text-editor\" data-id=\"6108d232\" data-element_type=\"widget\" data-widget_type=\"text-editor.default\">\n<div class=\"elementor-widget-container\">\n<p class=\"-wm-msonormal\"><b>Jak dlouho jste na tomto albu pracoval a kdo stoj\u00ed za jeho vyd\u00e1n\u00edm?<\/b><\/p>\n<p class=\"-wm-msonormal\">Za albem je v\u00edc ne\u017e rok pr\u00e1ce. A docela tvrd\u00e9. Nahr\u00e1valo se ve studiu Sunmusic v&nbsp;Tuchom\u011b\u0159ic\u00edch a vyd\u00e1vaj\u00ed ho v&nbsp;t\u011bchto dnech Indies Happy Trails.<\/p>\n<p class=\"-wm-msonormal\"><b>Hudbu i texty jste slo\u017eil vy. Kde jste bral invenci a na jak\u00e9 skladby, p\u00edsn\u011b se m\u016f\u017eeme t\u011b\u0161it?<\/b><\/p>\n<p class=\"-wm-msonormal\">Invence je v\u0161ude kolem n\u00e1s. Ale moc lehkosti \u010di \u00fasm\u011bvu v&nbsp;t\u011bch p\u00edsn\u00edch nenajdete. Na albu je p\u00edsn\u00ed celkem sedm a jsou to v\u011bt\u0161inou p\u00edsn\u011b hodn\u011b t\u011b\u017ek\u00e9, siln\u00e9 a nemilosrdn\u00e9. Asi ne ka\u017ed\u00fd to vydr\u017e\u00ed.<\/p>\n<\/div>\n<\/div>\n<div class=\"elementor-element elementor-element-2b2472f9 elementor-widget elementor-widget-text-editor\" data-id=\"2b2472f9\" data-element_type=\"widget\" data-widget_type=\"text-editor.default\">\n<div class=\"elementor-widget-container\">\n<p><strong>A nebylo by lep\u0161\u00ed v t\u00e9to, nejen p\u0159edv\u00e1no\u010dn\u00ed, dob\u011b lidi sp\u00ed\u0161 povzbudit, i kdy\u017e kop\u00edrujete dobu? A v\u011b\u0159\u00edm, \u017ee se v t\u00e9 va\u0161\u00ed nemilosrdnosti kde kdo najde\u2026<\/strong><\/p>\n<p>Ano. To by mo\u017en\u00e1 bylo lep\u0161\u00ed. Ale povzbuzen\u00ed bez nahl\u00e9dnut\u00ed hloubky poran\u011bn\u00ed je jen \u0161id\u00edtko. Nechci se tv\u00e1\u0159it, \u017ee se nic se sv\u011btem, s lidmi a mezi lidmi ned\u011bje. D\u011bje. A o tom je na\u0161e elp\u00ed\u010dko. V \u010dem si kdo pak najde pro sebe sv\u00e9 vlastn\u00ed povzbuzen\u00ed a nad\u011bji, to u\u017e je na ka\u017ed\u00e9m poslucha\u010di, to za n\u011bj \u017e\u00e1dn\u00e1 hudba neud\u011bl\u00e1.<\/p>\n<p><b>Kde si m\u016f\u017eou fanou\u0161ci toto LP koupit?<\/b><\/p>\n<div class=\"-wm-WordSection1\">\n<p class=\"-wm-msonormal\">Na\u0161e elp\u00ed\u010dko distrubuuj\u00ed: Supraphon, Tonus, Indies Records, Recomando, Musicrecords a Vinylrecords. Zaj\u00edmavost\u00ed je, \u017ee \u010d\u00e1st n\u00e1kladu je vyd\u00e1na v&nbsp;limitovan\u00e9 edici. V&nbsp;ka\u017ed\u00e9m v\u00fdlisku z&nbsp;t\u00e9to edice najde z\u00e1jemce jist\u00fd roztomil\u00fd bonus coby p\u0159ekvapen\u00ed.<\/p>\n<\/div>\n<\/div>\n<\/div>\n<div class=\"elementor-element elementor-element-3eca5a6d elementor-widget elementor-widget-heading\" data-id=\"3eca5a6d\" data-element_type=\"widget\" data-widget_type=\"heading.default\">\n<div class=\"elementor-widget-container\">\n<h2 class=\"elementor-heading-title elementor-size-default\">Folimanka Blues<\/h2>\n<\/div>\n<\/div>\n","protected":false},"excerpt":{"rendered":"<p>Frontman kapely Folimanka Blues si ud\u011blal radost. V t\u011bchto dnech vyd\u00e1v\u00e1 sv\u00e9 nov\u00e9 vinylov\u00e9 album Odpo\u010d\u00edvej v pokoji. Podle Ladislava Jakla bude po hudebn\u00ed a obsahov\u00e9 str\u00e1nce zcela z\u00e1sadn\u00ed a naprosto se vymykaj\u00edc\u00ed soudob\u00e9 \u010desk\u00e9 hudebn\u00ed tvorb\u011b. Na albu se pracovalo rok a vyd\u00e1vaj\u00ed ho Indies Happy Trails. Obsahuje v\u00fdhradn\u011b p\u00edsn\u011b, kter\u00e9 dosud nikdy nikde [&hellip;]<\/p>\n","protected":false},"author":9,"featured_media":0,"comment_status":"open","ping_status":"open","sticky":false,"template":"","format":"standard","meta":{"ngg_post_thumbnail":0,"footnotes":""},"categories":[4,13],"tags":[],"class_list":["post-14957","post","type-post","status-publish","format-standard","hentry","category-hudba","category-rozhovory"],"_links":{"self":[{"href":"https:\/\/www.ladislavjakl.cz\/index.php?rest_route=\/wp\/v2\/posts\/14957","targetHints":{"allow":["GET"]}}],"collection":[{"href":"https:\/\/www.ladislavjakl.cz\/index.php?rest_route=\/wp\/v2\/posts"}],"about":[{"href":"https:\/\/www.ladislavjakl.cz\/index.php?rest_route=\/wp\/v2\/types\/post"}],"author":[{"embeddable":true,"href":"https:\/\/www.ladislavjakl.cz\/index.php?rest_route=\/wp\/v2\/users\/9"}],"replies":[{"embeddable":true,"href":"https:\/\/www.ladislavjakl.cz\/index.php?rest_route=%2Fwp%2Fv2%2Fcomments&post=14957"}],"version-history":[{"count":1,"href":"https:\/\/www.ladislavjakl.cz\/index.php?rest_route=\/wp\/v2\/posts\/14957\/revisions"}],"predecessor-version":[{"id":14958,"href":"https:\/\/www.ladislavjakl.cz\/index.php?rest_route=\/wp\/v2\/posts\/14957\/revisions\/14958"}],"wp:attachment":[{"href":"https:\/\/www.ladislavjakl.cz\/index.php?rest_route=%2Fwp%2Fv2%2Fmedia&parent=14957"}],"wp:term":[{"taxonomy":"category","embeddable":true,"href":"https:\/\/www.ladislavjakl.cz\/index.php?rest_route=%2Fwp%2Fv2%2Fcategories&post=14957"},{"taxonomy":"post_tag","embeddable":true,"href":"https:\/\/www.ladislavjakl.cz\/index.php?rest_route=%2Fwp%2Fv2%2Ftags&post=14957"}],"curies":[{"name":"wp","href":"https:\/\/api.w.org\/{rel}","templated":true}]}}