{"id":1506,"date":"2012-02-17T12:32:48","date_gmt":"2012-02-17T11:32:48","guid":{"rendered":"http:\/\/www.ladislavjakl.cz\/?p=1506"},"modified":"2012-02-17T12:32:48","modified_gmt":"2012-02-17T11:32:48","slug":"zadna-milost-neni-spravna-zastal-se-jakl-prezidenta","status":"publish","type":"post","link":"https:\/\/www.ladislavjakl.cz\/?p=1506","title":{"rendered":"\u017d\u00e1dn\u00e1 milost nen\u00ed spr\u00e1vn\u00e1, zastal se Jakl prezidenta"},"content":{"rendered":"<p>\u017d\u00e1dn\u00e1 prezidentsk\u00e1 milost nen\u00ed spr\u00e1vn\u00e1. V\u0161echny se rozd\u00e1vaj\u00ed zlo\u010dinc\u016fm a  lump\u016fm, lidem, kte\u0159\u00ed n\u011bco sp\u00e1chali. Kdyby pr\u00fd byl Ladislav Jakl,  \u0159editel politick\u00e9ho odboru Kancel\u00e1\u0159e prezidenta republiky, s\u00e1m  prezidentem, sv\u00e9 milosti by nezd\u016fvod\u0148oval stejn\u011b tak, jako to ned\u011blal  ani V\u00e1clav Havel. Zd\u016fvodn\u011bn\u00ed je toti\u017e v\u017edy dvouse\u010dn\u00e9.<\/p>\n<p><!--more--><\/p>\n<p>&#8222;Kritizovat prezidentsk\u00e9 milosti lze jakkoli,&#8220; \u0159ekl Jakl ve \u010dtvrte\u010dn\u00edch  Dvaceti minut\u00e1ch Radio\u017eurn\u00e1lu. &#8222;N\u011bkdo by z\u00e1sadn\u011b ned\u00e1val milost  cizinc\u016fm, pachatel\u016fm n\u00e1siln\u00fdch \u010din\u016f, recidivist\u016fm nebo by naopak sn\u00e1ze  d\u00e1val milost \u017een\u00e1m, mlad\u00fdm lidem, lidem s\u00a0rodinami. To je mno\u017estv\u00ed  naprosto legitimn\u00edch n\u00e1zor\u016f. A vede to k tomu, \u017ee se n\u011bkomu dan\u00fd p\u0159\u00edpad  l\u00edb\u00ed a jin\u00e9mu ne.&#8220;<\/p>\n<p>Podle Jakla je d\u016fle\u017eit\u00e9 nejprve si uv\u011bdomit, co to milost vlastn\u011b je,  ne\u017e ji za\u010dneme kritizovat. &#8222;Milost, to nen\u00ed prot\u00e9za soud\u016f, nen\u00ed to  sou\u010d\u00e1st justice. Pan prezident si klidn\u011b m\u016f\u017ee hodit kostkou, komu ano a  komu ne. Cel\u00fd institut milosti je subjektivn\u00ed. Milost p\u0159eci dost\u00e1vaj\u00ed  zlo\u010dinci, usv\u011bd\u010den\u00ed lumpov\u00e9, lid\u00e9, co n\u011bco provedli \u2013 ka\u017ed\u00e1 milost je  v\u00a0podstat\u011b nespravedliv\u00e1.&#8220; A nen\u00ed podle n\u011bj ani v\u00fdrokem o m\u00ed\u0159e viny.<\/p>\n<h4>Havel nezd\u016fvod\u0148oval, j\u00e1 bych taky nezd\u016fvod\u0148oval<\/h4>\n<p>Jakl se prezidenta V\u00e1clava Klause zast\u00e1val. Pr\u00fd se v dobr\u00e9 v\u016fli sna\u017e\u00ed  vysv\u011btlit sv\u00e9 pohnutky, co\u017e by v\u016fbec nemusel, a je za to pran\u00fd\u0159ov\u00e1n.  &#8222;P\u0159edchoz\u00ed prezident ud\u011bloval \u010dty\u0159ikr\u00e1t tolik milost\u00ed a ned\u00e1val \u017e\u00e1dn\u00e1  zd\u016fvodn\u011bn\u00ed, dokonce ani jm\u00e9na t\u011bch lid\u00ed a jejich zlo\u010diny,&#8220; podotkl Jakl.  &#8222;\u010cty\u0159ikr\u00e1t dokonce vyhl\u00e1sil plo\u0161nou amnestii a nikdo se neptal, co za  lidi tehdy propustili.&#8220;<\/p>\n<p>Prezident Klaus pr\u00fd milosti konzultuje s nejbli\u017e\u0161\u00edmi spolupracovn\u00edky a  sv\u00e9 v\u00fdstupy z jednotliv\u00fdch polemik se sna\u017e\u00ed kr\u00e1tce vyj\u00e1d\u0159it zd\u016fvodn\u011bn\u00edm  ke ka\u017ed\u00e9mu p\u0159\u00edpadu. Jakl, b\u00fdt prezidentem, by to ned\u011blal. &#8222;J\u00e1 bych to  nezd\u016fvod\u0148oval v\u016fbec,&#8220; p\u0159iznal. &#8222;Pan prezident to v\u00a0dobr\u00e9 v\u016fli d\u011bl\u00e1 a je  tedy na ka\u017ed\u00e9m, jak to bude vn\u00edmat, a to je v\u017edy dvouse\u010dn\u00e9.&#8220;<\/p>\n<p><a href=\"http:\/\/www.parlamentnilisty.cz\/zpravy\/Zadna-milost-neni-spravna-zastal-se-Jakl-prezidenta-223199\" target=\"_blank\">Zdroj<\/a><\/p>\n","protected":false},"excerpt":{"rendered":"<p>\u017d\u00e1dn\u00e1 prezidentsk\u00e1 milost nen\u00ed spr\u00e1vn\u00e1. V\u0161echny se rozd\u00e1vaj\u00ed zlo\u010dinc\u016fm a lump\u016fm, lidem, kte\u0159\u00ed n\u011bco sp\u00e1chali. Kdyby pr\u00fd byl Ladislav Jakl, \u0159editel politick\u00e9ho odboru Kancel\u00e1\u0159e prezidenta republiky, s\u00e1m prezidentem, sv\u00e9 milosti by nezd\u016fvod\u0148oval stejn\u011b tak, jako to ned\u011blal ani V\u00e1clav Havel. Zd\u016fvodn\u011bn\u00ed je toti\u017e v\u017edy dvouse\u010dn\u00e9.<\/p>\n","protected":false},"author":1,"featured_media":0,"comment_status":"open","ping_status":"open","sticky":false,"template":"","format":"standard","meta":{"ngg_post_thumbnail":0,"footnotes":""},"categories":[11],"tags":[],"class_list":["post-1506","post","type-post","status-publish","format-standard","hentry","category-ozvena"],"_links":{"self":[{"href":"https:\/\/www.ladislavjakl.cz\/index.php?rest_route=\/wp\/v2\/posts\/1506","targetHints":{"allow":["GET"]}}],"collection":[{"href":"https:\/\/www.ladislavjakl.cz\/index.php?rest_route=\/wp\/v2\/posts"}],"about":[{"href":"https:\/\/www.ladislavjakl.cz\/index.php?rest_route=\/wp\/v2\/types\/post"}],"author":[{"embeddable":true,"href":"https:\/\/www.ladislavjakl.cz\/index.php?rest_route=\/wp\/v2\/users\/1"}],"replies":[{"embeddable":true,"href":"https:\/\/www.ladislavjakl.cz\/index.php?rest_route=%2Fwp%2Fv2%2Fcomments&post=1506"}],"version-history":[{"count":1,"href":"https:\/\/www.ladislavjakl.cz\/index.php?rest_route=\/wp\/v2\/posts\/1506\/revisions"}],"predecessor-version":[{"id":1507,"href":"https:\/\/www.ladislavjakl.cz\/index.php?rest_route=\/wp\/v2\/posts\/1506\/revisions\/1507"}],"wp:attachment":[{"href":"https:\/\/www.ladislavjakl.cz\/index.php?rest_route=%2Fwp%2Fv2%2Fmedia&parent=1506"}],"wp:term":[{"taxonomy":"category","embeddable":true,"href":"https:\/\/www.ladislavjakl.cz\/index.php?rest_route=%2Fwp%2Fv2%2Fcategories&post=1506"},{"taxonomy":"post_tag","embeddable":true,"href":"https:\/\/www.ladislavjakl.cz\/index.php?rest_route=%2Fwp%2Fv2%2Ftags&post=1506"}],"curies":[{"name":"wp","href":"https:\/\/api.w.org\/{rel}","templated":true}]}}