{"id":15073,"date":"2026-01-27T12:32:11","date_gmt":"2026-01-27T11:32:11","guid":{"rendered":"https:\/\/www.ladislavjakl.cz\/?p=15073"},"modified":"2026-01-27T12:32:11","modified_gmt":"2026-01-27T11:32:11","slug":"kapitalismu-je-35-vsechno-nejlepsi-a-dlouha-leta","status":"publish","type":"post","link":"https:\/\/www.ladislavjakl.cz\/?p=15073","title":{"rendered":"Kapitalismu je 35. V\u0161echno nejlep\u0161\u00ed a dlouh\u00e1 l\u00e9ta"},"content":{"rendered":"<p>S&nbsp;jistou nostalgi\u00ed jsem si dnes vzpomn\u011bl na jedno mal\u00e9 v\u00fdro\u010d\u00ed. Je to p\u0159esn\u011b 35 let, co jsem byl v&nbsp;Obecn\u00edm dom\u011b p\u0159\u00edtomen historicky prvn\u00ed dra\u017eb\u011b v&nbsp;r\u00e1mci pr\u00e1v\u011b spu\u0161t\u011bn\u00e9 mal\u00e9 privatizace. V&nbsp;zemi se snad nejmen\u0161\u00edm pod\u00edlem soukrom\u00fdch \u017eivost\u00ed v&nbsp;cel\u00e9m \u201et\u00e1bo\u0159e socialismu\u201c tak kone\u010dn\u011b prvn\u00ed trafiky, kv\u011btin\u00e1\u0159stv\u00ed, pap\u00edrnictv\u00ed nebo \u0159eznictv\u00ed z\u00edskaly sv\u00e9 konkr\u00e9tn\u00ed majitele.<\/p>\n<p><!--more--><\/p>\n<p>Vzpom\u00edn\u00e1m na tehdej\u0161\u00ed boje o to, \u017ee zam\u011bstnanci t\u011bch mal\u00fdch provoz\u016f by m\u011bli m\u00edt p\u0159edkupn\u00ed pr\u00e1vo (pro\u010d by m\u011bli b\u00fdt zv\u00fdhodn\u011bni v\u016f\u010di jin\u00fdm ob\u010dan\u016fm?), \u017ee p\u0159i koupi t\u011bch mal\u00fdch koloni\u00e1l\u016f a hospod budou pou\u017eity \u010dern\u00e9 pen\u00edze veksl\u00e1k\u016f a pa\u0161er\u00e1k\u016f (no to je snad dob\u0159e, \u017ee tyhle pen\u00edze kon\u010dily v&nbsp;na\u0161\u00ed re\u00e1ln\u00e9 ekonomice a ne n\u011bkde ve stript\u00fdzov\u00fdch barech na Rivi\u00e9\u0159e!) a \u017ee by m\u011bl n\u011bkdo hl\u00eddat, aby byl v&nbsp;ka\u017ed\u00e9 ulici rovnom\u011brn\u00fd po\u010det r\u016fzn\u00fdch slu\u017eeb a obchod\u016f (proto\u017ee z\u00e1kazn\u00edk je asi blbec a nebude popt\u00e1vat pestrost nab\u00eddky s\u00e1m).<\/p>\n<p>Mal\u00e1 privatizace nebyla prvn\u00edm transforma\u010dn\u00edm krokem, ale byla krokem s&nbsp;jist\u00fdm ob\u010dansk\u00fdm rozm\u011brem, proto\u017ee se t\u00fdkala na\u0161eho denn\u00edho \u017eivota. Kolem n\u00e1s vypukla konkurence, sout\u011b\u017e a snaha majitel\u016f a zam\u011bstnanc\u016f uspokojit prim\u00e1rn\u011b z\u00e1kazn\u00edka, a ne n\u011bjak\u00e9ho soudruha na podniku.<\/p>\n<p>T\u00e9hle dra\u017eb\u011b ale p\u0159edch\u00e1zela je\u0161t\u011b jedna ud\u00e1lost, na kterou tak\u00e9 vzpom\u00edn\u00e1m hodn\u011b osobn\u011b. Druh\u00e9ho ledna 1991 r\u00e1no jsem byl na n\u00e1v\u0161t\u011bv\u011b u tehdej\u0161\u00edho ministra privatizace Tom\u00e1\u0161e Je\u017eka. Jeho pracovi\u0161t\u011b tehdy s\u00eddlilo na Senov\u00e1\u017en\u00e9m n\u00e1m\u011bst\u00ed. Od n\u011bj jsem (u\u017e nev\u00edm pro\u010d) p\u0159ejel na Letnou. A tam jsem \u0161el dol\u016f ulic\u00ed Milady Hor\u00e1kov\u00e9 (pokud se tak u\u017e tehdy jmenovala). Po\u0159\u00e1d je\u0161t\u011b bylo brzo r\u00e1no, vchody do obchod\u016f se ukl\u00edzely a \u0161pinav\u00e1 voda z&nbsp;kbel\u00edk\u016f vyl\u00e9vala na chodn\u00edk. Zrovna kolem v\u0161ude otev\u00edrali. Prvn\u00ed den v&nbsp;re\u017eimu liberalizovan\u00fdch cen.<\/p>\n<p>\u0160el jsem kolem t\u011bch obchod\u016f a za\u017e\u00edval slavnostn\u00ed pocit. Kone\u010dn\u011b norm\u00e1ln\u00ed opravdov\u00e9 re\u00e1ln\u00e9 voln\u00e9 ceny, a ne ty \u00fa\u0159ednicky na\u0159\u00edzen\u00e9. Jasn\u011b, pam\u011btn\u00edci nam\u00edtnou, \u017ee tehdy b\u011bhem p\u00e1r dn\u016f ceny n\u011bkter\u00fdch typ\u016f zbo\u017e\u00ed p\u0159echodn\u011b vyl\u00e9tly a\u017e o des\u00edtky procent. Ale n\u011bjak se od socialismu cuknout muselo. A hlavn\u011b, bez tohoto kroku by do privatizace \u017eivnost\u00ed \u2013 spu\u0161t\u011bn\u00e9 jen o t\u0159i t\u00fddny pozd\u011bji \u2013 nikdo ne\u0161el.&nbsp;<\/p>\n<p>Dnes volnou tvorbu cen a priv\u00e1tn\u00ed vlastnictv\u00ed v ekonomice mezi b\u011b\u017enou ve\u0159ejnost\u00ed moc nikdo neobhajuje. S\u00edl\u00ed popt\u00e1vka po \u0159\u00edzen\u00ed, regulaci, pravidlech, kv\u00f3t\u00e1ch, etatizaci. \u017de to je cesta k&nbsp;chudob\u011b a nesvobod\u011b, to je dnes lid\u00e9 vn\u00edmaj\u00ed daleko m\u00e9n\u011b ne\u017e p\u0159ed 35 lety.<\/p>\n<p>Na slavnostn\u00ed pocit p\u0159i obou historick\u00fdch momentech si pamatuji dob\u0159e. Snad tyhle chv\u00edle neodnese \u010das a nenainstaluje n\u00e1m \u0159\u00edzenou spole\u010dnost 2.0. A to nen\u00ed \u017e\u00e1dn\u00e9 stra\u0161en\u00ed nere\u00e1lnou hrozbou. Bohu\u017eel.<\/p>\n<p><em>Ladislav Jakl, 26. 1. 2026<\/em><\/p>\n<p><a href=\"https:\/\/www.institutvk.cz\/clanky\/3324.html\">Zdroj:<\/a><\/p>\n","protected":false},"excerpt":{"rendered":"<p>S&nbsp;jistou nostalgi\u00ed jsem si dnes vzpomn\u011bl na jedno mal\u00e9 v\u00fdro\u010d\u00ed. Je to p\u0159esn\u011b 35 let, co jsem byl v&nbsp;Obecn\u00edm dom\u011b p\u0159\u00edtomen historicky prvn\u00ed dra\u017eb\u011b v&nbsp;r\u00e1mci pr\u00e1v\u011b spu\u0161t\u011bn\u00e9 mal\u00e9 privatizace. V&nbsp;zemi se snad nejmen\u0161\u00edm pod\u00edlem soukrom\u00fdch \u017eivost\u00ed v&nbsp;cel\u00e9m \u201et\u00e1bo\u0159e socialismu\u201c tak kone\u010dn\u011b prvn\u00ed trafiky, kv\u011btin\u00e1\u0159stv\u00ed, pap\u00edrnictv\u00ed nebo \u0159eznictv\u00ed z\u00edskaly sv\u00e9 konkr\u00e9tn\u00ed majitele.<\/p>\n","protected":false},"author":9,"featured_media":0,"comment_status":"open","ping_status":"open","sticky":false,"template":"","format":"standard","meta":{"ngg_post_thumbnail":0,"footnotes":""},"categories":[1],"tags":[],"class_list":["post-15073","post","type-post","status-publish","format-standard","hentry","category-publikovane-clanky"],"_links":{"self":[{"href":"https:\/\/www.ladislavjakl.cz\/index.php?rest_route=\/wp\/v2\/posts\/15073","targetHints":{"allow":["GET"]}}],"collection":[{"href":"https:\/\/www.ladislavjakl.cz\/index.php?rest_route=\/wp\/v2\/posts"}],"about":[{"href":"https:\/\/www.ladislavjakl.cz\/index.php?rest_route=\/wp\/v2\/types\/post"}],"author":[{"embeddable":true,"href":"https:\/\/www.ladislavjakl.cz\/index.php?rest_route=\/wp\/v2\/users\/9"}],"replies":[{"embeddable":true,"href":"https:\/\/www.ladislavjakl.cz\/index.php?rest_route=%2Fwp%2Fv2%2Fcomments&post=15073"}],"version-history":[{"count":1,"href":"https:\/\/www.ladislavjakl.cz\/index.php?rest_route=\/wp\/v2\/posts\/15073\/revisions"}],"predecessor-version":[{"id":15074,"href":"https:\/\/www.ladislavjakl.cz\/index.php?rest_route=\/wp\/v2\/posts\/15073\/revisions\/15074"}],"wp:attachment":[{"href":"https:\/\/www.ladislavjakl.cz\/index.php?rest_route=%2Fwp%2Fv2%2Fmedia&parent=15073"}],"wp:term":[{"taxonomy":"category","embeddable":true,"href":"https:\/\/www.ladislavjakl.cz\/index.php?rest_route=%2Fwp%2Fv2%2Fcategories&post=15073"},{"taxonomy":"post_tag","embeddable":true,"href":"https:\/\/www.ladislavjakl.cz\/index.php?rest_route=%2Fwp%2Fv2%2Ftags&post=15073"}],"curies":[{"name":"wp","href":"https:\/\/api.w.org\/{rel}","templated":true}]}}