{"id":1508,"date":"2012-02-17T12:34:26","date_gmt":"2012-02-17T11:34:26","guid":{"rendered":"http:\/\/www.ladislavjakl.cz\/?p=1508"},"modified":"2012-02-17T12:34:26","modified_gmt":"2012-02-17T11:34:26","slug":"ladislav-jakl-v-poradu-20-minut-radiozurnalu-na-tema-milosti-16-2-012-17-05-h","status":"publish","type":"post","link":"https:\/\/www.ladislavjakl.cz\/?p=1508","title":{"rendered":"Ladislav Jakl v po\u0159adu 20 minut Radio\u017eurn\u00e1lu na t\u00e9ma milost\u00ed, 16. 2. 012, 17.05 h"},"content":{"rendered":"<p><strong>RADIO\u017dURN\u00c1L Prezident \u010cesk\u00e9 republiky V\u00e1clav Klaus ud\u011blil dal\u0161\u00ed v\u00e1rku milost\u00ed Datum:\u00a016.02.2012 Relace:\u00a0Dvacetiminutovka Radio\u017eurn\u00e1lu Po\u0159ad\u00ed:\u00a01 \u010cas vys\u00edl\u00e1n\u00ed:\u00a017:06:25<\/strong><\/p>\n<p><!--more--><\/p>\n<p>Martin VESELOVSK\u00dd, moder\u00e1tor:<br \/>\nTento t\u00fdden ud\u011blil prezident \u010cesk\u00e9 republiky V\u00e1clav Klaus dal\u0161\u00ed v\u00e1rku milost\u00ed, konkr\u00e9tn\u011b 14 milost\u00ed a jeden odklad v\u00fdkonu trestu. Podle Hradu je ud\u011blil zejm\u00e9na z humanit\u00e1rn\u00edch d\u016fvod\u016f. Vyslou\u017eil si t\u00edm ostr\u00e9 reakce jak od novin\u00e1\u0159\u016f, tak nap\u0159\u00edklad od jednoho ze zainteresovan\u00fdch st\u00e1tn\u00edch z\u00e1stupc\u016f. Kritici tvrd\u00ed, \u017ee prezident omilostnil korup\u010dn\u00ed jedn\u00e1n\u00ed a nav\u00edc u\u017e po\u010dtvrt\u00e9 pomohl lidem spojen\u00fdm s podnikatelem Pitrem a n\u011bkdej\u0161\u00edm bossem podsv\u011bt\u00ed Franti\u0161kem Mr\u00e1zkem. Takov\u00e9 je i t\u00e9ma pro p\u0159\u00ed\u0161t\u00edch Dvacet minut Radio\u017eurn\u00e1lu. P\u0159eji v\u00e1m dobr\u00e9 odpoledne. \u0158editel politick\u00e9ho odboru Kancel\u00e1\u0159e prezidenta republiky, pan Ladislav Jakl je dnes m\u00fdm hostem. Dobr\u00fd den, pane \u0159editeli.<\/p>\n<p>Ladislav JAKL, \u0159editel politick\u00e9ho odboru Kancel\u00e1\u0159e prezidenta republiky:<br \/>\nDobr\u00e9 odpoledne v\u0161em poslucha\u010d\u016fm.<\/p>\n<p>Martin VESELOVSK\u00dd, moder\u00e1tor:<br \/>\nPo t\u00e9 s\u00e9rii milost\u00ed to vypad\u00e1, jakoby prezident V\u00e1clav Klaus tak trochu bagatelizoval t\u00e9ma korupci, proto\u017ee kdy\u017e se pod\u00edv\u00e1me na tuto s\u00e9rii, a pak nap\u0159\u00edklad na s\u00e9rii z podzimu roku 2009, jsou tam dv\u011b d\u00e1my, kter\u00e9 se dopustily korupce, byly za to odsouzeny a byla jim ud\u011blena milost, je to tak, nebo jen to jen dojem?<\/p>\n<p>Ladislav JAKL, \u0159editel politick\u00e9ho odboru Kancel\u00e1\u0159e prezidenta republiky:<br \/>\nTak je to nepochybn\u011b dojem, kter\u00fd n\u011bkdo chce vzbudit. J\u00e1 nev\u00edm, jestli m\u00e1te vy nebo kdokoliv z takov\u00fdch kritik\u016f k dispozici n\u011bjak\u00e9 statistiky, kolik mezi \u017eadateli, jak\u00e9 procento tvo\u0159\u00ed podobn\u00ed tito \u017eadatel\u00e9, v jak\u00e9m procentu jsou \u00fasp\u011b\u0161n\u00ed.<\/p>\n<p>Martin VESELOVSK\u00dd, moder\u00e1tor:<br \/>\nMy, nebo ne my, j\u00e1 je nem\u00e1m v ruce, proto\u017ee vy je neposkytujete, pane \u0159editeli.<\/p>\n<p>Ladislav JAKL, \u0159editel politick\u00e9ho odboru Kancel\u00e1\u0159e prezidenta republiky:<br \/>\nNo, tak to ani nen\u00ed mo\u017en\u00e9 je poskytnout, proto\u017ee to jsou osobn\u00ed \u00fadaje t\u011bch \u017eadatel\u016f a nem\u00e1 je tud\u00ed\u017e n\u011bkdo, tak\u017ee a\u0165 si kolem toho spekuluje jak chce, kdo chce. V\u00edte, o milostech je mo\u017en\u00e9 bavit se dlouho, kritizovat je jakkoliv, n\u011bkdo by t\u0159eba z\u00e1sadn\u011b ned\u00e1val milost cizinc\u016f, n\u011bkdo by z\u00e1sadn\u011b ned\u00e1val milost pachatel\u016fm n\u00e1siln\u00fdch trestn\u00fdch \u010din, n\u011bkdo by ned\u00e1val milost t\u011bm, kte\u0159\u00ed v aut\u011b n\u011bkoho zabij\u00ed, n\u011bkter\u00fd, n\u011bkdo by ned\u00e1val milost recidivist\u016fm, n\u011bkdo by zase naopak sn\u00e1ze d\u00e1val milost mlad\u00fdm lidem, \u017een\u00e1m nebo lidem s rodinami, j\u00e1 mysl\u00edm, \u017ee na to je mo\u017en\u00e9 m\u00edt hodn\u011b n\u00e1zor\u016f a je to absolutn\u011b legitimn\u00ed, s t\u00edm tak\u00e9 ka\u017ed\u00e9 to rozhodnut\u00ed o milosti po\u010d\u00edt\u00e1, \u017ee n\u011bkomu se l\u00edbit se bude, n\u011bkomu ne. Hlavn\u011b n\u011bkte\u0159\u00ed se, n\u011bkte\u0159\u00ed lid\u00e9 v\u011bd\u00ed u\u017e dop\u0159edu, \u017ee cokoliv ud\u011bl\u00e1 pan prezident Klaus, se jim bude nel\u00edbit, ale &#8230;<\/p>\n<p>Martin VESELOVSK\u00dd, moder\u00e1tor:<br \/>\nJenom, pane \u0159editeli, podot\u00fdk\u00e1m, \u017ee jsem r\u00e1d, \u017ee jste legitimizoval ty ot\u00e1zky, kter\u00e9 v\u00e1m te\u010f budu kl\u00e1st.<\/p>\n<p>Ladislav JAKL, \u0159editel politick\u00e9ho odboru Kancel\u00e1\u0159e prezidenta republiky:<br \/>\nTo ur\u010dit\u011b. Ale v\u00edte jedna v\u011bc v tom nel\u00edben\u00ed se m\u011b n\u011bkdy trochu zar\u00e1\u017e\u00ed a to je tak trochu k nepochopen\u00ed toho, co ty milosti v\u016fbec znamenaj\u00ed. V\u00edte, milost nen\u00ed n\u011bjakou prot\u00e9zou spravedlnosti, to nen\u00ed polemika se soudy, napravov\u00e1n\u00ed soud\u016f, to dokonce v\u016fbec nen\u00ed sou\u010d\u00e1st spravedlnosti nebo justice. Pan prezident by si klidn\u011b mohl h\u00e1zet kostkou nebo doty\u010dn\u00e9 losovat, n\u011bkomu se to zd\u00e1 za vlasy p\u0159ita\u017een\u00e9, ano, milosti je mo\u017eno zru\u0161it jako n\u011bjak\u00fd relikt, ale na druhou stranu, jestli\u017ee ty milosti existuj\u00ed tak, jak jsou nastaveny, tak v\u011bdom\u011b obsahuj\u00ed prost\u011b ten subjektivn\u00ed a nahodil\u00fd faktor to za prv\u00e9, a za druh\u00e9 v\u0161echny milosti dost\u00e1vaj\u00ed zlo\u010dinci, usv\u011bd\u010den\u00ed lumpov\u00e9, kte\u0159\u00ed n\u011bco provedli, a tud\u00ed\u017e vlastn\u011b ka\u017ed\u00e1 milost je sv\u00fdm zp\u016fsobem nespravedliv\u00e1, proto\u017ee soud \u0159ekne &#8211; ty jse\u0161 vinen, ty jsi n\u011bco provedl a najednou nem\u00e1\u0161 j\u00edt sed\u011bt nebo najednou t\u011b propust\u00ed.<\/p>\n<p>Martin VESELOVSK\u00dd, moder\u00e1tor:<br \/>\nPane \u0159editeli, j\u00e1 dokonce mysl\u00edm, \u017ee nejen j\u00e1, ale i na\u0161i poslucha\u010di p\u0159esn\u011b rozum\u00ed tomu, jak vypad\u00e1 institut prezidentsk\u00fdch milost\u00ed.<\/p>\n<p>Ladislav JAKL, \u0159editel politick\u00e9ho odboru Kancel\u00e1\u0159e prezidenta republiky:<br \/>\n\u010cili m\u00e1 b\u00fdt n\u011bkter\u00fd okruh trestn\u00fdch \u010din\u016f vy\u0159azen z milost\u00ed nebo n\u011bkter\u00fd okruh lid\u00ed, kte\u0159\u00ed n\u011bkoho znaj\u00ed. V\u00edte, oni zlo\u010dinci se \u010dasto mezi sebou znaj\u00ed, to je pochopiteln\u00e9.<\/p>\n<p>Martin VESELOVSK\u00dd, moder\u00e1tor:<br \/>\nV\u016fbec to nepop\u00edr\u00e1m. Pane \u0159editeli, pros\u00edm poj\u010fme se tedy bavit o n\u011bco v\u00edce konkr\u00e9tn\u011b, poj\u010fme se bavit o t\u00e9 posledn\u00ed sum\u011b vyhov\u011bn\u00ed \u017e\u00e1dostem o milosti, kter\u00e9 byly zve\u0159ejn\u011bny te\u010f v \u00fater\u00fd a ta nejv\u00edce kritizovan\u00e1, \u0159ekn\u011bme, ten nejv\u00edce kritizovan\u00fd p\u0159\u00edpad zat\u00edm bylo ud\u011blen\u00ed milosti pan\u00ed Ann\u011b Bene\u0161ov\u00e9, b\u00fdval\u00e9 kvestorce Metropolitn\u00ed univerzity v Praze. Ta byla odsouzena za podpl\u00e1cen\u00ed, zpronev\u011bru a poru\u0161ov\u00e1n\u00ed povinnost\u00ed p\u0159i spr\u00e1v\u011b ciz\u00edho majetku. Soud j\u00ed vym\u011b\u0159il dvouletou podm\u00ednku plus na ur\u010ditou dobu z\u00e1kaz \u010dinnosti. Milost\u00ed ud\u011blenou prezidentem V\u00e1clavem Klausem se toto v\u0161echno ru\u0161\u00ed a trest se zahlazuje. Tak se pt\u00e1m, jestli to je vzkaz, \u017ee to, co ona ud\u011blala, nen\u00ed a\u017e tak d\u016fle\u017eit\u00e9, \u017ee je pot\u0159eba j\u00ed ud\u011blit milost?<\/p>\n<p>Ladislav JAKL, \u0159editel politick\u00e9ho odboru Kancel\u00e1\u0159e prezidenta republiky:<br \/>\nTo jsem odpov\u011bd\u011bl te\u010f v p\u0159edchoz\u00edch minut\u00e1ch, mo\u017en\u00e1 jste ne \u00fapln\u011b dob\u0159e poslouchal. V\u00fdrok o milosti nen\u00ed &#8230;<\/p>\n<p>Martin VESELOVSK\u00dd, moder\u00e1tor:<br \/>\nP\u0159esto tu ot\u00e1zku kladu.<\/p>\n<p>Ladislav JAKL, \u0159editel politick\u00e9ho odboru Kancel\u00e1\u0159e prezidenta republiky:<br \/>\nV\u00fdrok o milosti nen\u00ed v\u00fdrokem o vin\u011b, o m\u00ed\u0159e viny, o m\u00ed\u0159e v\u00e1\u017enosti toho trestn\u00e9ho \u010dinu, to m\u00e1 rozhodnout &#8230;<\/p>\n<p>Martin VESELOVSK\u00dd, moder\u00e1tor:<br \/>\nJ\u00e1 jsem, pane \u0159editeli, r\u00e1d, \u017ee to \u0159\u00edk\u00e1te, &#8230;<\/p>\n<p>Ladislav JAKL, \u0159editel politick\u00e9ho odboru Kancel\u00e1\u0159e prezidenta republiky:<br \/>\n&#8230; soud.<\/p>\n<p>Martin VESELOVSK\u00dd, moder\u00e1tor:<br \/>\nV od\u016fvodn\u011bn\u00ed, soud rozhodl, v od\u016fvodn\u011bn\u00ed, kter\u00e9 p\u0159i\u0161lo z Pra\u017esk\u00e9ho hradu z prezidentsk\u00e9 kancel\u00e1\u0159e stoj\u00ed, \u017ee tak bylo rozhodnuto proto, \u017ee se ta d\u00e1ma mus\u00ed starat o sv\u00e9ho nemocn\u00e9ho man\u017eela. Jak by se o n\u011bm nemohla starat ve dvoulet\u00e9 podm\u00ednce?<\/p>\n<p>Ladislav JAKL, \u0159editel politick\u00e9ho odboru Kancel\u00e1\u0159e prezidenta republiky:<br \/>\nJ\u00e1 nem\u00e1m ani zmocn\u011bn\u00ed, ani pot\u0159ebu h\u00e1jit jednotliv\u00e9 milosti, j\u00e1 o nich nerozhoduji, rozhoduje o nich prezident a nev\u00edm v\u016fbec, pro\u010d bych to d\u011blal.<\/p>\n<p>Martin VESELOVSK\u00dd, moder\u00e1tor:<br \/>\nAno, to bezesporu.<\/p>\n<p>Ladislav JAKL, \u0159editel politick\u00e9ho odboru Kancel\u00e1\u0159e prezidenta republiky:<br \/>\nProst\u011b prezident m\u00e1 na stole 500 \u017e\u00e1dost\u00ed o milost, te\u010f vezme jednu &#8211; uml\u00e1til n\u011bkoho kladivem, \u0159ekne, no, j\u00e1 nev\u00edm, moc tam n\u011bjak\u00e9 okolnosti nejsou, druh\u00fd podvodn\u00edk o\u017eebra\u010dil 18 sta\u0159enek, t\u0159et\u00ed zabil v h\u00e1dce man\u017eelku.<\/p>\n<p>Martin VESELOVSK\u00dd, moder\u00e1tor:<br \/>\nPo\u010dkejte, pane \u0159editeli, te\u010f mi l\u00ed\u010d\u00edte s nads\u00e1zkou to, jak vypad\u00e1 &#8230;<\/p>\n<p>Ladislav JAKL, \u0159editel politick\u00e9ho odboru Kancel\u00e1\u0159e prezidenta republiky:<br \/>\nNen\u00ed to v\u016fbec s nads\u00e1zkou.<\/p>\n<p>Martin VESELOVSK\u00dd, moder\u00e1tor:<br \/>\nTakto vypad\u00e1 ud\u011blov\u00e1n\u00ed milost\u00ed prezidentem \u010cesk\u00e9 republiky?<\/p>\n<p>Ladislav JAKL, \u0159editel politick\u00e9ho odboru Kancel\u00e1\u0159e prezidenta republiky:<br \/>\nA jak si mysl\u00edte, \u017ee by to mohlo vypadat jinak?<\/p>\n<p>Martin VESELOVSK\u00dd, moder\u00e1tor:<br \/>\nJ\u00e1 svou p\u0159edstavu nem\u00e1m, vy jste to zat\u00edm je\u0161t\u011b ne\u0159ekli.<\/p>\n<p>Ladislav JAKL, \u0159editel politick\u00e9ho odboru Kancel\u00e1\u0159e prezidenta republiky:<br \/>\nJsou stovky \u017e\u00e1dost\u00ed, kter\u00e9 m\u00e1te k dispozici a v\u0161ichni ti lid\u00e9 n\u011bco provedli, v\u0161ichni n\u011bco provedli a tady jde o to, &#8230;<\/p>\n<p>Martin VESELOVSK\u00dd, moder\u00e1tor:<br \/>\nTo j\u00e1 v\u016fbec, pane \u0159editeli, nezpochyb\u0148uji.<\/p>\n<p>Ladislav JAKL, \u0159editel politick\u00e9ho odboru Kancel\u00e1\u0159e prezidenta republiky:<br \/>\n&#8230; jak\u00fd pocit na \u010dlov\u011bka, kter\u00fd to ud\u011bl\u00e1, a toto pr\u00e1vo m\u00e1 pouze prezident republiky, ud\u011blaj\u00ed v\u011bci, kter\u00e9 jsou obsa\u017eeny ve spisu, kter\u00fd m\u016f\u017ee m\u00edt des\u00edtky a des\u00edtky str\u00e1nek a kter\u00e9 se ur\u010dit\u011b nevejdou do jednov\u011bt\u00e9ho zd\u016fvodn\u011bn\u00ed, mimochodem p\u0159edchoz\u00ed &#8230;<\/p>\n<p>Martin VESELOVSK\u00dd, moder\u00e1tor:<br \/>\nJenom pardon, pokud tomu &#8230;<\/p>\n<p>Ladislav JAKL, \u0159editel politick\u00e9ho odboru Kancel\u00e1\u0159e prezidenta republiky:<br \/>\n&#8230; prezident, kdy\u017e ud\u011bloval, a ten ud\u011bloval 4kr\u00e1t v\u00edc milost\u00ed, ten \u017e\u00e1dn\u00e9 zd\u016fvodn\u011bn\u00ed ned\u00e1val, tud\u00ed\u017e si nenab\u00edhal na \u017e\u00e1dn\u00e9 debaty tohoto typu. Dokonce, kdy\u017e je &#8230;<\/p>\n<p>Martin VESELOVSK\u00dd, moder\u00e1tor:<br \/>\nPane \u0159editeli, ale bezesporu te\u010f je prezidentem \u010cesk\u00e9 republiky V\u00e1clav Klaus.<\/p>\n<p>Ladislav JAKL, \u0159editel politick\u00e9ho odboru Kancel\u00e1\u0159e prezidenta republiky:<br \/>\nDokonce, kdy\u017e je zve\u0159ej\u0148oval, ano, to srovn\u00e1n\u00ed jsem vid\u011bl i dnes v m\u00e9di\u00edch.<\/p>\n<p>Martin VESELOVSK\u00dd, moder\u00e1tor:<br \/>\nAno, ale j\u00e1 ho nepou\u017e\u00edv\u00e1m.<\/p>\n<p>Ladislav JAKL, \u0159editel politick\u00e9ho odboru Kancel\u00e1\u0159e prezidenta republiky:<br \/>\nDokonce, kdy\u017e se tehdy milosti zve\u0159ej\u0148ovaly, tak v\u016fbec nebyla zve\u0159ejn\u011bna jm\u00e9na, jenom inici\u00e1ly a v\u016fbec ne trestn\u00e9 \u010diny, za kter\u00e9 ti lid\u00e9 ud\u011blali. Ano.<\/p>\n<p>Martin VESELOVSK\u00dd, moder\u00e1tor:<br \/>\nTe\u010f se bav\u00edme o tom, jak\u00fdm zp\u016fsobem ud\u011bluje milosti prezident republiky V\u00e1clav Klaus. Z toho, co jste te\u010f \u0159\u00edkal, jak jste popisoval ten syst\u00e9m ud\u011blov\u00e1n\u00ed milost\u00ed, tak rozum\u00edm tomu, \u017ee je n\u011bjak\u00e9 procento pravd\u011bpodobnosti, \u017ee se prezident m\u00fdl\u00ed, \u017ee ji vlastn\u011b neud\u011bl\u00ed jaksi \u00fapln\u011b pat\u0159i\u010dn\u011b.<\/p>\n<p>Ladislav JAKL, \u0159editel politick\u00e9ho odboru Kancel\u00e1\u0159e prezidenta republiky:<br \/>\nAni tohle nen\u00ed pravda. Milost vlastn\u011b nen\u00ed mo\u017en\u00e9 ud\u011blit nikdy \u0161patn\u011b a nikdy omylem, to je taky zvl\u00e1\u0161tn\u00ed v\u011bta, p\u0159i kter\u00e9 ur\u010dit\u011b leckter\u00fd poslucha\u010d nadsko\u010d\u00ed, proto\u017ee vlastn\u011b \u017e\u00e1dnou milost nen\u00ed mo\u017en\u00e9 ud\u011blit spr\u00e1vn\u011b. Ka\u017ed\u00e1 milost jde proti v\u00fdroku soud\u016fm, pokud to nen\u00ed jako za p\u0159edchoz\u00edho prezidenta, kter\u00fd d\u00e1val milosti i lidem, kte\u0159\u00ed je\u0161t\u011b nem\u011bli za sebou rozsudek. To dne\u0161n\u00ed ned\u011bl\u00e1.<\/p>\n<p>Martin VESELOVSK\u00dd, moder\u00e1tor:<br \/>\nZnovu podot\u00fdk\u00e1m, pane \u0159editeli, pros\u00edm p\u0159esta\u0148me se odkazovat do minul\u00fdch \u010das\u016f, bav\u00edme se te\u010f ale o dne\u0161ku a o prezidentu V\u00e1clavu Klausovi.<\/p>\n<p>Ladislav JAKL, \u0159editel politick\u00e9ho odboru Kancel\u00e1\u0159e prezidenta republiky:<br \/>\nTak tedy dne\u0161ek &#8230;<\/p>\n<p>Martin VESELOVSK\u00dd, moder\u00e1tor:<br \/>\nTak ty ot\u00e1zky nastoluji j\u00e1.<\/p>\n<p>Ladislav JAKL, \u0159editel politick\u00e9ho odboru Kancel\u00e1\u0159e prezidenta republiky:<br \/>\n&#8230; vynikne v n\u011bjak\u00e9m srovn\u00e1n\u00ed, a to je d\u016fle\u017eit\u00e9. To znamen\u00e1 ten v\u00fdrok soudu po zji\u0161t\u011bn\u00ed v\u0161ech d\u016fkaz\u016f \u0159ekne &#8211; ty jsi vinen a pat\u0159\u00ed\u0161 do basy a vlastn\u011b ka\u017ed\u00fd v\u00fdrok milosti je v\u00fdrokem navzdory tomu, navzdory tomu, \u017ee jsi zlo\u010dinec &#8230;<\/p>\n<p>Martin VESELOVSK\u00dd, moder\u00e1tor:<br \/>\nJ\u00e1 se moc omlouv\u00e1m, pane \u0159editeli, ale vy p\u0159ece \u0159\u00edk\u00e1te &#8230;<\/p>\n<p>Ladislav JAKL, \u0159editel politick\u00e9ho odboru Kancel\u00e1\u0159e prezidenta republiky:<br \/>\n&#8230; n\u011bco jsi provedl, jsi usv\u011bd\u010den, do basy nep\u016fjde\u0161.<\/p>\n<p>Martin VESELOVSK\u00dd, moder\u00e1tor:<br \/>\nVy o tom mluv\u00edte tak, jakoby by v\u016fbec neexistovala abolice, jako kdyby prezident republiky nemohl vstoupit do cel\u00e9ho procesu je\u0161t\u011b p\u0159edt\u00edm, ne\u017e v\u016fbec soud rozhodne, jestli ten dan\u00fd \u010dlov\u011bk je vinen nebo ne.<\/p>\n<p>Ladislav JAKL, \u0159editel politick\u00e9ho odboru Kancel\u00e1\u0159e prezidenta republiky:<br \/>\nAno, to m\u016f\u017ee a prezident V\u00e1clav Klaus to s asi 2, 3 v\u00fdjimkami za cel\u00fdch 9 let ned\u011bl\u00e1.<\/p>\n<p>Martin VESELOVSK\u00dd, moder\u00e1tor:<br \/>\nA j\u00e1 jsem tu ot\u00e1zku o tom, jestli se m\u016f\u017ee m\u00fdlit nebo ne, tak jsem polo\u017eil z jednoduch\u00e9ho d\u016fvodu, a vy si to bezesporu, pane \u0159editeli Jakle, budete pamatovat. V roce 2008 ud\u011blil V\u00e1clav Klaus milost jihlavsk\u00e9mu podnikateli Zde\u0148ku Kratochv\u00edlovi, kter\u00fd podle, a bylo to i v od\u016fvodn\u011bn\u00ed p\u0159\u00edmo jaksi to novin\u00e1\u0159\u016fm \u0159\u00edkal p\u0159\u00edmo V\u00e1clav Klaus, podle l\u00e9ka\u0159sk\u00fdch posudk\u016f trp\u011bl v\u00e1\u017enou du\u0161evn\u00ed chorobou, nemohl se ani \u00fa\u010dastnit soudn\u00edho l\u00ed\u010den\u00ed, kter\u00e9 se t\u00fdkalo hospod\u00e1\u0159sk\u00fdch delikt\u016f, proto\u017ee by nech\u00e1pal, jak bylo sd\u011bleno, smysl cel\u00e9ho toho l\u00ed\u010den\u00ed. Vedle toho ale st\u00e1le jako gener\u00e1ln\u00ed \u0159editel vedl a dosud vede velkou firmu a te\u010f v tomto roce, v t\u011bchto necel\u00fdch dvou m\u011bs\u00edc\u00edch stihl obeslat ministerstvo spravedlnosti i va\u0161i kancel\u00e1\u0159 n\u00e1vrhem na zm\u011bnu jaksi metod policejn\u00edho vy\u0161et\u0159ov\u00e1n\u00ed. To nen\u00ed omyl?<\/p>\n<p>Ladislav JAKL, \u0159editel politick\u00e9ho odboru Kancel\u00e1\u0159e prezidenta republiky:<br \/>\nTo nen\u00ed omyl. \u0158\u00edzen\u00ed o milostech je individu\u00e1ln\u00ed rozhodnut\u00ed, nen\u00ed to \u017e\u00e1dn\u00e9 \u0161et\u0159en\u00ed. Prezident republiky nem\u00e1 \u017e\u00e1dn\u00fd apar\u00e1t, aby zkoumal, vy\u0161et\u0159oval, pos\u00edlal detektivy, vedl n\u011bjak\u00e9 v\u00fdslechy, prost\u011b m\u00e1 na stole stovky \u017e\u00e1dost\u00ed, stovky \u017e\u00e1dost\u00ed, kter\u00e9 maj\u00ed des\u00edtky stran a z\u00e1le\u017e\u00ed na jeho individu\u00e1ln\u00edm dojmu, kter\u00e1 z t\u011bch \u017e\u00e1dost\u00ed obsahuje n\u011bjak\u00fd p\u0159\u00edb\u011bh, n\u011bjak\u00e9 zd\u016fvodn\u011bn\u00ed s t\u00edm, \u017ee je t\u0159eba v n\u00ed taky t\u0159eba soudnost, samoz\u0159ejm\u011b, \u017ee ti \u017eadatel\u00e9 si v mnoh\u00e9m m\u016f\u017eou vym\u00fd\u0161let, m\u016f\u017eou lh\u00e1t, pak je tam taky t\u0159eba, n\u011bkde je hodn\u011b referenc\u00ed, n\u011bkde se p\u0159imlouvaj\u00ed starostov\u00e9, dal\u0161\u00ed autority, n\u011bkde je soubor l\u00e9ka\u0159sk\u00fdch zpr\u00e1v a podobn\u011b.<\/p>\n<p>Martin VESELOVSK\u00dd, moder\u00e1tor:<br \/>\nPane \u0159editeli, j\u00e1 jsem r\u00e1d, \u017ee zmi\u0148ujete ty reference starost\u016f. Ve chv\u00edli, kdy se bav\u00edme o tom, taky o tom druh\u00e9m p\u0159\u00edkladu, kter\u00fd j\u00e1 jsem na za\u010d\u00e1tku zmi\u0148oval, to je podzim roku 2009 milost ud\u011blena b\u00fdval\u00e9 policistce cizineck\u00e9 policie z Karlovarsk\u00e9ho kraje, pan\u00ed Kadlecov\u00e9, kter\u00e1 brala \u00faplatky, byla odsouzena na 2 roky do v\u011bzen\u00ed, dostala milost a v argumentaci k t\u00e9 milosti bylo krom\u011b jin\u00e9ho naps\u00e1no &#8211; zaru\u010dili se za n\u00ed krom\u011b jin\u00e9ho i starosta jej\u00ed obce. A ten to potom pop\u0159el, \u0159\u00edkal &#8211; j\u00e1 jsem se za nikoho nezaru\u010doval. J\u00e1 jsem jen popisoval, kde ona \u017eila.<\/p>\n<p>Ladislav JAKL, \u0159editel politick\u00e9ho odboru Kancel\u00e1\u0159e prezidenta republiky:<br \/>\nAno, a j\u00e1 nev\u00edm, mo\u017en\u00e1 &#8230;, to je pr\u00e1v\u011b ono a j\u00e1 jsem pop\u0159el to jeho pop\u0159en\u00ed a na internetu jsem opakovan\u011b zve\u0159ejnil jeho dopis, kter\u00fdm se \u00fap\u011bnliv\u011b sna\u017e\u00ed se za ni zaru\u010dovat, kde \u0159\u00edk\u00e1 doslova, \u017ee bude platnou \u010dlenkou spole\u010dnosti, horliv\u00fd dopis, mimochodem dopis, kter\u00fd poslal je\u0161t\u011b 2 m\u011bs\u00edce p\u0159edt\u00edm, ne\u017e ta \u017e\u00e1dost v\u016fbec byla pod\u00e1na, \u017ee potom, kdy\u017e se o t\u00e9 milosti za\u010dne mluvit, bere zp\u00e1te\u010dku a sna\u017e\u00ed se to zaml\u017eit, to ho docela ch\u00e1pu. M\u00e9n\u011b ale ch\u00e1pu novin\u00e1\u0159e, kte\u0159\u00ed dva roky v\u011b\u0159\u00ed jeho verzi, ani\u017e by kdykoliv se zeptal n\u00e1s nebo jeho, tak n\u00e1m uka\u017ete kopii toho dopisu, kde jste jenom \u0159ekl, jak se tady \u017eije, najd\u011bte si to na internetu. J\u00e1 jsem to vydal dvakr\u00e1t a &#8230;<\/p>\n<p>Martin VESELOVSK\u00dd, moder\u00e1tor:<br \/>\nPane \u0159editeli Jakle, vy dob\u0159e v\u00edte, j\u00e1 to bezesporu v\u00edm a m\u00e1m &#8230;<\/p>\n<p>Ladislav JAKL, \u0159editel politick\u00e9ho odboru Kancel\u00e1\u0159e prezidenta republiky:<br \/>\nA vy s t\u00edm stejn\u011b argumentujete a stejn\u011b to nev\u00edte.<\/p>\n<p>Martin VESELOVSK\u00dd, moder\u00e1tor:<br \/>\nPane \u0159editeli, za prv\u00e9 v\u00edm a za druh\u00e9m s t\u00edm argumentuji a vy p\u0159esn\u011b v\u00edte pro\u010d. Proto\u017ee tato d\u00e1ma se potom dopustila daleko d\u016fle\u017eit\u011bj\u0161\u00edho a zaj\u00edmav\u011bj\u0161\u00edho tvrzen\u00ed, a to, \u017ee si onu milost koupila. Proto se pt\u00e1m na to, jestli je mo\u017eno se m\u00fdlit, jak\u00fd je syst\u00e9m ud\u011blov\u00e1n\u00ed milost\u00ed, proto se v\u00e1s pt\u00e1m na to, jak se dojde &#8230;<\/p>\n<p>Ladislav JAKL, \u0159editel politick\u00e9ho odboru Kancel\u00e1\u0159e prezidenta republiky:<br \/>\nTak j\u00e1 v\u016fbec nev\u00edm o tom, \u017ee se ona dopustila tohoto tvrzen\u00ed. Vy to tvrzen\u00ed jej\u00ed nem\u00e1te a nem\u00e1 ho nikdo jin\u00fd. Ona \u0159\u00edk\u00e1 &#8230;<\/p>\n<p>Martin VESELOVSK\u00dd, moder\u00e1tor:<br \/>\nM\u00e1 ho jej\u00ed l\u00e9ka\u0159, p\u0159ed kter\u00fdm se jeho dopustila.<\/p>\n<p>Ladislav JAKL, \u0159editel politick\u00e9ho odboru Kancel\u00e1\u0159e prezidenta republiky:<br \/>\nOna \u0159\u00edk\u00e1, \u017ee jej\u00ed str\u00fdc, aby byl p\u0159ed n\u00ed d\u016fle\u017eit\u00fd, j\u00ed \u0159ekl, \u017ee se o postaral a ona o tom \u0159ekla v d\u016fv\u011brn\u00e9 zpr\u00e1v\u011b jako &#8230;<\/p>\n<p>Martin VESELOVSK\u00dd, moder\u00e1tor:<br \/>\nPane \u0159editeli, rozum\u00edte mi spr\u00e1vn\u011b?<\/p>\n<p>Ladislav JAKL, \u0159editel politick\u00e9ho odboru Kancel\u00e1\u0159e prezidenta republiky:<br \/>\n&#8230; psychiatricky l\u00e9\u010den\u00e1 osoba a l\u00e9ka\u0159 po 2 letech se op\u00edral &#8230;<\/p>\n<p>Martin VESELOVSK\u00dd, moder\u00e1tor:<br \/>\nJ\u00e1 te\u010f nechci tady s v\u00e1mi, j\u00e1 po v\u00e1s nechci, aby vy jste tady dostal nebo p\u0159izn\u00e1val, jestli jsou prezidentsk\u00e9 milosti prod\u00e1v\u00e1ny \u010di ne.<\/p>\n<p>Ladislav JAKL, \u0159editel politick\u00e9ho odboru Kancel\u00e1\u0159e prezidenta republiky:<br \/>\n&#8230; k h\u00e1jen\u00e9 dokumentaci a dal ji novin\u00e1\u0159\u016fm.<\/p>\n<p>Martin VESELOVSK\u00dd, moder\u00e1tor:<br \/>\nTomu rozum\u00edm, \u017ee to je debata, kter\u00e1 by nebyla postavena na z\u00e1kladech.<\/p>\n<p>Ladislav JAKL, \u0159editel politick\u00e9ho odboru Kancel\u00e1\u0159e prezidenta republiky:<br \/>\n\/Nesrozumiteln\u00e9\/.<\/p>\n<p>Martin VESELOVSK\u00dd, moder\u00e1tor:<br \/>\nKdy\u017e m\u011b nech\u00e1te, j\u00e1 se zept\u00e1m. K tomuto p\u0159\u00edpadu tehdy Radim Ochvat, mluv\u010d\u00ed pana prezidenta, \u0159\u00edkal &#8211; j\u00e1 v\u00e1m to ocituji p\u0159esn\u011b &#8211; stanoven\u00fd syst\u00e9m pro posuzov\u00e1n\u00ed \u017e\u00e1dost\u00ed o ud\u011blen\u00ed milosti prezidentem republiky jakoukoliv mo\u017enost zneu\u017eit\u00ed vylu\u010duje. Vy jste mi te\u010f tady vyl\u00ed\u010dil, \u017ee p\u0159ed prezidentem obrazn\u011b \u0159e\u010deno le\u017e\u00ed hromada \u017e\u00e1dost\u00ed a on z nich podle sv\u00e9ho vnit\u0159n\u00edho n\u00e1zoru vyb\u00edr\u00e1. Kde je ten syst\u00e9m, kter\u00fd nen\u00ed mo\u017eno zneu\u017e\u00edt?<\/p>\n<p>Ladislav JAKL, \u0159editel politick\u00e9ho odboru Kancel\u00e1\u0159e prezidenta republiky:<br \/>\nT\u00edm je my\u0161leno, \u017ee pan prezident krom\u011b toho, \u017ee n\u011bjak\u00fdm zp\u016fsobem se rozhoduje, tak tak\u00e9 milosti konzultuje se sv\u00fdmi &#8230;<\/p>\n<p>Martin VESELOVSK\u00dd, moder\u00e1tor:<br \/>\nTe\u010f p\u0159ed malou chv\u00edl\u00ed, pane \u0159editeli, jste mi \u0159\u00edkal, \u017ee nem\u00e1 \u017e\u00e1dn\u00fd apar\u00e1t, aby se s n\u011bk\u00fdm radil.<\/p>\n<p>Ladislav JAKL, \u0159editel politick\u00e9ho odboru Kancel\u00e1\u0159e prezidenta republiky:<br \/>\nAno, apar\u00e1t nem\u00e1. Konzultuje \u017e\u00e1dosti o milost se sv\u00fdmi nejbli\u017e\u0161\u00edmi spolupracovn\u00edky na \u00farovni \u0159editel\u016f odbor\u016f a ten syst\u00e9m, o kter\u00e9m mluv\u00ed pan Ochvat, ten mluv\u00ed o tom, \u017ee nikdo dop\u0159edu nem\u016f\u017ee nijak ovlivnit, kdo z t\u011bchto spolupracovn\u00edk\u016f bude t\u00e1z\u00e1n na kterou milost, prost\u011b to nen\u00ed mo\u017en\u00e9, to je n\u00e1hodn\u00e1 v\u011bc, kter\u00e1 se komu dostane do ruky a ta je tak ud\u011bl\u00e1, \u017ee vymy\u0161len\u00e1 b\u00fdt nem\u016f\u017ee, nen\u00ed mo\u017en\u00e9 tud\u00ed\u017e p\u0159ij\u00edt za n\u011bk\u00fdm a \u0159\u00edct mu &#8211; ovlivni to, p\u0159imluv se, proto\u017ee by v\u016fbec nem\u011bl ani n\u011bjakou zvl\u00e1\u0161tn\u00ed pravd\u011bpodobnost, \u017ee zrovna ten \u010dlov\u011bk bude t\u00e1z\u00e1n panem prezidentem a \u017ee pan prezident ho v\u016fbec vezme v \u00favahu.<\/p>\n<p>Martin VESELOVSK\u00dd, moder\u00e1tor:<br \/>\nDob\u0159e.<\/p>\n<p>Ladislav JAKL, \u0159editel politick\u00e9ho odboru Kancel\u00e1\u0159e prezidenta republiky:<br \/>\nAle z \u00fastavy \u010dlov\u011bkem, jeho\u017e individu\u00e1ln\u00ed pr\u00e1vo je rozhodovat o milostech, je pouze prezident republiky, nikdo p\u0159ed n\u00edm to nem\u016f\u017ee zfiltrovat, to m\u011b napomenete pot\u0159et\u00ed, jako tomu bylo za d\u0159\u00edv\u011bj\u0161\u00edch dob, kdy proti\u00fastavn\u011b ministerstvo spravedlnosti velkou \u010d\u00e1st \u017e\u00e1dost\u00ed o milost k prezidentovi v\u016fbec nepustilo.<\/p>\n<p>Martin VESELOVSK\u00dd, moder\u00e1tor:<br \/>\nShodneme se na tom, \u017ee se te\u010f tady bav\u00edme o va\u0161em \u0161\u00e9fovi, o panu prezidentovi \u010cesk\u00e9 republiky V\u00e1clavu Klausovi.<\/p>\n<p>Ladislav JAKL, \u0159editel politick\u00e9ho odboru Kancel\u00e1\u0159e prezidenta republiky:<br \/>\nAno, to se nejl\u00e9pe bav\u00edme t\u00edm, \u017ee ho s n\u011b\u010d\u00edm srovn\u00e1me.<\/p>\n<p>Martin VESELOVSK\u00dd, moder\u00e1tor:<br \/>\nDob\u0159e, tak j\u00e1 to, nejl\u00e9pe se budeme o tom t\u00e9matu bavit, kdy\u017e v\u00e1m budu citovat to, co p\u0159\u00edmo on \u0159ekl a budu se v\u00e1s pt\u00e1t a zasazovat to do kontextu.<\/p>\n<p>Ladislav JAKL, \u0159editel politick\u00e9ho odboru Kancel\u00e1\u0159e prezidenta republiky:<br \/>\nZkusme to.<\/p>\n<p>Martin VESELOVSK\u00dd, moder\u00e1tor:<br \/>\n1. z\u00e1\u0159\u00ed minul\u00e9ho roku v \u010cesk\u00e9 televizi V\u00e1clav Klaus \u0159\u00edkal &#8211; nezn\u00e1m \u017e\u00e1dn\u00e1 tvrd\u00e1 data o korupci a velmi bych je cht\u011bl vid\u011bt a cht\u011bl bych je dostat od t\u011bch p\u00e1n\u016f nebo pan\u00ed, kte\u0159\u00ed se korupc\u00ed oh\u00e1n\u011bjen\u00ed jako jedin\u00fdm sv\u00fdm \u017eivotn\u00edm t\u00e9matem zprava zleva. Minim\u00e1ln\u011b ve dvou p\u0159\u00edpadech, o kter\u00fdch jsme mluvili, to znamen\u00e1 te\u010f ten \u010derstv\u00fd p\u0159\u00edpad Evy Bene\u0161ov\u00e9 a p\u0159edt\u00edm dva roky p\u0159\u00edpad pan\u00ed Kadlecov\u00e9, tak m\u011bl k dispozici tvrd\u00e1 data o korupci, jedna d\u00e1ma upl\u00e1cela, druh\u00e1 \u00faplatky brala. Tak nevypad\u00e1 to sp\u00ed\u0161, \u017ee prezident v t\u011bchto dvou p\u0159\u00edpadech ta tvrd\u00e1 data necht\u011bl vid\u011bt, ne\u017e \u017ee by je nevid\u011bl?<\/p>\n<p>Ladislav JAKL, \u0159editel politick\u00e9ho odboru Kancel\u00e1\u0159e prezidenta republiky:<br \/>\nTen v\u00fdrok se vztahuje na \u010d\u00edsla, na celkov\u00e1 \u010d\u00edsla za celou republiku. V\u016fbec se nevztahoval k jak\u00e9mu jednotliv\u00e9mu v\u00fdroku soudu. Ten se vztahoval k v\u00fdroku o tom, jak\u00e1 je m\u00edra korupce v zemi a &#8230;<\/p>\n<p>Martin VESELOVSK\u00dd, moder\u00e1tor:<br \/>\nPane \u0159editeli, vy jste p\u0159ed malou chv\u00edl\u00ed \u0159\u00edkal, \u017ee n\u011bco nev\u00edm, jak vy tohle to v\u00edte?<\/p>\n<p>Ladislav JAKL, \u0159editel politick\u00e9ho odboru Kancel\u00e1\u0159e prezidenta republiky:<br \/>\nNo, proto\u017ee mimochodem u toho jsem byl, p\u0159\u00edmo u tohoto v\u00fdroku a v\u00edm, v jak\u00e9m kontextu tyto v\u00fdroky pan prezident \u0159\u00edk\u00e1. Ne\u0159\u00edk\u00e1 ho, \u017ee by nikdo nem\u011bl data, \u017ee by soud nem\u011bl data. \u0158\u00edk\u00e1 to na t\u00e9ma &#8211; ano, korupce je spole\u010densky i jinak velmi nebezpe\u010dn\u00fd \u0161kodliv\u00fd jev, byl u n\u00e1s v\u017edy i za prvn\u00ed republiky, je v\u0161ude na sv\u011bt\u011b, krom\u011b toho u n\u00e1s se z n\u011bho stalo t\u00e9ma, kter\u00fdm je mo\u017en\u00e9 mezi sebou likvidovat politickou konkurenci prost\u0159ednictv\u00edm m\u00e9di\u00ed. Ale \u017e\u00e1dn\u00e1 data, \u010d\u00edsla o tom, kolik \u00fadajn\u011b p\u0159\u00edpad\u016f je nebo ne a kolik takhle proch\u00e1z\u00ed, ta reakce pana prezidenta byla na to, \u017ee se a \u017eongluje v\u00fdroky o zv\u00fd\u0161en\u00ed o zdvojn\u00e1soben\u00ed a zn\u00e1soben\u00ed a ciframi vycucan\u00fdmi z prstu a on \u0159\u00edk\u00e1 &#8211; jsou to \u010d\u00edsla vycucan\u00e1 z prstu, tvrd\u00e1 data nem\u00e1te. \u010cili nevyslovoval se k jednotliv\u00e9mu p\u0159\u00edpadu.<\/p>\n<p>Martin VESELOVSK\u00dd, moder\u00e1tor:<br \/>\nNo, to bezesporu ne, j\u00e1 jsem to ani ne\u0159\u00edkal. Ve chv\u00edli, kdy se tady bav\u00edme o t\u011bchto dvou p\u0159\u00edpadech minim\u00e1ln\u011b, a jsou to p\u0159\u00edpady, na kter\u00e9 je up\u0159ena pozornost, proto\u017ee byla ud\u011blena prezidentsk\u00e1 milost a ve chv\u00edli, kdy vy jste mi odm\u00edtl by\u0165 jen trochu osv\u011btlit, pro\u010d je od\u016fvodn\u011bna jedna milost t\u00edm, aby se d\u00e1ma mohla starat o nemocn\u00e9ho man\u017eela, by\u0165 m\u011bla b\u00fdt jen v podm\u00ednce, to znamen\u00e1, \u017ee by m\u011bla \u00fapln\u011b stejn\u00fd prostor pro tu starost jako te\u010f, nebudete to vysv\u011btlovat, pane \u0159editeli?<\/p>\n<p>Ladislav JAKL, \u0159editel politick\u00e9ho odboru Kancel\u00e1\u0159e prezidenta republiky:<br \/>\nJ\u00e1 nem\u00e1m \u017e\u00e1dn\u00fd d\u016fvod, ani pov\u011b\u0159en\u00ed vyslovovat se k jednotliv\u00fdm milostem, proto\u017ee prezident rozhodl, ud\u011blil milost a &#8230;<\/p>\n<p>Martin VESELOVSK\u00dd, moder\u00e1tor:<br \/>\nNo, a na to se pt\u00e1m, pt\u00e1m se na to, nen\u00ed mo\u017en\u00e9, \u017ee takov\u00e9 rozhodnut\u00ed s takov\u00fdm od\u016fvodn\u011bn\u00edm, kter\u00e9 &#8230;<\/p>\n<p>Ladislav JAKL, \u0159editel politick\u00e9ho odboru Kancel\u00e1\u0159e prezidenta republiky:<br \/>\n&#8230; a j\u00e1 nem\u00e1m vlastnosti jako telepatik tak, abych vid\u011bl hnut\u00ed mysli, jestli ho ovlivnila v\u00edc tato v\u011bta, jestli na n\u011bj &#8230;<\/p>\n<p>Martin VESELOVSK\u00dd, moder\u00e1tor:<br \/>\nPardon, pane \u0159editeli.<\/p>\n<p>Ladislav JAKL, \u0159editel politick\u00e9ho odboru Kancel\u00e1\u0159e prezidenta republiky:<br \/>\n&#8230; zap\u016fsobilo p\u0159esv\u011bd\u010div\u011b jist\u00e9 tvrzen\u00ed nebo n\u011bjak\u00e1 dal\u0161\u00ed okolnost.<\/p>\n<p>Martin VESELOVSK\u00dd, moder\u00e1tor:<br \/>\nTomu rozum\u00edm. A j\u00e1 se, pane \u0159editeli Jakle, pt\u00e1m na to, jestli takto vyargumentovan\u00e1 milost zejm\u00e9na u korup\u010dn\u00edho jedn\u00e1n\u00ed, na kter\u00e9, a\u0165 chceme nebo nechceme, je spole\u010dnost bezesporu n\u011bjak\u00fdm zp\u016fsobem citliv\u00e1, nevede k tomu, \u017ee si potom mnoz\u00ed lid\u00e9 mohou \u0159\u00edct &#8211; tak to je p\u0159ece \u00fapln\u011b jedno, jestli budeme br\u00e1t, nebudeme br\u00e1t, budeme upl\u00e1cet, nebudeme, tato d\u00e1ma to d\u011blala a z ne \u00fapln\u011b dob\u0159e vyargumentovan\u00fdch d\u016fvod\u016f dostala milost?<\/p>\n<p>Ladislav JAKL, \u0159editel politick\u00e9ho odboru Kancel\u00e1\u0159e prezidenta republiky:<br \/>\nTak to ur\u010dit\u011b nen\u00ed mo\u017en\u00e9 \u0159\u00edct, \u017ee to je jedno, proto\u017ee na prezidenta se obrac\u00ed ro\u010dn\u011b n\u011bkolik tis\u00edc \u017e\u00e1dost\u00ed o milost a v pr\u016fm\u011bru jich za rok ud\u011bl\u00ed asi 40 a to nap\u0159\u00ed\u010d v\u0161\u00ed mo\u017enou r\u016fznou trestnou \u010dinnost\u00ed, tak\u017ee to v \u017e\u00e1dn\u00e9m p\u0159\u00edpad\u011b neznamen\u00e1, \u017ee by pardonoval. Prezident V\u00e1clav Klaus neud\u011blil \u017e\u00e1dnou plo\u0161nou amnestii. Jeho p\u0159edch\u016fdce 4.<\/p>\n<p>Martin VESELOVSK\u00dd, moder\u00e1tor:<br \/>\nU\u017e se zase vrac\u00edte k jeho p\u0159edch\u016fdci.<\/p>\n<p>Ladislav JAKL, \u0159editel politick\u00e9ho odboru Kancel\u00e1\u0159e prezidenta republiky:<br \/>\nTak\u017ee mo\u017en\u00e1 \/v\u00fdpadek sign\u00e1lu\/nutn\u00e9, tak\u017ee tehdy mo\u017en\u00e1 si n\u011bkdo mohl \u0159\u00edct, \u017ee m\u016f\u017ee klidn\u011b br\u00e1t a m\u016f\u017ee d\u011blat cokoliv jin\u00e9ho, \u017ee ho stejn\u011b po p\u00e1r letech pust\u00ed.<\/p>\n<p>Martin VESELOVSK\u00dd, moder\u00e1tor:<br \/>\nDob\u0159e &#8230;<\/p>\n<p>Ladislav JAKL, \u0159editel politick\u00e9ho odboru Kancel\u00e1\u0159e prezidenta republiky:<br \/>\nTak nic takov\u00e9ho te\u010f nen\u00ed a vyvozovat z toho, \u017ee m\u016f\u017eu klidn\u011b d\u011blat ledacos, proto\u017ee jeden z dvou tis\u00edc \u017eadatel\u016f, nebo 40 ze dvou tis\u00edc \u017eadatel\u016f dostane milost a z toho plyne, \u017ee j\u00e1 m\u016f\u017eu d\u011blat cokoliv, to je blbost, \u017ee jo.<\/p>\n<p>Martin VESELOVSK\u00dd, moder\u00e1tor:<br \/>\nZcela jsem rozum\u011bl, pane \u0159editeli, tomu, co jste \u0159\u00edkal o tom, jak\u00fdm zp\u016fsobem je nastaveno ud\u011blov\u00e1n\u00ed milost\u00ed, ale nezaslou\u017eil by si ten syst\u00e9m o n\u011bco v\u011bt\u0161\u00ed zpr\u016fhledn\u011bn\u00ed ohledn\u011b argumentace a motivac\u00ed, proto\u017ee znovu opakuji, ta d\u00e1ma dostala, a to jsou slova va\u0161\u00ed hradn\u00ed kancel\u00e1\u0159e, Kancel\u00e1\u0159e prezidenta republiky, ta d\u00e1ma to dostala proto, aby se mohla starat o sv\u00e9ho nemocn\u00e9ho man\u017eela, p\u0159esto\u017ee m\u011bla b\u00fdt 2 roky v podm\u00ednce?<\/p>\n<p>Ladislav JAKL, \u0159editel politick\u00e9ho odboru Kancel\u00e1\u0159e prezidenta republiky:<br \/>\nAno, m\u00e1te pravdu. Kdyby bylo po m\u00fdm a kdybych j\u00e1 byl prezidentem, te\u010f p\u0159em\u00fd\u0161l\u00edm, jestli kandidaturu p\u0159ijmu, nebo ne, kdy\u017etak m\u011b p\u0159esv\u011bd\u010dte dneska a klidn\u011b bych to ud\u011blal, pokud ji nep\u0159ijme pan\u00ed Livie Klausov\u00e1, tak j\u00e1 bych milosti nezd\u016fvod\u0148oval v\u016fbec, proto\u017ee vlastn\u011b to zd\u016fvodn\u011bn\u00ed vyvol\u00e1v\u00e1 dojem, \u017ee existuje n\u00e1rok v n\u011bkter\u00fdch p\u0159\u00edpadech na milost a v jin\u00fdch p\u0159\u00edpadech, \u017ee je milost \u0161patn\u011b a nen\u00ed mo\u017en\u00e9 ji d\u00e1t. Vysv\u011btlovat pohnut\u00ed individu\u00e1ln\u00edho osobn\u00edho rozhodnut\u00ed je v\u017edycky slo\u017eit\u00e9, riskantn\u00ed, nikdy ne \u00fapln\u00e9, nikdy ta v\u011bta nepostihne, jak\u00fd to na m\u011b ud\u011blalo dojem, jak\u00fd jsem p\u0159itom rozhodov\u00e1n\u00ed m\u011bl pocit, j\u00e1 bych to ned\u011blal, j\u00e1 bych to ned\u011blal v\u016fbec, j\u00e1 mysl\u00edm, \u017ee to je nab\u00edh\u00e1v\u00e1n\u00ed si na vidle, ale pan prezident se o to v dobr\u00e9 v\u016fli n\u011bjak\u00fdm zp\u016fsobem sna\u017e\u00ed a ur\u010dit\u011b se najde dost t\u011bch, kte\u0159\u00ed ho za tuto dobrou v\u016fli budou cht\u00edt chytat za slovo.<\/p>\n<p>Martin VESELOVSK\u00dd, moder\u00e1tor:<br \/>\nTo se bezesporu uvid\u00ed. \u0158editel politick\u00e9ho odboru Kancel\u00e1\u0159e prezidenta republiky Ladislav Jakl byl dnes hostem Dvaceti minut Radio\u017eurn\u00e1lu. D\u011bkuji p\u011bkn\u011b.<\/p>\n<p>Ladislav JAKL, \u0159editel politick\u00e9ho odboru Kancel\u00e1\u0159e prezidenta republiky:<br \/>\nD\u011bkuju za pozv\u00e1n\u00ed.<\/p>\n<p>Martin VESELOVSK\u00dd, moder\u00e1tor:<br \/>\nNa shledanou.<\/p>\n<p>Ladislav JAKL, \u0159editel politick\u00e9ho odboru Kancel\u00e1\u0159e prezidenta republiky:<br \/>\nNa shledanou.<\/p>\n<p>Martin VESELOVSK\u00dd, moder\u00e1tor:<br \/>\nMartin Veselovsk\u00fd byl u mikrofonu \u010cesk\u00e9ho rozhlasu 1 Radio\u017eurn\u00e1lu. P\u0159eji v\u00e1m p\u0159\u00edjemn\u00fd poslech.<\/p>\n<p>Zpracovatel: Anopress IT a.s.<\/p>\n","protected":false},"excerpt":{"rendered":"<p>RADIO\u017dURN\u00c1L Prezident \u010cesk\u00e9 republiky V\u00e1clav Klaus ud\u011blil dal\u0161\u00ed v\u00e1rku milost\u00ed Datum:\u00a016.02.2012 Relace:\u00a0Dvacetiminutovka Radio\u017eurn\u00e1lu Po\u0159ad\u00ed:\u00a01 \u010cas vys\u00edl\u00e1n\u00ed:\u00a017:06:25<\/p>\n","protected":false},"author":1,"featured_media":0,"comment_status":"open","ping_status":"open","sticky":false,"template":"","format":"standard","meta":{"ngg_post_thumbnail":0,"footnotes":""},"categories":[13],"tags":[],"class_list":["post-1508","post","type-post","status-publish","format-standard","hentry","category-rozhovory"],"_links":{"self":[{"href":"https:\/\/www.ladislavjakl.cz\/index.php?rest_route=\/wp\/v2\/posts\/1508","targetHints":{"allow":["GET"]}}],"collection":[{"href":"https:\/\/www.ladislavjakl.cz\/index.php?rest_route=\/wp\/v2\/posts"}],"about":[{"href":"https:\/\/www.ladislavjakl.cz\/index.php?rest_route=\/wp\/v2\/types\/post"}],"author":[{"embeddable":true,"href":"https:\/\/www.ladislavjakl.cz\/index.php?rest_route=\/wp\/v2\/users\/1"}],"replies":[{"embeddable":true,"href":"https:\/\/www.ladislavjakl.cz\/index.php?rest_route=%2Fwp%2Fv2%2Fcomments&post=1508"}],"version-history":[{"count":1,"href":"https:\/\/www.ladislavjakl.cz\/index.php?rest_route=\/wp\/v2\/posts\/1508\/revisions"}],"predecessor-version":[{"id":1509,"href":"https:\/\/www.ladislavjakl.cz\/index.php?rest_route=\/wp\/v2\/posts\/1508\/revisions\/1509"}],"wp:attachment":[{"href":"https:\/\/www.ladislavjakl.cz\/index.php?rest_route=%2Fwp%2Fv2%2Fmedia&parent=1508"}],"wp:term":[{"taxonomy":"category","embeddable":true,"href":"https:\/\/www.ladislavjakl.cz\/index.php?rest_route=%2Fwp%2Fv2%2Fcategories&post=1508"},{"taxonomy":"post_tag","embeddable":true,"href":"https:\/\/www.ladislavjakl.cz\/index.php?rest_route=%2Fwp%2Fv2%2Ftags&post=1508"}],"curies":[{"name":"wp","href":"https:\/\/api.w.org\/{rel}","templated":true}]}}