{"id":1510,"date":"2012-02-17T13:48:43","date_gmt":"2012-02-17T12:48:43","guid":{"rendered":"http:\/\/www.ladislavjakl.cz\/?p=1510"},"modified":"2012-02-17T13:48:43","modified_gmt":"2012-02-17T12:48:43","slug":"jakl-odpaluje-kritiku-klaus-sve-milosti-vysvetlovat-nemusi","status":"publish","type":"post","link":"https:\/\/www.ladislavjakl.cz\/?p=1510","title":{"rendered":"Jakl odpaluje kritiku: Klaus sv\u00e9 milosti vysv\u011btlovat nemus\u00ed"},"content":{"rendered":"<div id=\"lightbox-search\">\n<p><strong>D\u016fvod ud\u011blen\u00ed prezidentsk\u00e9 milosti by nem\u011bl b\u00fdt vysv\u011btlov\u00e1n.  Jde o osobn\u00ed rozhodnut\u00ed, kter\u00e9 nem\u00e1 co d\u011blat se spravedlnost\u00ed, \u0159ekl v  Radio\u017eurn\u00e1lu \u0159editel politick\u00e9ho odboru Kancel\u00e1\u0159e prezidenta republiky  Ladislav Jakl. Klaus v \u00fater\u00fd ud\u011blil 14 milost\u00ed a za \u010d\u00e1st z nich sklidil  kritiku.<\/strong><\/p>\n<p><strong><!--more--><br \/>\n<\/strong><\/p>\n<p>&#8222;Milost nen\u00ed n\u011bjakou prot\u00e9zou spravedlnosti, to nen\u00ed polemika se  soudy, napravov\u00e1n\u00ed soud\u016f,\u3000 to dokonce v\u016fbec nen\u00ed sou\u010d\u00e1st spravedlnosti  nebo justice. A kdybych j\u00e1 byl prezidentem, tak j\u00e1 bych milosti  nezd\u016fvod\u0148oval v\u016fbec. Vysv\u011btlovat pohnut\u00ed individu\u00e1ln\u00edho, osobn\u00edho  rozhodnut\u00ed je v\u017edycky slo\u017eit\u00e9, nikdy ne \u00fapln\u00e9,\u201d uvedl Jakl. &#8222;Pan  prezident si klidn\u011b m\u016f\u017ee hodit kostkou, komu ano a komu ne. Cel\u00fd  institut milosti je subjektivn\u00ed. Milost p\u0159ece dost\u00e1vaj\u00ed zlo\u010dinci,  usv\u011bd\u010den\u00ed lumpov\u00e9, lid\u00e9, co n\u011bco provedli &#8211; ka\u017ed\u00e1 milost je v podstat\u011b  nespravedliv\u00e1.&#8220;<\/p>\n<p>Jakl prezidenta Klause v rozhlase h\u00e1jil, pou\u017eil i p\u0159\u00edm\u011br k  p\u0159edchoz\u00edmu prezidentovi V\u00e1clavu Havlovi.\u00a0&#8222;P\u0159edchoz\u00ed prezident\u00a0ud\u011bloval  \u010dty\u0159ikr\u00e1t tolik milost\u00ed a ned\u00e1val \u017e\u00e1dn\u00e1 zd\u016fvodn\u011bn\u00ed, dokonce ani jm\u00e9na  t\u011bch lid\u00ed a jejich pohnutky. \u010cty\u0159ikr\u00e1t dokonce vyhl\u00e1sil plo\u0161nou amnestii  a nikdo se neptal, co za lidi tehdy propustili.&#8220;<\/p>\n<p>Klaus pr\u00fd milosti prob\u00edr\u00e1 se sv\u00fdmi nejbli\u017e\u0161\u00edmi spolupracovn\u00edky a  sna\u017e\u00ed se kr\u00e1tce vyj\u00e1d\u0159it zd\u016fvodn\u011bn\u00ed ke ka\u017ed\u00e9mu p\u0159\u00edpadu. Jakl by to pr\u00fd  ned\u011blal.<\/p>\n<p>Klaus v \u00fater\u00fd ud\u011blil 14 milost\u00ed a v jednom p\u0159\u00edpad\u011b rozhodl o odkladu  v\u00fdkonu trestu do doby, ne\u017e se vyj\u00e1d\u0159\u00ed k \u017e\u00e1dosti o milost. &#8222;Prezidenta k  tomu v\u011bt\u0161inou vedly humanit\u00e1rn\u00ed d\u016fvody,&#8220; \u0159ekl mluv\u010d\u00ed Hradu Radim Ochvat.  Klaus byl za milosti kritizov\u00e1n,\u00a0nap\u0159\u00edklad za prominut\u00ed podm\u00edn\u011bn\u00e9ho  trestu a zbytku trestu z\u00e1kazu \u010dinnosti za poru\u0161ov\u00e1n\u00ed povinnosti p\u0159i  spr\u00e1v\u011b ciz\u00edho majetku, podpl\u00e1cen\u00ed a zpronev\u011bru Ann\u011b Bene\u0161ov\u00e9, odsouzen\u00e9  \u0159editelce soukrom\u00e9 Metropolitn\u00ed univerzity Praha, kter\u00e1 podle verdiktu  mimo jin\u00e9 umo\u017enila v rozporu s pr\u00e1vn\u00edmi p\u0159edpisy bezplatn\u00e9 studium  des\u00edtk\u00e1m lid\u00ed<\/p>\n<p>Bene\u0161ov\u00e1, kter\u00e1 v minulosti vinu opakovan\u011b pop\u0159ela, univerzit\u011b podle  soudu zp\u016fsobila \u0161kodu p\u0159es \u0161est milion\u016f korun. Klaus j\u00ed ud\u011blil milost,  kdy\u017e p\u0159ihl\u00e9dl k tomu, \u017ee jej\u00ed t\u011b\u017ece nemocn\u00fd man\u017eel pot\u0159ebuje jej\u00ed pomoc.<\/p>\n<p>&#8222;M\u011b to pom\u011brn\u011b dost vyto\u010dilo. J\u00e1 se na to d\u00edv\u00e1m tak, \u017ee tato milost  zneva\u017euje \u010dty\u0159i roky pr\u00e1ce policie, st\u00e1tn\u00edho zastupitelstv\u00ed a soudu,&#8220;  \u0159ekl Lidov\u00fdm novin\u00e1m \u017ealobce Marek Bodl\u00e1k.<\/p>\n<p><strong>Mu\u017e od &#8222;kmotra&#8220; Mr\u00e1zka <\/strong><\/p>\n<p>O odkladu trestu za zpronev\u011bru rozhodl prezident u Tom\u00e1\u0161e Maliny,  podle mluv\u010d\u00edho Klaus o jeho \u017e\u00e1dosti o milost rozhodne a\u017e na z\u00e1klad\u011b  dal\u0161\u00edho v\u00fdvoje jeho zdravotn\u00edho stavu. Malina \u010d\u00e1st zp\u016fsoben\u00e9 \u0161kody u\u017e  uhradil a zbytek \u0161kody se zav\u00e1zal spl\u00e1cet. M\u00e9dia upozornila na fakt, \u017ee  Malina, odsouzen\u00fd za stomilionov\u00fd podvod s pohonn\u00fdmi hmotami, pat\u0159il k  bl\u00edzk\u00fdm spolupracovn\u00edk\u016fm podnikatel\u016f Franti\u0161ka Mr\u00e1zka a Tom\u00e1\u0161e Pitra.  Mr\u00e1zka, kter\u00fd byl v lednu 2006 zast\u0159elen, policie pova\u017eovala za vl\u00e1dce  \u010desk\u00e9ho podsv\u011bt\u00ed, Pitr byl odsouzen za da\u0148ov\u00e9 delikty a v sou\u010dasn\u00e9 dob\u011b  je ve \u0161v\u00fdcarsk\u00e9 vazb\u011b.<\/p>\n<p><a href=\"http:\/\/www.tyden.cz\/rubriky\/domaci\/politika\/jakl-odpaluje-kritiku-klaus-sve-milosti-vysvetlovat-nemusi_225575.html\" target=\"_blank\">Zdroj<\/a><\/div>\n","protected":false},"excerpt":{"rendered":"<p>D\u016fvod ud\u011blen\u00ed prezidentsk\u00e9 milosti by nem\u011bl b\u00fdt vysv\u011btlov\u00e1n. Jde o osobn\u00ed rozhodnut\u00ed, kter\u00e9 nem\u00e1 co d\u011blat se spravedlnost\u00ed, \u0159ekl v Radio\u017eurn\u00e1lu \u0159editel politick\u00e9ho odboru Kancel\u00e1\u0159e prezidenta republiky Ladislav Jakl. Klaus v \u00fater\u00fd ud\u011blil 14 milost\u00ed a za \u010d\u00e1st z nich sklidil kritiku.<\/p>\n","protected":false},"author":1,"featured_media":0,"comment_status":"open","ping_status":"open","sticky":false,"template":"","format":"standard","meta":{"ngg_post_thumbnail":0,"footnotes":""},"categories":[11],"tags":[],"class_list":["post-1510","post","type-post","status-publish","format-standard","hentry","category-ozvena"],"_links":{"self":[{"href":"https:\/\/www.ladislavjakl.cz\/index.php?rest_route=\/wp\/v2\/posts\/1510","targetHints":{"allow":["GET"]}}],"collection":[{"href":"https:\/\/www.ladislavjakl.cz\/index.php?rest_route=\/wp\/v2\/posts"}],"about":[{"href":"https:\/\/www.ladislavjakl.cz\/index.php?rest_route=\/wp\/v2\/types\/post"}],"author":[{"embeddable":true,"href":"https:\/\/www.ladislavjakl.cz\/index.php?rest_route=\/wp\/v2\/users\/1"}],"replies":[{"embeddable":true,"href":"https:\/\/www.ladislavjakl.cz\/index.php?rest_route=%2Fwp%2Fv2%2Fcomments&post=1510"}],"version-history":[{"count":1,"href":"https:\/\/www.ladislavjakl.cz\/index.php?rest_route=\/wp\/v2\/posts\/1510\/revisions"}],"predecessor-version":[{"id":1511,"href":"https:\/\/www.ladislavjakl.cz\/index.php?rest_route=\/wp\/v2\/posts\/1510\/revisions\/1511"}],"wp:attachment":[{"href":"https:\/\/www.ladislavjakl.cz\/index.php?rest_route=%2Fwp%2Fv2%2Fmedia&parent=1510"}],"wp:term":[{"taxonomy":"category","embeddable":true,"href":"https:\/\/www.ladislavjakl.cz\/index.php?rest_route=%2Fwp%2Fv2%2Fcategories&post=1510"},{"taxonomy":"post_tag","embeddable":true,"href":"https:\/\/www.ladislavjakl.cz\/index.php?rest_route=%2Fwp%2Fv2%2Ftags&post=1510"}],"curies":[{"name":"wp","href":"https:\/\/api.w.org\/{rel}","templated":true}]}}