{"id":1512,"date":"2012-02-17T13:50:04","date_gmt":"2012-02-17T12:50:04","guid":{"rendered":"http:\/\/www.ladislavjakl.cz\/?p=1512"},"modified":"2012-02-17T13:50:04","modified_gmt":"2012-02-17T12:50:04","slug":"ladislav-jakl-udeleni-prezidentske-milosti-je-osobni-rozhodnuti-ktere-by-nemelo-byt-vysvetlovano","status":"publish","type":"post","link":"https:\/\/www.ladislavjakl.cz\/?p=1512","title":{"rendered":"Ladislav Jakl: Ud\u011blen\u00ed prezidentsk\u00e9 milosti je osobn\u00ed rozhodnut\u00ed, kter\u00e9 by nem\u011blo b\u00fdt vysv\u011btlov\u00e1no"},"content":{"rendered":"<p>D\u016fvod ud\u011blen\u00ed prezidentsk\u00e9 milosti by nem\u011bl b\u00fdt  vysv\u011btlov\u00e1n. Jde o osobn\u00ed rozhodnut\u00ed, kter\u00e9 nem\u00e1 co d\u011blat se  spravedlnost\u00ed, \u0159ekl dnes ve 20 minut\u00e1ch Radio\u017eurn\u00e1lu \u0159editel politick\u00e9ho  odboru Kancel\u00e1\u0159e prezidenta republiky, Ladislav Jakl.<\/p>\n<p><!--more--><\/p>\n<p>\u201eMilost  nen\u00ed n\u011bjakou prot\u00e9zou spravedlnosti, to nen\u00ed polemika se soudy,  napravov\u00e1n\u00ed soud\u016f,  to dokonce v\u016fbec nen\u00ed sou\u010d\u00e1st spravedlnosti nebo  justice. A kdybych j\u00e1 byl prezidentem, tak j\u00e1 bych milosti nezd\u016fvod\u0148oval  v\u016fbec. Vysv\u011btlovat pohnut\u00ed individu\u00e1ln\u00edho, osobn\u00edho rozhodnut\u00ed je  v\u017edycky slo\u017eit\u00e9, nikdy ne \u00fapln\u00e9,\u201c uvedl Jakl.<\/p>\n<p><a href=\"http:\/\/www.rozhlas.cz\/zpravy\/spolecnost\/_zprava\/ladislav-jakl-udeleni-prezidentske-milosti-je-osobni-rozhodnuti-ktere-by-nemelo-byt-vysvetlovano--1019748\" target=\"_blank\">Zdroj<\/a><\/p>\n","protected":false},"excerpt":{"rendered":"<p>D\u016fvod ud\u011blen\u00ed prezidentsk\u00e9 milosti by nem\u011bl b\u00fdt vysv\u011btlov\u00e1n. Jde o osobn\u00ed rozhodnut\u00ed, kter\u00e9 nem\u00e1 co d\u011blat se spravedlnost\u00ed, \u0159ekl dnes ve 20 minut\u00e1ch Radio\u017eurn\u00e1lu \u0159editel politick\u00e9ho odboru Kancel\u00e1\u0159e prezidenta republiky, Ladislav Jakl.<\/p>\n","protected":false},"author":1,"featured_media":0,"comment_status":"open","ping_status":"open","sticky":false,"template":"","format":"standard","meta":{"ngg_post_thumbnail":0,"footnotes":""},"categories":[11],"tags":[],"class_list":["post-1512","post","type-post","status-publish","format-standard","hentry","category-ozvena"],"_links":{"self":[{"href":"https:\/\/www.ladislavjakl.cz\/index.php?rest_route=\/wp\/v2\/posts\/1512","targetHints":{"allow":["GET"]}}],"collection":[{"href":"https:\/\/www.ladislavjakl.cz\/index.php?rest_route=\/wp\/v2\/posts"}],"about":[{"href":"https:\/\/www.ladislavjakl.cz\/index.php?rest_route=\/wp\/v2\/types\/post"}],"author":[{"embeddable":true,"href":"https:\/\/www.ladislavjakl.cz\/index.php?rest_route=\/wp\/v2\/users\/1"}],"replies":[{"embeddable":true,"href":"https:\/\/www.ladislavjakl.cz\/index.php?rest_route=%2Fwp%2Fv2%2Fcomments&post=1512"}],"version-history":[{"count":2,"href":"https:\/\/www.ladislavjakl.cz\/index.php?rest_route=\/wp\/v2\/posts\/1512\/revisions"}],"predecessor-version":[{"id":1514,"href":"https:\/\/www.ladislavjakl.cz\/index.php?rest_route=\/wp\/v2\/posts\/1512\/revisions\/1514"}],"wp:attachment":[{"href":"https:\/\/www.ladislavjakl.cz\/index.php?rest_route=%2Fwp%2Fv2%2Fmedia&parent=1512"}],"wp:term":[{"taxonomy":"category","embeddable":true,"href":"https:\/\/www.ladislavjakl.cz\/index.php?rest_route=%2Fwp%2Fv2%2Fcategories&post=1512"},{"taxonomy":"post_tag","embeddable":true,"href":"https:\/\/www.ladislavjakl.cz\/index.php?rest_route=%2Fwp%2Fv2%2Ftags&post=1512"}],"curies":[{"name":"wp","href":"https:\/\/api.w.org\/{rel}","templated":true}]}}