{"id":1515,"date":"2012-02-17T13:51:50","date_gmt":"2012-02-17T12:51:50","guid":{"rendered":"http:\/\/www.ladislavjakl.cz\/?p=1515"},"modified":"2012-02-17T13:51:50","modified_gmt":"2012-02-17T12:51:50","slug":"ladislav-jakl-milost-neni-spravedlnost","status":"publish","type":"post","link":"https:\/\/www.ladislavjakl.cz\/?p=1515","title":{"rendered":"Ladislav Jakl: Milost nen\u00ed spravedlnost"},"content":{"rendered":"<div>\u0160\u00e9f hradn\u00edch analytik\u016f Ladislav Jakl \u0159ekl, \u017ee d\u016fvod pro ud\u011blen\u00ed prezidentsk\u00e9 milosti by nem\u011bl b\u00fdt vysv\u011btlov\u00e1n.<\/div>\n<div><!--more--><\/div>\n<div style=\"margin-top: 15px;\"><strong><span style=\"font-size: x-small;\">16.\u00fanor 2012<\/span><\/strong> &#8211; <strong><span style=\"font-size: x-small;\">19:55<\/span><\/strong><\/div>\n<div>Milost nem\u00e1 podle  jeho slov se spravedlnost\u00ed co d\u011blat. Jakl to prohl\u00e1sil ve vys\u00edl\u00e1n\u00ed  Radio\u017eurn\u00e1lu. Prezident V\u00e1clav Klaus ud\u011blil v \u00fater\u00fd milost odsouzen\u00e9  korup\u010dnici. &#8222;Milost nen\u00ed n\u011bjakou prot\u00e9zou spravedlnosti, to nen\u00ed  polemika se soudy, napravov\u00e1n\u00ed soud\u016f, to dokonce v\u016fbec nen\u00ed sou\u010d\u00e1st  spravedlnosti nebo justice. A kdybych j\u00e1 byl prezidentem, tak bych  milosti nezd\u016fvod\u0148oval v\u016fbec,&#8220; uvedl Jakl. Vysv\u011btlen\u00ed individu\u00e1ln\u00edho  rozhodnut\u00ed je podle n\u011bj v\u017edy slo\u017eit\u00e9 a nikdy nem\u016f\u017ee b\u00fdt \u00fapln\u00e9.<\/p>\n<p>Prezident  odpustil v \u00fater\u00fd tresty 14 lidem. S \u017e\u00e1dost\u00ed o milost u prezidenta  usp\u011bla mimo jin\u00e9 tak\u00e9 loni pravomocn\u011b odsouzen\u00e1 \u0159editelka Metropolitn\u00ed  univerzity Praha Anna Bene\u0161ov\u00e1. T\u00e9 Klaus prominul nejen podm\u00edn\u011bn\u00fd trest a  zbytek trestu z\u00e1kazu \u010dinnosti, ale dokonce tak u\u010dinil s \u00fa\u010dinky  zahlazen\u00ed odsouzen\u00ed. &#8222;P\u0159ihl\u00e9dl k pot\u0159eb\u011b p\u00e9\u010de o jej\u00edho t\u011b\u017ece nemocn\u00e9ho  man\u017eela a tomu, \u017ee v minulosti nebyla trest\u00e1na,&#8220; zd\u016fvodnil Hrad ud\u011blen\u00ed  milosti.<\/p>\n<p>Jak Mediafax informoval, Bene\u0161ovou soudy loni potrestaly  podm\u00edn\u011bn\u00fdm trestem za podpl\u00e1cen\u00ed, zpronev\u011bru a poru\u0161ov\u00e1n\u00ed povinnost\u00ed  p\u0159i spr\u00e1v\u011b ciz\u00edho majetku. Toho se dopustila jako \u0159editelka univerzity,  kdy se sna\u017eila podplatit lidi a \u00fa\u0159edn\u00edky, kte\u0159\u00ed mohli ovlivnit vyu\u017e\u00edv\u00e1n\u00ed  pronajat\u00fdch prostor soukrom\u00e9 univerzity. V rozporu s pr\u00e1vn\u00edmi p\u0159edpisy  nav\u00edc umo\u017enila bezplatn\u00e9 studium des\u00edtk\u00e1m lid\u00ed, zejm\u00e9na prominent\u016fm z  politick\u00e9ho, podnikatelsk\u00e9ho a \u00fa\u0159ednick\u00e9ho prost\u0159ed\u00ed. Univerzit\u011b tak  zp\u016fsobila \u0161kodu p\u0159es 7,5 milionu korun.<\/p>\n<p>Mechanismem ud\u011blov\u00e1n\u00ed  prezidentsk\u00fdch milost\u00ed se pro podez\u0159en\u00ed z korupce od lo\u0148sk\u00e9ho roku  zab\u00fdv\u00e1 protikorup\u010dn\u00ed policie. D\u016fvodem je podez\u0159en\u00ed, \u017ee ud\u011blen\u00ed n\u011bkter\u00fdch  milost\u00ed mohlo b\u00fdt ovlivn\u011bno \u00faplatkem.<\/p>\n<p>Upozornil na to zejm\u00e9na  p\u0159\u00edpad b\u00fdval\u00e9 karlovarsk\u00e9 policistky Radky Kadlecov\u00e9, odsouzen\u00e9 do  v\u011bzen\u00ed za p\u0159ij\u00edm\u00e1n\u00ed \u00faplatk\u016f od cizinc\u016f. Ta se v\u0161ak sv\u00e9mu l\u00e9ka\u0159i sv\u011b\u0159ila s  t\u00edm, \u017ee j\u00ed jej\u00ed vlivn\u00fd str\u00fdc za miliony korun milost za\u0159\u00eddil. Podle  mluv\u010d\u00edho protikorup\u010dn\u00ed policie Jaroslava Ibeheje byly v p\u0159\u00edpadu loni  zah\u00e1jeny \u00fakony trestn\u00edho \u0159\u00edzen\u00ed, ale v\u011bc je st\u00e1le ve f\u00e1zi prov\u011b\u0159ov\u00e1n\u00ed  bez konkr\u00e9tn\u00edho obvin\u011bn\u00ed.<\/p>\n<p><em>(aj,mfx,foto:arch.)<\/em><\/div>\n<div><\/div>\n<div><em><a href=\"http:\/\/www.prvnizpravy.cz\/zpravy\/z-domova\/ladislav-jakl-milost-neni-spravedlnost\/\" target=\"_blank\">Zdroj<\/a><br \/>\n<\/em><\/div>\n","protected":false},"excerpt":{"rendered":"<p>\u0160\u00e9f hradn\u00edch analytik\u016f Ladislav Jakl \u0159ekl, \u017ee d\u016fvod pro ud\u011blen\u00ed prezidentsk\u00e9 milosti by nem\u011bl b\u00fdt vysv\u011btlov\u00e1n.<\/p>\n","protected":false},"author":1,"featured_media":0,"comment_status":"open","ping_status":"open","sticky":false,"template":"","format":"standard","meta":{"ngg_post_thumbnail":0,"footnotes":""},"categories":[11],"tags":[],"class_list":["post-1515","post","type-post","status-publish","format-standard","hentry","category-ozvena"],"_links":{"self":[{"href":"https:\/\/www.ladislavjakl.cz\/index.php?rest_route=\/wp\/v2\/posts\/1515","targetHints":{"allow":["GET"]}}],"collection":[{"href":"https:\/\/www.ladislavjakl.cz\/index.php?rest_route=\/wp\/v2\/posts"}],"about":[{"href":"https:\/\/www.ladislavjakl.cz\/index.php?rest_route=\/wp\/v2\/types\/post"}],"author":[{"embeddable":true,"href":"https:\/\/www.ladislavjakl.cz\/index.php?rest_route=\/wp\/v2\/users\/1"}],"replies":[{"embeddable":true,"href":"https:\/\/www.ladislavjakl.cz\/index.php?rest_route=%2Fwp%2Fv2%2Fcomments&post=1515"}],"version-history":[{"count":1,"href":"https:\/\/www.ladislavjakl.cz\/index.php?rest_route=\/wp\/v2\/posts\/1515\/revisions"}],"predecessor-version":[{"id":1516,"href":"https:\/\/www.ladislavjakl.cz\/index.php?rest_route=\/wp\/v2\/posts\/1515\/revisions\/1516"}],"wp:attachment":[{"href":"https:\/\/www.ladislavjakl.cz\/index.php?rest_route=%2Fwp%2Fv2%2Fmedia&parent=1515"}],"wp:term":[{"taxonomy":"category","embeddable":true,"href":"https:\/\/www.ladislavjakl.cz\/index.php?rest_route=%2Fwp%2Fv2%2Fcategories&post=1515"},{"taxonomy":"post_tag","embeddable":true,"href":"https:\/\/www.ladislavjakl.cz\/index.php?rest_route=%2Fwp%2Fv2%2Ftags&post=1515"}],"curies":[{"name":"wp","href":"https:\/\/api.w.org\/{rel}","templated":true}]}}