{"id":15161,"date":"2026-03-17T16:43:27","date_gmt":"2026-03-17T15:43:27","guid":{"rendered":"https:\/\/www.ladislavjakl.cz\/?p=15161"},"modified":"2026-03-17T16:43:27","modified_gmt":"2026-03-17T15:43:27","slug":"podle-steku-poznate-je","status":"publish","type":"post","link":"https:\/\/www.ladislavjakl.cz\/?p=15161","title":{"rendered":"Podle \u0161t\u011bku pozn\u00e1te je"},"content":{"rendered":"<div class=\"opener\">V diskus\u00edch jednoho zpravodajsk\u00e9ho serveru se p\u0159emno\u017eili pejsci. Mopsl\u00edci, ratl\u00edci, pudl\u00edci, vo\u0159\u00ed\u0161ci. R\u00e1di po\u0161t\u011bk\u00e1vaj\u00ed na ty, co jdou kolem. Plot jim d\u00e1v\u00e1 pocit bezpe\u010d\u00ed, tak hrdinsky \u0161t\u011bkaj\u00ed tak usilovn\u011b, a\u017e z toho n\u011bkdy s\u00edpou.<br \/>\n<!--more--><\/p>\n<div id=\"art-text\" class=\"text\">\n<p>Jedn\u00edm z nich, sp\u00ed\u0161e tedy jednou z nich je Pu\u010d\u00e1lkovic Amina. M\u00e1 trochu del\u0161\u00ed krk, tak \u0161t\u011bk\u00e1 nejudatn\u011bji. Amina zde nen\u00ed ozna\u010den\u00ed amnestie v bacha\u0159sk\u00e9m \u017eargonu ale opravdu jej\u00ed jm\u00e9no. To je p\u0159esmy\u010dka animozity, kter\u00e1 se projevuje ka\u017ed\u00fdm jej\u00edm \u0161t\u011bkem. Zrovna te\u010f si zajan\u010dila s houfem dal\u0161\u00edch podvra\u0165\u00e1k\u016f na jednoho z kolemjdouc\u00edch. Ten v minulosti ocenil sv\u011btov\u00e9ho papal\u00e1\u0161e za odpor ke gr\u00fdnd\u00fdlu, masov\u00e9 migraci \u010di pokrok\u00e1\u0159sk\u00e9 agend\u011b.<\/p>\n<p>Taky mu kdysi p\u00e1rkr\u00e1t vy\u010dinil, nap\u0159\u00edklad za intervencionalistick\u00e9 a protekcionistick\u00e9 tendence nebo za bombardov\u00e1n\u00ed dama\u0161kov\u00e9ho leti\u0161t\u011b, proto\u017ee jeho dcera uv\u011b\u0159ila propagand\u011b muslimsk\u00fdch vzbou\u0159enc\u016f o \u201ekr\u00e1sn\u00fdch mimink\u00e1ch.\u201c Toho si ale ratl\u00edci nev\u0161imli. Ostatn\u011b, ono je pro n\u011b ne\u0159e\u0161itelnou v\u011bc\u00ed do\u010d\u00edst odstavec. Pro\u010d taky, je jim jasno u\u017e po p\u0159e\u010dten\u00ed titulku a jm\u00e9na autora.<\/p>\n<p>Proto\u017ee jejich sv\u011bt je jednoduch\u00fd. Oni sami maj\u00ed sv\u00e9 obl\u00edbence, kter\u00e9 by nese\u0161t\u011bkali ani za przn\u011bn\u00ed vlastn\u00edch vnou\u010dat. Na jin\u00e9 povykuj\u00ed u\u017e jen tak z principu. I t\u0159eba za v\u011bci, za n\u011b\u017e by p\u0159\u00edslu\u0161n\u00edky ke sv\u00e9mu kmeni naopak chv\u00e1lili. A proto\u017ee oni to tak maj\u00ed, p\u0159edpokl\u00e1daj\u00ed podobn\u00e9 postojov\u00e9 stereotypy i u jin\u00fdch. Jednou jsi tohohle p\u00e1na ocenil, tak jsi povinen oce\u0148ovat ho v\u017edy a za cokoli. Proto\u017ee my to p\u0159ece u t\u011bch sv\u00fdch d\u011bl\u00e1me tak\u00e9 tak.<\/p>\n<p>Onen kolemjdouc\u00ed se nechal sly\u0161et, \u017ee kdy\u017e chcete n\u011bkoho o\u0161kliv\u00e9ho donutit k n\u011bjak\u00fdm z\u00e1sadn\u00edm \u00fastupk\u016fm, nesta\u010d\u00ed v\u00e1m jen s\u00edla, ale je t\u0159eba si ponechat kan\u00e1ly, prost\u0159ednictv\u00edm kter\u00fdch bude mo\u017en\u00e9 o on\u011bch \u00fastupc\u00edch jednat. A Amina hned spustila \u0161t\u011bkot sv\u00e9 sme\u010dky, \u017ee to by takhle ne\u0161lo. Nejde n\u011bkoho za jednu v\u011bc ocenit a pak za jinou tak n\u011bjak zrovna neocenit. Je t\u0159eba ct\u00edt v\u011brnost ku sv\u00e9mu klubu, jeho hr\u00e1\u010d\u016fm odpustit cokoli, zat\u00edmco u soupe\u0159\u016f je nutno vid\u011bt faul, i kdy\u017e jsou zrovna p\u016fl h\u0159i\u0161t\u011b od \u00fadajn\u011b faulovan\u00e9ho.<\/p>\n<p>Jedn\u00e1n\u00ed, kdy stejn\u00e9 v\u011bci jsou hodnoceny stejn\u011b, a\u0165 u\u017e je kon\u00e1 kdokoli, padni komu padni, by tihle pejsci u sv\u00fdch obl\u00edbenc\u016f vyzdvihovali jako principi\u00e1ln\u00ed hodnotov\u00fd p\u0159\u00edstup, zat\u00edmco u neobl\u00edben\u00e9ho kolemjdouc\u00edho je to pr\u00fd pokrytectv\u00ed. \u0160t\u011bkny nezaj\u00edm\u00e1 \u010din s\u00e1m a hodnocen\u00ed \u010dinu, zaj\u00edm\u00e1 je jen tup\u00e1 v\u011brnost klubu, kter\u00e1 je pro n\u011b d\u016fle\u017eit\u011bj\u0161\u00ed ne\u017e \u010din.<\/p>\n<p>A proto\u017ee jsou za plotem, lze o\u010dek\u00e1vat jejich povyk i nyn\u00ed. Tak do toho, pros\u00edm.<\/p>\n<\/div>\n<p>Zdroj:&nbsp;<a href=\"https:\/\/blog.idnes.cz\/jakl\/podle-steku-poznate-je.Bg26030549\">https:\/\/blog.idnes.cz\/jakl\/podle-steku-poznate-je.Bg26030549<\/a><\/p>\n<\/div>\n","protected":false},"excerpt":{"rendered":"<p>V diskus\u00edch jednoho zpravodajsk\u00e9ho serveru se p\u0159emno\u017eili pejsci. Mopsl\u00edci, ratl\u00edci, pudl\u00edci, vo\u0159\u00ed\u0161ci. R\u00e1di po\u0161t\u011bk\u00e1vaj\u00ed na ty, co jdou kolem. Plot jim d\u00e1v\u00e1 pocit bezpe\u010d\u00ed, tak hrdinsky \u0161t\u011bkaj\u00ed tak usilovn\u011b, a\u017e z toho n\u011bkdy s\u00edpou.<\/p>\n","protected":false},"author":9,"featured_media":0,"comment_status":"open","ping_status":"open","sticky":false,"template":"","format":"standard","meta":{"ngg_post_thumbnail":0,"footnotes":""},"categories":[10],"tags":[],"class_list":["post-15161","post","type-post","status-publish","format-standard","hentry","category-zlehka"],"_links":{"self":[{"href":"https:\/\/www.ladislavjakl.cz\/index.php?rest_route=\/wp\/v2\/posts\/15161","targetHints":{"allow":["GET"]}}],"collection":[{"href":"https:\/\/www.ladislavjakl.cz\/index.php?rest_route=\/wp\/v2\/posts"}],"about":[{"href":"https:\/\/www.ladislavjakl.cz\/index.php?rest_route=\/wp\/v2\/types\/post"}],"author":[{"embeddable":true,"href":"https:\/\/www.ladislavjakl.cz\/index.php?rest_route=\/wp\/v2\/users\/9"}],"replies":[{"embeddable":true,"href":"https:\/\/www.ladislavjakl.cz\/index.php?rest_route=%2Fwp%2Fv2%2Fcomments&post=15161"}],"version-history":[{"count":1,"href":"https:\/\/www.ladislavjakl.cz\/index.php?rest_route=\/wp\/v2\/posts\/15161\/revisions"}],"predecessor-version":[{"id":15162,"href":"https:\/\/www.ladislavjakl.cz\/index.php?rest_route=\/wp\/v2\/posts\/15161\/revisions\/15162"}],"wp:attachment":[{"href":"https:\/\/www.ladislavjakl.cz\/index.php?rest_route=%2Fwp%2Fv2%2Fmedia&parent=15161"}],"wp:term":[{"taxonomy":"category","embeddable":true,"href":"https:\/\/www.ladislavjakl.cz\/index.php?rest_route=%2Fwp%2Fv2%2Fcategories&post=15161"},{"taxonomy":"post_tag","embeddable":true,"href":"https:\/\/www.ladislavjakl.cz\/index.php?rest_route=%2Fwp%2Fv2%2Ftags&post=15161"}],"curies":[{"name":"wp","href":"https:\/\/api.w.org\/{rel}","templated":true}]}}