{"id":1520,"date":"2012-02-21T10:10:43","date_gmt":"2012-02-21T09:10:43","guid":{"rendered":"http:\/\/www.ladislavjakl.cz\/?p=1520"},"modified":"2012-02-21T10:10:43","modified_gmt":"2012-02-21T09:10:43","slug":"cheb-chysta-databazi-slavnych-rodaku-a-osobnosti","status":"publish","type":"post","link":"https:\/\/www.ladislavjakl.cz\/?p=1520","title":{"rendered":"Cheb chyst\u00e1 datab\u00e1zi slavn\u00fdch rod\u00e1k\u016f a osobnost\u00ed"},"content":{"rendered":"<p>O spolupr\u00e1ci \u017e\u00e1d\u00e1me i ob\u010dany. Sd\u011blujte tipy &#8211; a\u0165 m\u00e1me jm\u00e9na rad\u011bji i z v\u00edce zdroj\u016f, ne\u017e by nezazn\u011bla v\u016fbec.<\/p>\n<p><!--more--><\/p>\n<p>Barokn\u00ed architekt Balthasar Neumann, vojev\u016fdce Albrecht z Vald\u0161tejna,  ale i fotbalista Pavel Nedv\u011bd (na sn\u00edmku), here\u010dka Daniela Kol\u00e1\u0159ov\u00e1,  tajemn\u00edk prezidenta Ladislav Jakl, zp\u011bva\u010dka Ilona Cs\u00e1kov\u00e1, herec,  moder\u00e1tor Pavel And\u011bl, sportovn\u00ed novin\u00e1\u0159 Jarom\u00edr Bos\u00e1k a cel\u00e1 \u0159ada  dal\u0161\u00edch. V\u00edte, co je spojuje? Jsou to slavn\u00ed cheb\u0161t\u00ed rod\u00e1ci nebo  v\u00fdznamn\u00e9 osobnosti, jejich\u017e \u017eivot \u010di p\u016fsoben\u00ed v t\u00e9 kter\u00e9 oblasti se s  na\u0161\u00edm m\u011bstem v\u00fdznamn\u011b poj\u00ed.<\/p>\n<p>Ve spolupr\u00e1ci s muzeem, archivem, divadlem, knihovnou a dal\u0161\u00edmi  institucemi, ale i skupinami r\u016fzn\u00fdch nad\u0161enc\u016f, sportovc\u016f, student\u016f aj.  p\u0159ipravujeme datab\u00e1zi slavn\u00fdch rod\u00e1k\u016f a osobnost\u00ed m\u011bsta Chebu, kter\u00e1 se  bude aktualizovat o p\u0159\u00edpadn\u00e9 nov\u00e9 po\u010diny za\u010dlen\u011bn\u00fdch osob a ov\u0161em i  dopl\u0148ovat o dal\u0161\u00ed slavn\u00e9. Uv\u00edt\u00e1me tak\u00e9 tipy z \u0159ad \u0161irok\u00e9 ve\u0159ejnosti &#8211;  jm\u00e9na z historie i sou\u010dasnosti, lidi, jejich\u017e jm\u00e9na jsou zn\u00e1m\u00e1, kte\u0159\u00ed  jsou ve sv\u00e9m oboru nep\u0159ehl\u00e9dnuteln\u00ed atd.<\/p>\n<p>Datab\u00e1ze slavn\u00fdch rod\u00e1k\u016f a osobnost\u00ed Chebu se objev\u00ed na webu m\u011bsta a  bude se z n\u00ed vych\u00e1zet i v r\u00e1mci zv\u00fd\u0161en\u00ed PR m\u011bsta. S osobnostmi budeme  v\u00edce spolupracovat, zv\u00e1t je do Chebu u p\u0159\u00edle\u017eitosti r\u016fzn\u00fdch jubile\u00ed,  po\u0159\u00e1d\u00e1n\u00ed v\u00fdznamn\u011bj\u0161\u00edch akc\u00ed apod.<\/p>\n<p>Tipy lze sd\u011blovat p\u00edsemn\u011b na e-mail. adresu ivanic@cheb.cz \u010di telefonicky na \u010d. 354 440 501.<\/p>\n<p>PhDr. Martina Ku\u017eelov\u00e1, mluv\u010d\u00ed M\u011bstsk\u00e9ho \u00fa\u0159adu Cheb<\/p>\n<p><a href=\"http:\/\/www.parlamentnilisty.cz\/zpravy\/Cheb-chysta-databazi-slavnych-rodaku-a-osobnosti-223375\" target=\"_blank\">Zdroj<\/a><\/p>\n","protected":false},"excerpt":{"rendered":"<p>O spolupr\u00e1ci \u017e\u00e1d\u00e1me i ob\u010dany. Sd\u011blujte tipy &#8211; a\u0165 m\u00e1me jm\u00e9na rad\u011bji i z v\u00edce zdroj\u016f, ne\u017e by nezazn\u011bla v\u016fbec.<\/p>\n","protected":false},"author":1,"featured_media":0,"comment_status":"open","ping_status":"open","sticky":false,"template":"","format":"standard","meta":{"ngg_post_thumbnail":0,"footnotes":""},"categories":[11],"tags":[],"class_list":["post-1520","post","type-post","status-publish","format-standard","hentry","category-ozvena"],"_links":{"self":[{"href":"https:\/\/www.ladislavjakl.cz\/index.php?rest_route=\/wp\/v2\/posts\/1520","targetHints":{"allow":["GET"]}}],"collection":[{"href":"https:\/\/www.ladislavjakl.cz\/index.php?rest_route=\/wp\/v2\/posts"}],"about":[{"href":"https:\/\/www.ladislavjakl.cz\/index.php?rest_route=\/wp\/v2\/types\/post"}],"author":[{"embeddable":true,"href":"https:\/\/www.ladislavjakl.cz\/index.php?rest_route=\/wp\/v2\/users\/1"}],"replies":[{"embeddable":true,"href":"https:\/\/www.ladislavjakl.cz\/index.php?rest_route=%2Fwp%2Fv2%2Fcomments&post=1520"}],"version-history":[{"count":2,"href":"https:\/\/www.ladislavjakl.cz\/index.php?rest_route=\/wp\/v2\/posts\/1520\/revisions"}],"predecessor-version":[{"id":1522,"href":"https:\/\/www.ladislavjakl.cz\/index.php?rest_route=\/wp\/v2\/posts\/1520\/revisions\/1522"}],"wp:attachment":[{"href":"https:\/\/www.ladislavjakl.cz\/index.php?rest_route=%2Fwp%2Fv2%2Fmedia&parent=1520"}],"wp:term":[{"taxonomy":"category","embeddable":true,"href":"https:\/\/www.ladislavjakl.cz\/index.php?rest_route=%2Fwp%2Fv2%2Fcategories&post=1520"},{"taxonomy":"post_tag","embeddable":true,"href":"https:\/\/www.ladislavjakl.cz\/index.php?rest_route=%2Fwp%2Fv2%2Ftags&post=1520"}],"curies":[{"name":"wp","href":"https:\/\/api.w.org\/{rel}","templated":true}]}}