{"id":15271,"date":"2026-04-30T22:59:09","date_gmt":"2026-04-30T20:59:09","guid":{"rendered":"https:\/\/www.ladislavjakl.cz\/?p=15271"},"modified":"2026-04-30T22:59:09","modified_gmt":"2026-04-30T20:59:09","slug":"l-jakl-pro-ct-prezidentovi-ani-predsedovi-senatu-nikdo-nic-nezakazuje","status":"publish","type":"post","link":"https:\/\/www.ladislavjakl.cz\/?p=15271","title":{"rendered":"L. Jakl pro \u010cT: Prezidentovi ani p\u0159edsedovi Sen\u00e1tu nikdo nic nezakazuje"},"content":{"rendered":"<p>(Ot\u00e1zky produk\u010dn\u00edho t\u00fdmu po\u0159adu M\u00e1te slovo \u010cesk\u00e9 televize. Jde o ot\u00e1zky polo\u017een\u00e9 v r\u00e1mci p\u0159\u00edpravy po\u0159adu, \u010cT deklarovala, \u017ee neslou\u017e\u00ed ke zve\u0159ejn\u011bn\u00ed. Za odpov\u011b\u010fmi si ale stoj\u00edm, tak je zve\u0159ej\u0148uji s\u00e1m touto cestou.)<\/p>\n<p><!--more--><\/p>\n<p>1. M\u00e1 m\u00edt prezident, b\u00fdval\u00fd nejvy\u0161\u0161\u00ed vojensk\u00fd velitel NATO a vrchn\u00ed velitel na\u0161\u00ed arm\u00e1dy zak\u00e1zan\u00fd alian\u010dn\u00ed summit v Anka\u0159e, kde se bude \u0159e\u0161it nov\u00e1 podoba NATO, evropsk\u00e1, a tedy na\u0161e bezpe\u010dnost?<\/p>\n<p>Prezident republiky zcela jist\u011b nem\u00e1 &#8222;zak\u00e1zan\u00fd&#8220; n\u011bjak\u00fd summit. U\u017eit\u00ed tohoto p\u0159est\u0159elen\u00e9ho term\u00ednu m\u00e1 vyvolat tenden\u010dn\u00ed pocit, \u017ee se prezidentovi ubli\u017euje. Prezident &#8222;jen&#8220; nedostal od vl\u00e1dy mand\u00e1t k tomu, aby mohl mluvit za \u010ceskou republiku. Pov\u011b\u0159it \u010di nepov\u011b\u0159it n\u011bkoho takov\u00fdm mand\u00e1tem je zcela v kompetenc\u00edch vl\u00e1dy.<\/p>\n<p>2. Podle \u00dastavy prezident reprezentuje \u010cR \u2013 nen\u00ed probl\u00e9m s jeho \u00fa\u010dast\u00ed um\u011ble vytvo\u0159en\u00fd \u010di dokonce proti\u00fastavn\u00ed?<\/p>\n<p>Zde nejde o reprezentaci ani o n\u011bjak\u00e9 ceremonie. Jde o postoj vl\u00e1dy. Prezident tento postoj nesd\u00edl\u00ed, t\u011b\u017eko ho m\u016f\u017ee prosazovat. Bylo by to nev\u011brohodn\u00e9 i lidsky.<\/p>\n<p>3. Chov\u00e1 se vl\u00e1da k prezidentu republiky d\u016fstojn\u011b?<\/p>\n<p>Za\u017e\u00edv\u00e1me typickou kohabitaci. A nen\u00ed to v nov\u011bj\u0161\u00edch d\u011bjin\u00e1ch poprv\u00e9. D\u016fstojn\u011b se maj\u00ed chovat v\u0161ichni \u00fastavn\u00ed \u010dinitel\u00e9, ale tady p\u0159ede nejde o protokol\u00e1rn\u00ed bonton ale o jasn\u011b stanovenou vyjedn\u00e1vac\u00ed pozici.<\/p>\n<p>4. Nebo hlavu st\u00e1tu vl\u00e1da provokuje a poni\u017euje? Z jak\u00e9ho d\u016fvodu?<\/p>\n<p>Nemysl\u00edm, \u017ee provokuje \u010di poni\u017euje. Zast\u00e1v\u00e1 odli\u0161n\u00e9 pozice od vl\u00e1dy a ty sv\u00e9 se sna\u017e\u00ed prosadit. Ov\u0161em na ofici\u00e1ln\u00ed mezin\u00e1rodn\u00ed p\u016fd\u011b u\u017e nejde o pokra\u010dov\u00e1n\u00ed dom\u00e1c\u00ed polemiky o zahrani\u010dn\u00ed politice ale o h\u00e1jen\u00ed jasn\u011b vymezen\u00e9 pozice na\u0161eho st\u00e1tu.<\/p>\n<p>5. Je prezident Pavel l\u00eddrem opozice, nebo nen\u00ed?<\/p>\n<p>Opozice ho tak bere. A jej\u00ed podporovatel\u00e9 tak\u00e9.<\/p>\n<p>6. M\u011bn\u00ed vl\u00e1da kurz zahrani\u010dn\u00ed politiky, \u010di ne?<\/p>\n<p>Ka\u017ed\u00e1 vl\u00e1da koriguje kurs a m\u00e1 jin\u00e9 priority a akcenty, pro kter\u00e9 si z\u00edskala d\u016fv\u011bru voli\u010d\u016f. Z\u00e1sadn\u00ed v\u011bci ale maj\u00ed m\u00edt a jist\u011b i maj\u00ed svou vysokou setrva\u010dnost.<\/p>\n<p>7. Jak\u00fd vzkaz by m\u011bla \u010desk\u00e1 delegace na summitu NATO v Anka\u0159e zanechat, aby to nejv\u00edce prosp\u011blo \u010cesk\u00e9 republice?<\/p>\n<p>M\u00e1me jasno o tom, co od spojenc\u016f chceme a co naopak um\u00edme nab\u00eddnout.<\/p>\n<p>8. Co nejhor\u0161\u00edho by mohlo \u010cesko na summitu v Anka\u0159e demonstrovat, aby to po\u0161kodilo na\u0161i bezpe\u010dnost?<\/p>\n<p>Nic nepo\u0161kod\u00ed bezpe\u010dnost. Nepla\u0161me. P\u0159ece se sv\u011bt nezbo\u0159\u00ed kv\u016fli tomu, \u017ee se n\u011bkde poh\u00e1d\u00e1 p\u00e1r papal\u00e1\u0161\u016f. Jen m\u00e1me sv\u00e9 z\u00e1jmy, a ty daleko efektivn\u011bji budeme h\u00e1jit, pokud si budeme jisti sv\u00fdmi pozicemi a budeme je srozumiteln\u011b komunikovat.<\/p>\n<p>9. Na jedn\u00e9 stran\u011b m\u00e1 ministerstvo zem\u011bd\u011blstv\u00ed obnovit vypl\u00e1cen\u00ed dota\u010dn\u00edch miliard Agrofertu, zastavuje vym\u00e1h\u00e1n\u00ed 7 miliard, kter\u00e9 m\u011bly b\u00fdt vyplaceny holdingu Agrofert v rozporu se z\u00e1konem o st\u0159etu z\u00e1jm\u016f, na druh\u00e9 stran\u011b vl\u00e1da \u0161krtla miliardy na na\u0161i obranu a bezpe\u010dnost. Je bezpe\u010dnost a obrana st\u00e1tu, 10,5 milionu ob\u010dan\u016f m\u00e9n\u011b d\u016fle\u017eit\u00e1 ne\u017e hospoda\u0159en\u00ed soukrom\u00e9 spole\u010dnosti?<\/p>\n<p>A jsou d\u016fle\u017eit\u011bj\u0161\u00ed d\u016fchody, nebo d\u00e1lnice? Tahle dilemata jsou demagogick\u00e1. J\u00e1 jsem proti v\u0161em dotac\u00edm, ale taky jde o respektov\u00e1n\u00ed n\u011bjak\u00fdch pravidel, kter\u00e1 si tahle vl\u00e1da nevymyslela.<\/p>\n<p>10. M\u00e1 vl\u00e1da zakazovat vl\u00e1dn\u00ed letadlo p\u0159edsedovi Sen\u00e1tu?<\/p>\n<p>To je klasick\u00e1 n\u00e1vodn\u00e1 ot\u00e1zka. Vl\u00e1da mu nic nezakazuje. M\u016f\u017ee mu letadlo poskytnout, pokud ho m\u00e1 k dispozici a pokud jde o cestu s jasn\u011b vymezenou agendou. Anebo ho poskytnout nemus\u00ed. Ale mo\u017en\u00e1 se tam chce pan Vystr\u010dil zeptat, jestli \u010c\u00ednsk\u00e1 republika (kter\u00e9 my \u0159\u00edk\u00e1me Tchajvan) kone\u010dn\u011b po 105 letech uzn\u00e1 samostatnost Mongolska a jak je to s jej\u00edmi n\u00e1roky na \u00fazem\u00ed \u0161ir\u0161\u00edho Tibetu nebo severn\u00ed Barmy.<\/p>\n<p>11. Kter\u00e1 ot\u00e1zka V\u00e1m zde chyb\u00ed a r\u00e1d byste o n\u00ed diskutoval?<\/p>\n<p>Budeme upalovat \u010darod\u011bjnice?<\/p>\n","protected":false},"excerpt":{"rendered":"<p>(Ot\u00e1zky produk\u010dn\u00edho t\u00fdmu po\u0159adu M\u00e1te slovo \u010cesk\u00e9 televize. Jde o ot\u00e1zky polo\u017een\u00e9 v r\u00e1mci p\u0159\u00edpravy po\u0159adu, \u010cT deklarovala, \u017ee neslou\u017e\u00ed ke zve\u0159ejn\u011bn\u00ed. Za odpov\u011b\u010fmi si ale stoj\u00edm, tak je zve\u0159ej\u0148uji s\u00e1m touto cestou.)<\/p>\n","protected":false},"author":9,"featured_media":0,"comment_status":"open","ping_status":"open","sticky":false,"template":"","format":"standard","meta":{"ngg_post_thumbnail":0,"footnotes":""},"categories":[13],"tags":[],"class_list":["post-15271","post","type-post","status-publish","format-standard","hentry","category-rozhovory"],"_links":{"self":[{"href":"https:\/\/www.ladislavjakl.cz\/index.php?rest_route=\/wp\/v2\/posts\/15271","targetHints":{"allow":["GET"]}}],"collection":[{"href":"https:\/\/www.ladislavjakl.cz\/index.php?rest_route=\/wp\/v2\/posts"}],"about":[{"href":"https:\/\/www.ladislavjakl.cz\/index.php?rest_route=\/wp\/v2\/types\/post"}],"author":[{"embeddable":true,"href":"https:\/\/www.ladislavjakl.cz\/index.php?rest_route=\/wp\/v2\/users\/9"}],"replies":[{"embeddable":true,"href":"https:\/\/www.ladislavjakl.cz\/index.php?rest_route=%2Fwp%2Fv2%2Fcomments&post=15271"}],"version-history":[{"count":1,"href":"https:\/\/www.ladislavjakl.cz\/index.php?rest_route=\/wp\/v2\/posts\/15271\/revisions"}],"predecessor-version":[{"id":15272,"href":"https:\/\/www.ladislavjakl.cz\/index.php?rest_route=\/wp\/v2\/posts\/15271\/revisions\/15272"}],"wp:attachment":[{"href":"https:\/\/www.ladislavjakl.cz\/index.php?rest_route=%2Fwp%2Fv2%2Fmedia&parent=15271"}],"wp:term":[{"taxonomy":"category","embeddable":true,"href":"https:\/\/www.ladislavjakl.cz\/index.php?rest_route=%2Fwp%2Fv2%2Fcategories&post=15271"},{"taxonomy":"post_tag","embeddable":true,"href":"https:\/\/www.ladislavjakl.cz\/index.php?rest_route=%2Fwp%2Fv2%2Ftags&post=15271"}],"curies":[{"name":"wp","href":"https:\/\/api.w.org\/{rel}","templated":true}]}}