{"id":1537,"date":"2012-02-27T10:05:58","date_gmt":"2012-02-27T09:05:58","guid":{"rendered":"http:\/\/www.ladislavjakl.cz\/?p=1537"},"modified":"2012-02-27T10:05:58","modified_gmt":"2012-02-27T09:05:58","slug":"jakl-kdyz-o-zaoralkovi-nepisou-strefi-se-do-klause-a-teteli-se-chvilkou-slavy","status":"publish","type":"post","link":"https:\/\/www.ladislavjakl.cz\/?p=1537","title":{"rendered":"Jakl: Kdy\u017e o Zaor\u00e1lkovi nep\u00ed\u0161ou, stref\u00ed se do Klause a tetel\u00ed se chvilkou sl\u00e1vy"},"content":{"rendered":"<p>M\u00edstop\u0159edseda sn\u011bmovny Lubom\u00edr Zaor\u00e1lek za celou svou kari\u00e9ru nevyplodil  jedinou my\u0161lenku, proto na n\u011bj m\u00e9dia pravideln\u011b zapom\u00ednaj\u00ed. A proto\u017ee  m\u00e1 Zaor\u00e1lek popularitu r\u00e1d, jednou za \u010das uraz\u00ed V\u00e1clava Klause a tetel\u00ed  se na tom chvilkov\u00e9m medi\u00e1ln\u00edm v\u00fdslun\u00ed. Ne\u017e zase jako nezaj\u00edmav\u00e1  osobnost zapadne. Tak se sm\u011brem k soci\u00e1ln\u011bdemokratick\u00e9mu poslanci  vyj\u00e1d\u0159il hradn\u00ed tajemn\u00edk Ladislav Jakl.<\/p>\n<p><!--more--><\/p>\n<p>Oba mu\u017ei se potkali (a\u010d Jakl jen telefonicky) ve studiu \u010cT24 ve  ve\u010dern\u00edch Ud\u00e1lostech, koment\u00e1\u0159\u00edch s Jakubem \u017delezn\u00fdm. Jakl svou  charakteristikou reagoval na Zaor\u00e1lkovy v\u00fdpady proti prezidentu  republiky, kter\u00e9ho kritizoval za \u00fadajn\u011b pochybn\u00e9 milosti.<\/p>\n<p>&#8222;Situace je neudr\u017eiteln\u00e1,&#8220; b\u011bsnil Zaor\u00e1lek. &#8222;P\u0159ib\u00fdv\u00e1 p\u0159\u00edpad\u016f typu  Kadlecov\u00e1, Anna Bene\u0161ov\u00e1, Tom\u00e1\u0161 Malina. Chov\u00e1n\u00ed V\u00e1clava Klause je  skand\u00e1ln\u00ed, je neodpov\u011bdn\u00fd, nekontrolovateln\u00fd. Sv\u00fdmi kroky propaguje  korupci. Dokonce je podez\u0159en\u00ed, \u017ee jednotliv\u00e9 kauzy byly po\u0159\u00edzeny i za  \u00faplatu, to m\u00e1 na ve\u0159ejnost devastuj\u00edc\u00ed \u00fa\u010dinek.&#8220;<\/p>\n<h4>Zaor\u00e1lek si d\u011bl\u00e1 na prezidentovi image<\/h4>\n<p>Na Zaor\u00e1lkovy v\u00fdpady zareagoval Jakl. &#8222;Pan Zaor\u00e1lek nevyplodil za celou  svou kari\u00e9ru ani jednu my\u0161lenku,&#8220; \u0159ekl. &#8222;Poka\u017ed\u00e9, kdy\u017e se na n\u011bj zase  zapom\u00edn\u00e1, napadne V\u00e1clava Klause, to ho dostane na p\u00e1r dn\u00ed do novin a on  je spokojen, ne\u017e se na n\u011bj zase zapomene.&#8220; Kritizuje-li Zaor\u00e1lek  samotnou instituci milost\u00ed, pr\u00fd a\u0165 ji nech\u00e1 vy\u0161krtnout z pr\u00e1vn\u00edho \u0159\u00e1du,  kritizovat jej\u00ed realizaci v praxi ale na m\u00edst\u011b nen\u00ed.<\/p>\n<p>&#8222;Je to zvl\u00e1\u0161tn\u00ed prvek mimo justici. N\u011bco mimo \u0159\u00e1d, co je pot\u0159eba,&#8220;  podokl Jakl. &#8222;Milost je lidsk\u00fd individu\u00e1ln\u00ed akt slitov\u00e1n\u00ed,  milosrdenstv\u00ed. To nen\u00ed posuzov\u00e1n\u00ed, od toho je tu soud. Milost v\u017edy  dostane n\u011bkdo, kdo je lump.&#8220;<\/p>\n<h4>Milost si v podstat\u011b nikdo nezaslou\u017e\u00ed<\/h4>\n<p>Posuzovat logicky, pro\u010d n\u011bkdo dostal milost a n\u011bkdo ne, je podle Jakla  ryze subjektivn\u00ed. &#8222;Kdy\u017e m\u00e1te n\u011bjak\u00fd p\u0159\u00edb\u011bh, \u010dtete, jak to ten \u010dlov\u011bk  popisuje, jak o tom uva\u017euj\u00ed lid\u00e9 z okol\u00ed, p\u016fsob\u00ed to na v\u00e1s n\u011bjak\u00fdm  dojmem,&#8220; vysv\u011btlil. &#8222;Jak to pak chcete vysv\u011btlovat? Prost\u011b jsem m\u011bl  takov\u00fd pocit? Milost si nikdo nezaslou\u017e\u00ed, v\u017edy\u0165 z hlediska lidsk\u00e9  spravedlnosti jsou to v\u017edy lid\u00e9 z n\u011b\u010deho obvin\u011bn\u00ed a usv\u011bd\u010den\u00ed. Nejen z  korupce, ale i z vra\u017edy, ze sexu\u00e1ln\u00edch zlo\u010din\u016f nebo z n\u011b\u010deho jin\u00e9ho. Ta  milost se ale nevztahuje k jejich \u010dinu &#8211; za ten byli odsouzeni &#8211; to je  individu\u00e1ln\u00ed slitov\u00e1n\u00ed.&#8220;<\/p>\n<p>\u010cSSD chce podle Zaor\u00e1lka navrhnout sn\u011bmovn\u011b z\u00e1kon, podle kter\u00e9ho by  prezidentovy milosti musel podepisovat je\u0161t\u011b n\u011bkdo dal\u0161\u00ed &#8211; pro kontrolu.  Bl\u00ed\u017ee necht\u011bl nic \u0159\u00edct, ale \u00fadajn\u011b m\u00e1 pro tento n\u00e1vrh podporu i od  n\u011bkter\u00fdch poslanc\u016f vl\u00e1dn\u00ed koalice.<\/p>\n<p><a href=\"http:\/\/www.parlamentnilisty.cz\/zpravy\/Jakl-Kdyz-o-Zaoralkovi-nepisou-strefi-se-do-Klause-a-teteli-se-chvilkou-slavy-224013\" target=\"_blank\">Zdroj<\/a><\/p>\n","protected":false},"excerpt":{"rendered":"<p>M\u00edstop\u0159edseda sn\u011bmovny Lubom\u00edr Zaor\u00e1lek za celou svou kari\u00e9ru nevyplodil jedinou my\u0161lenku, proto na n\u011bj m\u00e9dia pravideln\u011b zapom\u00ednaj\u00ed. A proto\u017ee m\u00e1 Zaor\u00e1lek popularitu r\u00e1d, jednou za \u010das uraz\u00ed V\u00e1clava Klause a tetel\u00ed se na tom chvilkov\u00e9m medi\u00e1ln\u00edm v\u00fdslun\u00ed. Ne\u017e zase jako nezaj\u00edmav\u00e1 osobnost zapadne. Tak se sm\u011brem k soci\u00e1ln\u011bdemokratick\u00e9mu poslanci vyj\u00e1d\u0159il hradn\u00ed tajemn\u00edk Ladislav Jakl.<\/p>\n","protected":false},"author":1,"featured_media":0,"comment_status":"open","ping_status":"open","sticky":false,"template":"","format":"standard","meta":{"ngg_post_thumbnail":0,"footnotes":""},"categories":[11],"tags":[],"class_list":["post-1537","post","type-post","status-publish","format-standard","hentry","category-ozvena"],"_links":{"self":[{"href":"https:\/\/www.ladislavjakl.cz\/index.php?rest_route=\/wp\/v2\/posts\/1537","targetHints":{"allow":["GET"]}}],"collection":[{"href":"https:\/\/www.ladislavjakl.cz\/index.php?rest_route=\/wp\/v2\/posts"}],"about":[{"href":"https:\/\/www.ladislavjakl.cz\/index.php?rest_route=\/wp\/v2\/types\/post"}],"author":[{"embeddable":true,"href":"https:\/\/www.ladislavjakl.cz\/index.php?rest_route=\/wp\/v2\/users\/1"}],"replies":[{"embeddable":true,"href":"https:\/\/www.ladislavjakl.cz\/index.php?rest_route=%2Fwp%2Fv2%2Fcomments&post=1537"}],"version-history":[{"count":1,"href":"https:\/\/www.ladislavjakl.cz\/index.php?rest_route=\/wp\/v2\/posts\/1537\/revisions"}],"predecessor-version":[{"id":1538,"href":"https:\/\/www.ladislavjakl.cz\/index.php?rest_route=\/wp\/v2\/posts\/1537\/revisions\/1538"}],"wp:attachment":[{"href":"https:\/\/www.ladislavjakl.cz\/index.php?rest_route=%2Fwp%2Fv2%2Fmedia&parent=1537"}],"wp:term":[{"taxonomy":"category","embeddable":true,"href":"https:\/\/www.ladislavjakl.cz\/index.php?rest_route=%2Fwp%2Fv2%2Fcategories&post=1537"},{"taxonomy":"post_tag","embeddable":true,"href":"https:\/\/www.ladislavjakl.cz\/index.php?rest_route=%2Fwp%2Fv2%2Ftags&post=1537"}],"curies":[{"name":"wp","href":"https:\/\/api.w.org\/{rel}","templated":true}]}}