{"id":155,"date":"2009-12-21T15:13:46","date_gmt":"2009-12-21T14:13:46","guid":{"rendered":"http:\/\/www.ladislavjakl.cz\/?p=155"},"modified":"2010-01-12T09:49:52","modified_gmt":"2010-01-12T08:49:52","slug":"155","status":"publish","type":"post","link":"https:\/\/www.ladislavjakl.cz\/?p=155","title":{"rendered":"Pod\u011bkov\u00e1n\u00ed"},"content":{"rendered":"<p><img decoding=\"async\" class=\"ngg-singlepic ngg-none\" src=\"https:\/\/www.ladislavjakl.cz\/wp-content\/gallery\/perexy\/podekovani.png\" alt=\"podekovani\" \/><\/p>\n<p>D\u011bkuji ze srdce v\u0161em, kte\u0159\u00ed mi p\u0159i\u0161li pop\u0159\u00e1t k pades\u00e1tin\u00e1m na Rockov\u00fd \u00fa\u010det a t\u00edm pomohli ud\u011blat kr\u00e1snou atmosf\u00e9ru cel\u00e9ho koncertu. D\u011bkuji za z\u00e1plavu \u00fa\u017easn\u00fdch d\u00e1rk\u016f a za va\u0161e projevy p\u0159\u00e1telstv\u00ed, p\u0159\u00edzn\u011b a podpory. A\u017e jsem byl z toho cel\u00fd v rozpac\u00edch.<br \/>\nD\u011bkuji tak\u00e9 v\u0161em \u2013 a bylo jich fakt hodn\u011b \u2013 kdo se pod\u00edleli na po\u0159\u00e1d\u00e1n\u00ed Rockov\u00e9ho \u00fa\u010dtu. Byla to ohromn\u00e1 pr\u00e1ce a v\u00fdsledky vid\u011bli v\u0161ichni. D\u011bkuju muzikant\u016fm, kte\u0159\u00ed to taky nem\u011bli lehk\u00e9. D\u011bkuji pivovar\u016fm Svijany, Herold a Rambousek za skv\u011bl\u00e1 piva a tak\u00e9 Honzovi Ko\u010dkovi za vybran\u00e9 pivn\u00ed speci\u00e1ly. D\u011bkuji Ale\u0161ovi Svobodovi za kr\u00e1sn\u00e9 v\u00edno. D\u011bkuji hospod\u011b Magister Kelley za z\u00e1v\u011bre\u010dnou afterparty a za trp\u011blivost, se kterou n\u00e1s jej\u00ed lid\u00e9 ani po p\u00e1t\u00e9 rann\u00ed nevyhnali na mr\u00e1z. A d\u011bkuji v\u0161em \u010dten\u00e1\u0159\u016fm knihy Rocker na Hrad\u011b, \u017ee j\u00ed v\u011bnovali sv\u016fj \u010das.<br \/>\nTahle akce vejde do d\u011bjin, d\u00edky v\u00e1m v\u0161em.<\/p>\n<p>V\u00e1\u0161<br \/>\nLadislav Jakl<\/p>\n<p><!--more--><\/p>\nngg_shortcode_0_placeholder\n","protected":false},"excerpt":{"rendered":"<p>D\u011bkuji ze srdce v\u0161em, kte\u0159\u00ed mi p\u0159i\u0161li pop\u0159\u00e1t k pades\u00e1tin\u00e1m na Rockov\u00fd \u00fa\u010det a t\u00edm pomohli ud\u011blat kr\u00e1snou atmosf\u00e9ru cel\u00e9ho koncertu. D\u011bkuji za z\u00e1plavu \u00fa\u017easn\u00fdch d\u00e1rk\u016f a za va\u0161e projevy p\u0159\u00e1telstv\u00ed, p\u0159\u00edzn\u011b a podpory. A\u017e jsem byl z toho cel\u00fd v rozpac\u00edch. D\u011bkuji tak\u00e9 v\u0161em \u2013 a bylo jich fakt hodn\u011b \u2013 kdo se pod\u00edleli [&hellip;]<\/p>\n","protected":false},"author":1,"featured_media":0,"comment_status":"open","ping_status":"open","sticky":false,"template":"","format":"standard","meta":{"ngg_post_thumbnail":0,"footnotes":""},"categories":[5],"tags":[],"class_list":["post-155","post","type-post","status-publish","format-standard","hentry","category-rodina"],"_links":{"self":[{"href":"https:\/\/www.ladislavjakl.cz\/index.php?rest_route=\/wp\/v2\/posts\/155","targetHints":{"allow":["GET"]}}],"collection":[{"href":"https:\/\/www.ladislavjakl.cz\/index.php?rest_route=\/wp\/v2\/posts"}],"about":[{"href":"https:\/\/www.ladislavjakl.cz\/index.php?rest_route=\/wp\/v2\/types\/post"}],"author":[{"embeddable":true,"href":"https:\/\/www.ladislavjakl.cz\/index.php?rest_route=\/wp\/v2\/users\/1"}],"replies":[{"embeddable":true,"href":"https:\/\/www.ladislavjakl.cz\/index.php?rest_route=%2Fwp%2Fv2%2Fcomments&post=155"}],"version-history":[{"count":12,"href":"https:\/\/www.ladislavjakl.cz\/index.php?rest_route=\/wp\/v2\/posts\/155\/revisions"}],"predecessor-version":[{"id":202,"href":"https:\/\/www.ladislavjakl.cz\/index.php?rest_route=\/wp\/v2\/posts\/155\/revisions\/202"}],"wp:attachment":[{"href":"https:\/\/www.ladislavjakl.cz\/index.php?rest_route=%2Fwp%2Fv2%2Fmedia&parent=155"}],"wp:term":[{"taxonomy":"category","embeddable":true,"href":"https:\/\/www.ladislavjakl.cz\/index.php?rest_route=%2Fwp%2Fv2%2Fcategories&post=155"},{"taxonomy":"post_tag","embeddable":true,"href":"https:\/\/www.ladislavjakl.cz\/index.php?rest_route=%2Fwp%2Fv2%2Ftags&post=155"}],"curies":[{"name":"wp","href":"https:\/\/api.w.org\/{rel}","templated":true}]}}