{"id":1550,"date":"2012-03-02T14:06:33","date_gmt":"2012-03-02T13:06:33","guid":{"rendered":"http:\/\/www.ladislavjakl.cz\/?p=1550"},"modified":"2012-03-02T14:07:10","modified_gmt":"2012-03-02T13:07:10","slug":"ladislav-jakl-v-udalostech-a-komentarich-ceske-televize-o-milostech-aneb-vybryndany-pohar-trpelivosti-pana-zaoralka","status":"publish","type":"post","link":"https:\/\/www.ladislavjakl.cz\/?p=1550","title":{"rendered":"Ladislav Jakl v Ud\u00e1lostech a koment\u00e1\u0159\u00edch \u010cesk\u00e9 televize o milostech  aneb  vybryndan\u00fd poh\u00e1r trp\u011blivosti pana Zaor\u00e1lka"},"content":{"rendered":"<div>Soci\u00e1ln\u00ed  demokrat\u00e9 cht\u011bj\u00ed navrhnout parlamentu dal\u0161\u00ed zm\u011bnu \u00fastavy t\u00fdkaj\u00edc\u00ed se  prezidentsk\u00e9 funkce. A to omezen\u00ed pravomoc\u00ed hlavy st\u00e1tu \u2013 konkr\u00e9tn\u011b  ud\u011blov\u00e1n\u00ed milost\u00ed. Nap\u0159\u00ed\u0161t\u011b by ji m\u011bl podepsat i premi\u00e9r nebo ministr  spravedlnosti. A d\u016fvod? Podle opozice jsou n\u011bkter\u00e9 prezidentsk\u00e9 milosti z  posledn\u00ed doby sporn\u00e9 a prov\u00e1z\u00ed je podez\u0159en\u00ed z korupce. Co na to \u0159\u00edk\u00e1  Hrad? A m\u00e1 \u010cSSD \u0161anci se zm\u011bnou \u00fastavy usp\u011bt? T\u00e9ma probereme s \u0159editelem  politick\u00e9ho odboru prezidentsk\u00e9 kancel\u00e1\u0159e Ladislavem Jaklem a  m\u00edstop\u0159edsedou \u010cSSD Lubom\u00edrem Zaor\u00e1lkem.<\/div>\n<div><strong>Video uvnit\u0159 \u010dl\u00e1nku<\/strong><\/div>\n<div><!--more--><a href=\"http:\/\/www.ceskatelevize.cz\/porady\/1096898594-udalosti-komentare\/212411000370224\/video\/\" target=\"_blank\">Zdroj<\/a><strong><br \/>\n<\/strong><\/div>\n","protected":false},"excerpt":{"rendered":"<p>Soci\u00e1ln\u00ed demokrat\u00e9 cht\u011bj\u00ed navrhnout parlamentu dal\u0161\u00ed zm\u011bnu \u00fastavy t\u00fdkaj\u00edc\u00ed se prezidentsk\u00e9 funkce. A to omezen\u00ed pravomoc\u00ed hlavy st\u00e1tu \u2013 konkr\u00e9tn\u011b ud\u011blov\u00e1n\u00ed milost\u00ed. Nap\u0159\u00ed\u0161t\u011b by ji m\u011bl podepsat i premi\u00e9r nebo ministr spravedlnosti. A d\u016fvod? Podle opozice jsou n\u011bkter\u00e9 prezidentsk\u00e9 milosti z posledn\u00ed doby sporn\u00e9 a prov\u00e1z\u00ed je podez\u0159en\u00ed z korupce. Co na to \u0159\u00edk\u00e1 Hrad? [&hellip;]<\/p>\n","protected":false},"author":1,"featured_media":0,"comment_status":"open","ping_status":"open","sticky":false,"template":"","format":"standard","meta":{"ngg_post_thumbnail":0,"footnotes":""},"categories":[13],"tags":[],"class_list":["post-1550","post","type-post","status-publish","format-standard","hentry","category-rozhovory"],"_links":{"self":[{"href":"https:\/\/www.ladislavjakl.cz\/index.php?rest_route=\/wp\/v2\/posts\/1550","targetHints":{"allow":["GET"]}}],"collection":[{"href":"https:\/\/www.ladislavjakl.cz\/index.php?rest_route=\/wp\/v2\/posts"}],"about":[{"href":"https:\/\/www.ladislavjakl.cz\/index.php?rest_route=\/wp\/v2\/types\/post"}],"author":[{"embeddable":true,"href":"https:\/\/www.ladislavjakl.cz\/index.php?rest_route=\/wp\/v2\/users\/1"}],"replies":[{"embeddable":true,"href":"https:\/\/www.ladislavjakl.cz\/index.php?rest_route=%2Fwp%2Fv2%2Fcomments&post=1550"}],"version-history":[{"count":2,"href":"https:\/\/www.ladislavjakl.cz\/index.php?rest_route=\/wp\/v2\/posts\/1550\/revisions"}],"predecessor-version":[{"id":1552,"href":"https:\/\/www.ladislavjakl.cz\/index.php?rest_route=\/wp\/v2\/posts\/1550\/revisions\/1552"}],"wp:attachment":[{"href":"https:\/\/www.ladislavjakl.cz\/index.php?rest_route=%2Fwp%2Fv2%2Fmedia&parent=1550"}],"wp:term":[{"taxonomy":"category","embeddable":true,"href":"https:\/\/www.ladislavjakl.cz\/index.php?rest_route=%2Fwp%2Fv2%2Fcategories&post=1550"},{"taxonomy":"post_tag","embeddable":true,"href":"https:\/\/www.ladislavjakl.cz\/index.php?rest_route=%2Fwp%2Fv2%2Ftags&post=1550"}],"curies":[{"name":"wp","href":"https:\/\/api.w.org\/{rel}","templated":true}]}}