{"id":1563,"date":"2012-03-06T12:40:00","date_gmt":"2012-03-06T11:40:00","guid":{"rendered":"http:\/\/www.ladislavjakl.cz\/?p=1563"},"modified":"2012-03-06T12:40:23","modified_gmt":"2012-03-06T11:40:23","slug":"neklidne-brno","status":"publish","type":"post","link":"https:\/\/www.ladislavjakl.cz\/?p=1563","title":{"rendered":"Neklidn\u00e9 Brno"},"content":{"rendered":"<p style=\"text-align: left;\"><strong>Korespondence s\u00a0neklidn\u00fdmi organiz\u00e1tory akce \u201ePoplatn\u00edku, naval n\u00e1m sv\u00e9 prachy na na\u0161e studium a pak u\u017e n\u00e1m do jejich utr\u00e1cen\u00ed nemluv\u201c<\/strong><\/p>\n<p>Otev\u0159en\u00fd dopis pro doc. JUDr. Ivana Mal\u00e9ho, CSc., d\u011bkana Ekonomicko-spr\u00e1vn\u00ed fakulty MU<\/p>\n<p>V neklidn\u00e9m Brn\u011b, 27. \u00fanora 2012<\/p>\n<p><!--more--><\/p>\n<p>V\u00e1\u017een\u00fd pane d\u011bkane,<\/p>\n<p>obrac\u00edme se na V\u00e1s formou otev\u0159en\u00e9ho dopisu, abychom vyj\u00e1d\u0159ili sv\u016fj nesouhlas s po\u0159\u00e1d\u00e1n\u00edm besedy s prezidentem Klausem, kter\u00e1 je na Ekonomicko-spr\u00e1vn\u00ed fakult\u011b pl\u00e1nov\u00e1na tuto st\u0159edu, 29. \u00fanora.<\/p>\n<p>Nesouhlas\u00edme s t\u00edm, \u017ee je na akademickou p\u016fdu zv\u00e1n \u010dlov\u011bk, kter\u00fd akademickou diskus\u00ed a kritick\u00fdm my\u0161len\u00edm otev\u0159en\u011b pohrd\u00e1 stejn\u011b jako lid\u00e9 v jeho nejbli\u017e\u0161\u00edm okol\u00ed (nap\u0159. Petr  H\u00e1jek \u2013 ni\u010d\u00edm nepodlo\u017een\u00e9 zpochybn\u011bn\u00ed evolu\u010dn\u00ed teorie, Ladislav Jakl \u2013 ni\u010d\u00edm nepodlo\u017een\u00e9 pop\u0159en\u00ed \u0161kodlivosti pasivn\u00edho kou\u0159en\u00ed). Znepokojiv\u00fd je i zp\u016fsob, kter\u00fdm prezident zneu\u017e\u00edv\u00e1 sv\u00fdch spolupracovn\u00edk\u016f k \u00fatok\u016fm na sv\u00e9 n\u00e1zorov\u00e9 oponenty (nap\u0159. Petr H\u00e1jek &#8211; zpochyb\u0148ov\u00e1n\u00ed kn\u011b\u017estv\u00ed prof. Hal\u00edka navzdory vyj\u00e1d\u0159en\u00edm arcibiskupa a dal\u0161\u00edch c\u00edrkevn\u00edch hodnost\u00e1\u0159\u016f). O postoj\u00edch prezidenta k diskusi vypov\u00edd\u00e1 tak\u00e9 jeho ve\u0159ejn\u00e1 podpora fa\u0161isticky sm\u00fd\u0161lej\u00edc\u00edm jedinc\u016fm (nap\u0159. nechvaln\u011b zn\u00e1m\u00fd Ladislav B\u00e1tora doned\u00e1vna p\u016fsob\u00edc\u00ed na M\u0160MT, \u010di Adam  Barto\u0161, autor seznamu tzv. \u201epravdol\u00e1ska\u0159\u016f\u201c).<\/p>\n<p>Pova\u017eujeme za znak n\u00edzk\u00e9 sebe\u00facty, \u017ee je na akademickou p\u016fdu zv\u00e1n \u010dlov\u011bk, kter\u00fd se student\u016fm i akademik\u016fm otev\u0159en\u011b vysm\u00edv\u00e1. Nen\u00ed snad v\u00fdsm\u011bchem skute\u010dnost, \u017ee naprost\u00fd mana\u017eersk\u00fd diletant byl prezidentem ozna\u010den za nejlep\u0161\u00edho porevolu\u010dn\u00edho ministra \u0161kolstv\u00ed? Nen\u00ed snad v\u00fdsm\u011bchem skute\u010dnost, \u017ee prezident, kter\u00fd s\u00e1m za studia neplatil, ozna\u010dil studium na vysok\u00e9 \u0161kole zadarmo za \u201eparazitov\u00e1n\u00ed student\u016f na zbytku na\u0161\u00ed spole\u010dnosti\u201c? A v situaci, kdy si demokraticky zvolen\u00e9 reprezentace akademick\u00fdch obc\u00ed, konkr\u00e9tn\u011b Rada vysok\u00fdch \u0161kol, \u010cesk\u00e1 konference rektor\u016f a akademick\u00e9 sen\u00e1ty, dovol\u00ed vyj\u00e1d\u0159it sv\u016fj nesouhlas s navrhovan\u00fdmi reformami, \u0159ekne prezident, \u017ee je \u201evelmi pobou\u0159en t\u00edm, co si akademick\u00fd sv\u011bt v tuto chv\u00edli dovoluje.\u201c Skute\u010dnost, \u017ee se beseda s prezidentem kon\u00e1 v dob\u011b T\u00fddne neklidu, pak jen umoc\u0148uje na\u0161e roz\u010darov\u00e1n\u00ed. Pokud chceme, aby si n\u00e1s v\u00e1\u017eili jin\u00ed, mus\u00edme si v prv\u00e9 \u0159ad\u011b um\u011bt v\u00e1\u017eit sami sebe.<\/p>\n<p>Pova\u017eujeme za nezbytn\u00e9 zd\u016fraznit, \u017ee nijak nezpochyb\u0148ujeme Va\u0161e pr\u00e1vo na p\u016fdu fakulty kohokoli pozvat. Pouze se domn\u00edv\u00e1me, \u017ee v\u00fdb\u011br hosta je krajn\u011b nevhodn\u00fd a \u017ee t\u00edm ve sv\u00e9m d\u016fsledku kon\u00e1te na\u0161\u00ed univerzit\u011b i akademick\u00e9 p\u016fd\u011b obecn\u011b medv\u011bd\u00ed slu\u017ebu.<\/p>\n<p>S pozdravem<\/p>\n<p>Mgr. Pavel Troubil, sou\u010dasn\u00fd p\u0159edseda Studentsk\u00e9 komory Akademick\u00e9ho sen\u00e1tu MU<\/p>\n<p>Mgr. Zden\u011bk Ru\u010dka, p\u0159edseda Studentsk\u00e9 komory Akademick\u00e9ho sen\u00e1tu MU v letech 2009-2011<\/p>\n<p>Dobr\u00fd den, p\u00e1nov\u00e9 Troubile a Ru\u010dko,<\/p>\n<p>obr\u00e1tili jste se dopisem na pana d\u011bkana Ivana Mal\u00e9ho, j\u00edm\u017e vyjad\u0159ujete sv\u016fj nesouhlas s besedou\u00a0prezidenta republiky V\u00e1clava Klause na p\u016fd\u011b Ekonomicko-spr\u00e1vn\u00ed fakulty MU. Proto\u017ee \u0161lo o pana prezidenta a jeho program, dostal se dopis i do m\u00fdch rukou.<\/p>\n<p>Ke sv\u00e9mu p\u0159ekvapen\u00ed jsem mezi\u00a0d\u016fvody, kter\u00fdmi sv\u016fj nesouhlas s besedou vysv\u011btlujete, nalezl i Va\u0161e tvrzen\u00ed, \u017ee otev\u0159en\u011b pohrd\u00e1m akademickou diskus\u00ed a kritick\u00fdm my\u0161len\u00edm.\u00a0Jako &#8222;d\u016fkaz&#8220; tohoto m\u00e9ho pohrd\u00e1n\u00ed uv\u00e1d\u00edte m\u00e9 \u00fadajn\u00e9 &#8222;ni\u010d\u00edm nepodlo\u017een\u00e9 pop\u0159en\u00ed \u0161kodlivosti pasivn\u00edho kou\u0159en\u00ed&#8220;.<\/p>\n<p>\u017d\u00e1d\u00e1m V\u00e1s, abyste uvedli jak\u00fdkoli m\u016fj cit\u00e1t, kter\u00fdm bych\u00a0pop\u00edral \u0161kodlivost pasivn\u00edho kou\u0159en\u00ed.<\/p>\n<p>\u0160kodlivost pasivn\u00edho kou\u0159en\u00ed jsem toti\u017e nikdy nepop\u0159el, v \u017e\u00e1dn\u00e9m sv\u00e9m v\u00fdroku. Proto pova\u017euji Va\u0161e tvrzen\u00ed za l\u017eiv\u00e9 a mne po\u0161kozuj\u00edc\u00ed, stejn\u011b jako tvrzen\u00ed, \u017ee otev\u0159en\u011b pohrd\u00e1m akademickou diskus\u00ed a kritick\u00fdm my\u0161len\u00edm. Va\u0161e pomluva mne po\u0161kozuje. Pokud m\u016fj p\u0159\u00edslu\u0161n\u00fd cit\u00e1t nenajdete, \u017e\u00e1d\u00e1m V\u00e1s o ve\u0159ejnou omluvu. Pokud se omluvy nedo\u010dk\u00e1m, naleznu zp\u016fsob, jak V\u00e1s k n\u00ed p\u0159im\u011bt. Nemysl\u00edm si toti\u017e, \u017ee m\u016f\u017eete kdykoli kohokoli zcela nepodlo\u017een\u011b pomlouvat.<\/p>\n<p>L. Jakl<\/p>\n<p>tajemn\u00edk prezidenta republiky<\/p>\n<p><strong>prof. Ing. V\u00e1clav Klaus, CSc. <\/strong>prezident republiky<\/p>\n<p>Pra\u017esk\u00fd hrad 119 08 Praha 1<\/p>\n<p>V neklidn\u00e9m Brn\u011b, 29. 2. 2012<\/p>\n<p>V\u00e1\u017een\u00fd pane prezidente,<\/p>\n<p>Va\u0161e reakce na n\u00e1\u0161 dopis, vyjad\u0159uj\u00edc\u00ed n\u00e1\u0161 osobn\u00ed n\u00e1zor, adresovan\u00fd d\u011bkanovi Ekonomicko-spr\u00e1vn\u00ed fakulty Masarykovy univerzity, n\u00e1s velmi p\u0159ekvapila. Ve sv\u00e9m dopise, jeho\u017e smyslem bylo vyvol\u00e1n\u00ed polemiky uvnit\u0159 univerzity, jsme vyj\u00e1d\u0159ili nesouhlas s t\u00edm, \u017ee jste byl na p\u016fdu Masarykovy univerzity pozv\u00e1n. Ale nikdy by n\u00e1s nenapadlo vy\u010d\u00edtat V\u00e1m, \u017ee jste pozv\u00e1n\u00ed p\u0159ijal. Ani jsme V\u00e1s nevyz\u00fdvali, abyste nejezdil.<\/p>\n<p>Oba se pod\u00edl\u00edme na organizaci protestn\u00edch akc\u00ed, jejich\u017e c\u00edlem je p\u0159im\u011bt vl\u00e1du ke sta\u017een\u00ed v\u011bcn\u00fdch n\u00e1vrh\u016f reformn\u00edch z\u00e1kon\u016f a k obnoven\u00ed demokratick\u00e9 diskuse o t\u00e9to reform\u011b. Pot\u0159ebu reformy vysok\u00e9ho \u0161kolstv\u00ed rozhodn\u011b neodm\u00edt\u00e1me, jak si m\u016f\u017eete p\u0159e\u010d\u00edst ve Spole\u010dn\u00e9m prohl\u00e1\u0161en\u00ed z\u00e1stupc\u016f studentsk\u00fdch komor akademick\u00fdch sen\u00e1t\u016f ze dne 8. 2. 2012. Vy n\u00e1m to p\u0159esto opakovan\u011b podsouv\u00e1te. \u017d\u00e1dnou n\u00e1tlakovou akci proti Va\u0161emu p\u0159\u00edjezdu jsme neorganizovali, pouze jsme cht\u011bli sv\u00fdm dopisem rozpoutat diskusi na p\u016fd\u011b univerzity nad v\u00fdb\u011brem host\u016f.<\/p>\n<p>V\u00e1\u0161 dopis rektoru Bekovi je n\u00e1zornou uk\u00e1zkou toho, s \u010d\u00edm na Va\u0161em vystupov\u00e1n\u00ed nesouhlas\u00edme. Jak jsme ji\u017e uvedli v\u00fd\u0161e, podsouv\u00e1te n\u00e1m odm\u00edt\u00e1n\u00ed reformy vysok\u00e9ho \u0161kolstv\u00ed. My p\u0159itom odm\u00edt\u00e1me pouze sou\u010dasn\u00e9 n\u00e1vrhy a pot\u0159ebu zm\u011bn p\u0159ipou\u0161t\u00edme. D\u00e1le hovo\u0159\u00edte o extr\u00e9mn\u00edm pr\u016fb\u011bhu T\u00fddne neklidu na na\u0161\u00ed univerzit\u011b. P\u0159itom na univerzitn\u00ed p\u016fd\u011b se konaly jen p\u0159edn\u00e1\u0161ky, besedy a kulturn\u00ed vystoupen\u00ed. V ulic\u00edch Brna se pak konaly dv\u011b demonstrace, a tak\u00e9 jejich pr\u016fb\u011bh byl velice poklidn\u00fd. D\u00e1le n\u00e1m podsouv\u00e1te, \u017ee bojujeme za sv\u00e9 parci\u00e1ln\u00ed z\u00e1jmy, a\u010dkoli se k v\u011bcn\u00fdm z\u00e1m\u011br\u016fm obou reformn\u00edch z\u00e1kon\u016f odm\u00edtav\u011b stav\u00ed i Rada vysok\u00fdch \u0161kol, \u010cesk\u00e1 konference rektor\u016f a drtiv\u00e1 v\u011bt\u0161ina akademick\u00fdch sen\u00e1t\u016f \u010desk\u00fdch univerzit.<\/p>\n<p>Mus\u00edme v\u0161ak p\u0159iznat, \u017ee jsme v jedn\u00e9 v\u011bci sami pochybili. P\u0159isoudili jsme v na\u0161em otev\u0159en\u00e9m dopise panu Ladislavu Jaklovi v\u00fdrok, jeho\u017e autorem je pan Petr H\u00e1jek. T\u00edmto se panu Jaklovi omlouv\u00e1me.<\/p>\n<p>S pozdravem<\/p>\n<p>Zden\u011bk Ru\u010dka a Pavel Troubil<\/p>\n<p>Dobr\u00fd den.<\/p>\n<p>D\u011bkuji za Va\u0161i omluvu, kterou jste u\u010dinili na z\u00e1klad\u011b m\u00e9 v\u00fdzvy. Nicm\u00e9n\u011b podobn\u011b nev\u011brohodn\u00fd, jako je pas\u00e1\u017e v\u011bnovan\u00e1 mn\u011b, je i zbytek onoho Va\u0161eho dopisu. Chce to m\u00edt hodn\u011b specifickou povahu: vy\u010d\u00edtat n\u011bkomu &#8222;nepodlo\u017eenost&#8220; jeho postoj\u016f a s\u00e1m stav\u011bt na pov\u011bstech ze t\u0159et\u00ed ruky.<\/p>\n<p>Zdrav\u00ed<\/p>\n<p>L.  Jakl<\/p>\n","protected":false},"excerpt":{"rendered":"<p>Korespondence s\u00a0neklidn\u00fdmi organiz\u00e1tory akce \u201ePoplatn\u00edku, naval n\u00e1m sv\u00e9 prachy na na\u0161e studium a pak u\u017e n\u00e1m do jejich utr\u00e1cen\u00ed nemluv\u201c Otev\u0159en\u00fd dopis pro doc. JUDr. Ivana Mal\u00e9ho, CSc., d\u011bkana Ekonomicko-spr\u00e1vn\u00ed fakulty MU V neklidn\u00e9m Brn\u011b, 27. \u00fanora 2012<\/p>\n","protected":false},"author":1,"featured_media":0,"comment_status":"open","ping_status":"open","sticky":false,"template":"","format":"standard","meta":{"ngg_post_thumbnail":0,"footnotes":""},"categories":[6],"tags":[],"class_list":["post-1563","post","type-post","status-publish","format-standard","hentry","category-co-jsem-nerekl"],"_links":{"self":[{"href":"https:\/\/www.ladislavjakl.cz\/index.php?rest_route=\/wp\/v2\/posts\/1563","targetHints":{"allow":["GET"]}}],"collection":[{"href":"https:\/\/www.ladislavjakl.cz\/index.php?rest_route=\/wp\/v2\/posts"}],"about":[{"href":"https:\/\/www.ladislavjakl.cz\/index.php?rest_route=\/wp\/v2\/types\/post"}],"author":[{"embeddable":true,"href":"https:\/\/www.ladislavjakl.cz\/index.php?rest_route=\/wp\/v2\/users\/1"}],"replies":[{"embeddable":true,"href":"https:\/\/www.ladislavjakl.cz\/index.php?rest_route=%2Fwp%2Fv2%2Fcomments&post=1563"}],"version-history":[{"count":2,"href":"https:\/\/www.ladislavjakl.cz\/index.php?rest_route=\/wp\/v2\/posts\/1563\/revisions"}],"predecessor-version":[{"id":1565,"href":"https:\/\/www.ladislavjakl.cz\/index.php?rest_route=\/wp\/v2\/posts\/1563\/revisions\/1565"}],"wp:attachment":[{"href":"https:\/\/www.ladislavjakl.cz\/index.php?rest_route=%2Fwp%2Fv2%2Fmedia&parent=1563"}],"wp:term":[{"taxonomy":"category","embeddable":true,"href":"https:\/\/www.ladislavjakl.cz\/index.php?rest_route=%2Fwp%2Fv2%2Fcategories&post=1563"},{"taxonomy":"post_tag","embeddable":true,"href":"https:\/\/www.ladislavjakl.cz\/index.php?rest_route=%2Fwp%2Fv2%2Ftags&post=1563"}],"curies":[{"name":"wp","href":"https:\/\/api.w.org\/{rel}","templated":true}]}}