{"id":1566,"date":"2012-03-06T12:50:32","date_gmt":"2012-03-06T11:50:32","guid":{"rendered":"http:\/\/www.ladislavjakl.cz\/?p=1566"},"modified":"2012-03-06T13:25:42","modified_gmt":"2012-03-06T12:25:42","slug":"korespondence-s-mladou-frontou","status":"publish","type":"post","link":"https:\/\/www.ladislavjakl.cz\/?p=1566","title":{"rendered":"Korespondence s Mladou frontou"},"content":{"rendered":"<p>(co z toho vylezlo, najdede na str. 2 vyd\u00e1n\u00ed MFD ze dne 5. 3. 012, v \u010dl\u00e1nku jsou v\u00fdroky L.J. ps\u00e1ny <span style=\"color: #0000ff;\">mod\u0159e<\/span>)<\/p>\n<p><!--more--><\/p>\n<div style=\"text-align:center\"><span style=\"color:blue\"><\/p>\n<hr \/>\n<p><\/span><\/div>\n<p style=\"margin-bottom:12.0pt\"><strong><span style=\"font-size:10.0pt;font-family:&quot;Tahoma&quot;,&quot;sans-serif&quot;;color:blue\">From:<\/span><\/strong><span style=\"font-size:10.0pt;font-family:&quot;Tahoma&quot;,&quot;sans-serif&quot;;color:blue\"> Dolejsi Vaclav [<a href=\"http:\/\/email.seznam.cz\/newMessageScreen?sessionId=&amp;to=mailto%3aVaclav%2eDolejsi%40mfdnes%2ecz\" target=\"_blank\">mailto:Vaclav.Dolejsi@mfdnes.cz<\/a>]<br \/>\n<strong>Sent:<\/strong> Wednesday, February 29, 2012 10:24 PM<br \/>\n<strong>To:<\/strong> Jakl Ladislav<br \/>\n<strong>Subject:<\/strong> RE: MF DNES pros\u00ed<\/span><span style=\"font-size:12.0pt;font-family:&quot;Times New Roman&quot;,&quot;serif&quot;;color:blue\"> <\/span><\/p>\n<p><span style=\"color:black\">Dobr\u00fd ve\u010der,<\/span><span style=\"font-size:10.0pt;font-family:&quot;Tahoma&quot;,&quot;sans-serif&quot;;color:black\"> <\/span><\/p>\n<p><span style=\"color:black\">obecn\u011b  &#8211; p\u0159ijde mi u\u017e zbyte\u010dn\u00e9 opakovat, \u017ee V\u00e1clav Klaus i po odchodu\u00a0z Hradu  bude\u00a0kritikem dne\u0161n\u00ed podoby EU a jej\u00edho nyn\u011bj\u0161\u00edho zp\u016fsobu fungov\u00e1n\u00ed.  Tohle t\u00e9ma jsem probral s panem kancl\u00e9\u0159em plus mi\u00a0\u010d\u00e1ste\u010dn\u011b popsal podobu  a z\u00e1m\u011bry vznikaj\u00edc\u00edho Institutu VK.<\/span><span style=\"font-size:10.0pt;font-family:&quot;Tahoma&quot;,&quot;sans-serif&quot;;color:black\"> <\/span><\/p>\n<p><span style=\"font-size:10.0pt;font-family:&quot;Tahoma&quot;,&quot;sans-serif&quot;;color:black\"> <\/span><\/p>\n<p><span style=\"color:black\">J\u00e1  bych se V\u00e1s r\u00e1d zeptal na jin\u00e9 t\u00e9ma,\u00a0pro n\u011bkoho mo\u017en\u00e1 p\u0159ekvapiv\u00e9,  ka\u017edop\u00e1dn\u011b zaj\u00edmav\u00e9 &#8211;\u00a0obhajobu tradi\u010dn\u00edch rodinn\u00fdch hodnot. Co\u017e je  n\u00e1zor, s nimi\u017e souzn\u00edm, a jsem tud\u00ed\u017e samoz\u0159ejm\u011b v liber\u00e1ln\u00edm prost\u0159ed\u00ed  pra\u017esk\u00fdch redakc\u00ed v men\u0161in\u011b, ale to nen\u00ed tak d\u016fle\u017eit\u00e9.<\/span><span style=\"font-size:10.0pt;font-family:&quot;Tahoma&quot;,&quot;sans-serif&quot;;color:black\"> <\/span><\/p>\n<p><span style=\"color:black\">Z\u00a0\u010deho  vych\u00e1z\u00edm? Viz projev ve Star\u00e9 Boleslavi, projev novoro\u010dn\u00ed, rozhovor pro  \u010dasopis Vlasta, setk\u00e1v\u00e1n\u00ed s p\u0159edstaviteli c\u00edrkv\u00ed a pob\u00edzen\u00ed k v\u011bt\u0161\u00ed  aktivit\u011b&#8230;<\/span><span style=\"font-size:10.0pt;font-family:&quot;Arial&quot;,&quot;sans-serif&quot;;color:blue\"> <\/span><span style=\"font-size:10.0pt;font-family:&quot;Tahoma&quot;,&quot;sans-serif&quot;;color:black\"> <\/span><\/p>\n<p><span style=\"font-size:10.0pt;font-family:&quot;Tahoma&quot;,&quot;sans-serif&quot;;color:black\"> <\/span><\/p>\n<p><span style=\"font-size:10.0pt;font-family:&quot;Tahoma&quot;,&quot;sans-serif&quot;;color:black\"> <\/span><\/p>\n<p><span style=\"color:black\">1. Je m\u016fj dojem, zv\u00fd\u0161en\u00ed hlasu u tohoto t\u00e9matu v\u016fbec pravdiv\u00fd? <\/span><span style=\"font-size:10.0pt;font-family:&quot;Arial&quot;,&quot;sans-serif&quot;;color:blue\"> <\/span><span style=\"font-size:10.0pt;font-family:&quot;Tahoma&quot;,&quot;sans-serif&quot;;color:black\"> <\/span><\/p>\n<p><span style=\"font-size:10.0pt;font-family:&quot;Tahoma&quot;,&quot;sans-serif&quot;;color:black\"> <\/span><\/p>\n<p><span style=\"font-size:10.0pt;font-family:&quot;Arial&quot;,&quot;sans-serif&quot;;color:blue\">Ano i ne. Ur\u010dit\u011b nejde o n\u011bjakou prudkou zm\u011bnu, sp\u00ed\u0161 o nep\u0159etr\u017eit\u00fd  kontinu\u00e1ln\u00ed posun. N\u011bco takov\u00e9ho mus\u00ed b\u00fdt v \u010dlov\u011bku odjak\u017eiva, to se  ned\u00e1 naroubovat. Na druhou stranu plat\u00ed, \u017ee i V\u00e1clav Klaus jako moho  dal\u0161\u00edch lid\u00ed s v\u011bkem pomalu ale zato trvale a st\u00e1le v\u00edce akcentuje  obecn\u011bj\u0161\u00ed t\u00e9mata p\u0159ed &#8222;t\u00e9maty dne\u0161n\u00edho dne&#8220;. L.J.<\/span><span style=\"font-size:10.0pt;font-family:&quot;Tahoma&quot;,&quot;sans-serif&quot;;color:black\"> <\/span><\/p>\n<p><span style=\"font-size:10.0pt;font-family:&quot;Tahoma&quot;,&quot;sans-serif&quot;;color:black\"> <\/span><\/p>\n<p><span style=\"font-size:10.0pt;font-family:&quot;Tahoma&quot;,&quot;sans-serif&quot;;color:black\"> <\/span><\/p>\n<p><span style=\"color:black\">2.  Mohla b\u00fdt jak\u00fdmsi p\u0159elomem v d\u016frazu na hodnoty\u00a0pana prezidenta tragick\u00e1  smrt jeho bl\u00edzk\u00e9ho p\u0159\u00edtele, polsk\u00e9 hlavy st\u00e1tu Lecha Kaczynsk\u00e9ho na  ja\u0159e 2010?<\/span><span style=\"font-size:10.0pt;font-family:&quot;Tahoma&quot;,&quot;sans-serif&quot;;color:black\"> <\/span><\/p>\n<p><span style=\"font-size:10.0pt;font-family:&quot;Tahoma&quot;,&quot;sans-serif&quot;;color:black\"> <\/span><\/p>\n<p><span style=\"color:black\"> <\/span><span style=\"font-size:10.0pt;font-family:&quot;Arial&quot;,&quot;sans-serif&quot;;color:blue\">Tak  to m\u011b nikdy nenapadlo. J\u00e1 jsem u V\u00e1clava Klause \u017e\u00e1dn\u00fd zlom v tomto  smyslu nikdy nepozoroval. Ale je dost mo\u017en\u00e9, je jeden z impuls\u016f, maj\u00edc\u00ed  vliv na jeho p\u0159em\u00fd\u0161len\u00ed o hodnot\u00e1ch, to b\u00fdt mohl. <\/span><span style=\"font-size: 10.0pt; font-family: &quot;Arial&quot;,&quot;sans-serif&quot;; color: blue;\">L.J.<\/span><span style=\"font-size:10.0pt;font-family:&quot;Tahoma&quot;,&quot;sans-serif&quot;;color:black\"> <\/span><\/p>\n<p><span style=\"font-size:10.0pt;font-family:&quot;Arial&quot;,&quot;sans-serif&quot;;color:blue\"> <\/span><span style=\"font-size:10.0pt;font-family:&quot;Tahoma&quot;,&quot;sans-serif&quot;;color:black\"> <\/span><\/p>\n<p><span style=\"color:black\"> 3.  Je to tak, \u017ee kdy\u017e liber\u00e1ln\u00ed ekonom V\u00e1clav Klaus a vyznava\u010d Smithovy  neviditeln\u00e9 ruky trhu hovo\u0159\u00ed o rodin\u011b, mor\u00e1lce, tradici \u010di dokonce  n\u00e1bo\u017eenstv\u00ed, nen\u00ed to obrat, ale jen u ekonom\u016f tradi\u010dn\u00ed zd\u016fraz\u0148ov\u00e1n\u00ed  &#8222;ochrann\u00e9ho obalu kapitalismu&#8220;, k n\u011bmu\u017e v &#8222;d\u016fchodcovsk\u00e9m&#8220; v\u011bku dosp\u011bli i  dal\u0161\u00ed zast\u00e1nci kapitalismu jako t\u0159eba\u00a0Hayek?\u00a0Toti\u017e, \u017ee bez ochrann\u00e9ho  obalu &#8211; p\u0159edstavuj\u00edc\u00edho tradi\u010dn\u00ed rodinn\u00fd \u017eivot, n\u00e1zory na mor\u00e1lku,  v\u00fdchovu d\u011bt\u00ed a tak podobn\u011b &#8211; nedok\u00e1\u017ee svobodn\u00e1 spole\u010dnost p\u0159e\u017e\u00edt?<\/span><span style=\"font-size:10.0pt;font-family:&quot;Arial&quot;,&quot;sans-serif&quot;;color:blue\"> <\/span><span style=\"font-size:10.0pt;font-family:&quot;Tahoma&quot;,&quot;sans-serif&quot;;color:black\"> <\/span><\/p>\n<p><span style=\"font-size:10.0pt;font-family:&quot;Tahoma&quot;,&quot;sans-serif&quot;;color:black\"> <\/span><\/p>\n<p><span style=\"font-size:10.0pt;font-family:&quot;Arial&quot;,&quot;sans-serif&quot;;color:blue\">Ano.  Nen\u00ed to \u017e\u00e1dn\u00fd obrat. Term\u00edn Adama Smithe &#8222;neviditeln\u00e1 ruka trhu&#8220; je  spojen s t\u011bmi nejv\u011bt\u0161\u00edmi mysliteln\u00fdmi nedorozum\u011bn\u00edmi, kter\u00e9 pok\u0159ivuj\u00ed  celou spole\u010denskou debatu. Psal jsem na toto t\u00e9ma polemiku s jedn\u00edm  kn\u011bzem u\u017e p\u0159ed 16 lety. Hodn\u011b levicov\u00fdch liber\u00e1l\u016f tento term\u00edn pova\u017euje  za synonymum plytk\u00e9ho konzumu, sobectv\u00ed, materi\u00e1lna \u010di bezohledn\u00e9ho  povrchn\u00edho \u017eivota motivovan\u00e9ho jen pen\u011bzi. To je \u00fapln\u00e1 hloupost.  &#8222;Neviditeln\u00e1 ruka trhu&#8220; je synonymum pro spontaneitu p\u0159irozen\u00e9ho \u0159\u00e1du a  pro svobodu jeho akt\u00e9r\u016f. Je \u00fapln\u00fdm nepochopen\u00edm d\u00e1vat ji do protikladu\u00a0s  v\u00edrou, poctivost\u00ed, l\u00e1skou, solidaritou, s \u017eit\u00edm pro ide\u00e1ly. Ten kn\u011bz  tehdy napsal, \u017ee lid\u00e9, kte\u0159\u00ed pom\u00e1hali zmrzl\u00fdm truchl\u00edc\u00edm na jednom  velk\u00e9m poh\u0159bu, byli vedeni \u00fapln\u011b jinou neviditelnou rukou, ne\u017e rukou  trhu. J\u00e1 na to napsal, \u017ee to je velk\u00fd omyl a \u017ee ve skute\u010dnosti ob\u011b ruce  vyr\u016fstaj\u00ed z jednoho t\u011bla.\u00a0\u00a0Neviditeln\u00e1 ruka trhu nen\u00ed protikladem  neviditeln\u00e9 ruky Bo\u017e\u00ed ale viditeln\u00e9 pracky moci. A k tomu &#8222;ochrann\u00e9mu  obalu&#8220;. J\u00e1 bych to tak nenaz\u00fdval. Jestli\u017ee obrat &#8222;neviditeln\u00e1 ruka trhu&#8220;  znamen\u00e1 svobodu a spontenietu, pak jde vlastn\u011b v\u00edcem\u00e9n\u011b o hodnotov\u011b  neutr\u00e1ln\u00ed pojem (pozitivn\u00ed hodnotou an sich je a\u017e tehdy, kdy\u017e je  ohro\u017eena a je t\u0159eba usilovat o jej\u00ed ochranu \u010di obnovu). Pak z\u00e1le\u017e\u00ed na  ka\u017ed\u00e9m z n\u00e1s, jak\u00fdmi hodnotami tento svobodn\u00fd prostor napln\u00edme.  Kapitalismus je v tomto smyslu tak\u00e9 pojem neutr\u00e1ln\u00ed, tak\u00e9 znamen\u00e1 jen  svobodn\u00e9 prost\u0159ed\u00ed pro vz\u00e1jemnou interakci \u00fa\u010dastn\u00edk\u016f trhu a p\u0159\u00edslu\u0161n\u00edk\u016f  spole\u010dnosti. Chra\u0148me toto prost\u0159ed\u00ed, ale pak se jej sna\u017eme naplnit n\u011b\u010d\u00edm  dobr\u00fdm.<\/span><span style=\"font-size:10.0pt;font-family:&quot;Tahoma&quot;,&quot;sans-serif&quot;;color:black\"> <\/span><\/p>\n<p><span style=\"font-size:10.0pt;font-family:&quot;Tahoma&quot;,&quot;sans-serif&quot;;color:black\"> <\/span><\/p>\n<p><span style=\"color:black\"> 4.  Jak vy si p\u0159edstavujte V\u00e1clava Klause v jeho roce posledn\u00edm, jak\u00fd odkaz  by m\u011bl coby prezident zanechat? Jist\u011b se chce n\u011bjak zapsat do historie  (nejen jako premi\u00e9r, je\u017e provedl zemi transformac\u00ed)?<\/span><span style=\"color:black\"> <\/span><\/p>\n<p><span style=\"color:black\"> <\/span><\/p>\n<p><span style=\"font-size:12.0pt;font-family:&quot;Times New Roman&quot;,&quot;serif&quot;;color:black\"> <\/span><span style=\"font-size:10.0pt;font-family:&quot;Arial&quot;,&quot;sans-serif&quot;;color:blue\">V\u00e1clav  Klaus nen\u00ed konstrukt\u00e9r ani re\u017eis\u00e9r. Nemysl\u00edm, \u017ee pl\u00e1nuje n\u011bjakou pointu  \u010di &#8222;velk\u00e9 fin\u00e1le&#8220;. Daleko v\u00edc je mu podobn\u00e9, \u017ee bude do posledn\u00edho dne  norm\u00e1ln\u011b pracovat, jako by se nechumelilo. Do historie se m\u016f\u017eete zapsat  pouze mimod\u011bk: t\u00edm, co d\u011bl\u00e1te, ne s c\u00edlem se n\u011bkam zapisovat. Pokud  ov\u0161em nejste H\u00e9rostratos. <\/span><span style=\"font-size: 10.0pt; font-family: &quot;Arial&quot;,&quot;sans-serif&quot;; color: blue;\">L.J.<\/span><span style=\"color:black\"> <\/span><\/p>\n<p><span style=\"color:black\"> <\/span><\/p>\n<p><span style=\"color:black\"> 5. Mohu se v\u00e1s zeptat, jak\u00e9 m\u00e1te vy osobn\u011b pl\u00e1ny v poprezidentsk\u00e9m obdob\u00ed? P\u016fjdete t\u00e9\u017e do Institutu?<\/span><span style=\"color:black\"> <\/span><\/p>\n<p><span style=\"color:black\"> <\/span><\/p>\n<p><span style=\"font-size:12.0pt;font-family:&quot;Times New Roman&quot;,&quot;serif&quot;;color:black\"> <\/span><span style=\"font-size:10.0pt;font-family:&quot;Arial&quot;,&quot;sans-serif&quot;;color:blue\">Nikdy  jsem nem\u011bl \u017e\u00e1dn\u00e9 pl\u00e1ny. Jsem fatalista. Ur\u010dit\u011b se budu v\u011bnovat pivu a  muzice, ale \u010d\u00edm se budu \u017eivit, to m\u011b za\u010dne zaj\u00edmat a\u017e tak za rok. I kdy\u017e  vlastn\u011b jeden pl\u00e1n m\u00e1m. R\u00e1d bych \u0161el na p\u00e1r t\u00fddn\u016f n\u011bkam do l\u00e1zn\u00ed. Snad  ho spln\u00edm a neo\u0161id\u00edm.<\/span><\/p>\n<p><span style=\"font-size:10.0pt;font-family:&quot;Arial&quot;,&quot;sans-serif&quot;;color:blue\">Zdrav\u00ed <\/span><span style=\"font-size: 10.0pt; font-family: &quot;Arial&quot;,&quot;sans-serif&quot;; color: blue;\">L.J.<\/span><\/p>\n<p><span style=\"color:black\"> <\/span><span style=\"color:blue\"> <\/span><\/p>\n<p style=\"margin-bottom:12.0pt\">\n<p style=\"margin-bottom:12.0pt\"><strong><span style=\"font-size:10.0pt;font-family:&quot;Tahoma&quot;,&quot;sans-serif&quot;;color:blue\">From:<\/span><\/strong><span style=\"font-size:10.0pt;font-family:&quot;Tahoma&quot;,&quot;sans-serif&quot;;color:blue\"> Dolejsi Vaclav [<a href=\"http:\/\/email.seznam.cz\/newMessageScreen?sessionId=&amp;to=mailto%3aVaclav%2eDolejsi%40mfdnes%2ecz\" target=\"_blank\">mailto:Vaclav.Dolejsi@mfdnes.cz<\/a>]<br \/>\n<strong>Sent:<\/strong> Thursday, March 01, 2012 10:37 AM<br \/>\n<strong>To:<\/strong> Jakl Ladislav<br \/>\n<strong>Subject:<\/strong> RE: MF DNES pros\u00ed<\/span><span style=\"font-size:12.0pt;font-family:&quot;Times New Roman&quot;,&quot;serif&quot;;color:blue\"> <\/span><\/p>\n<p><span style=\"color:#1F497D\">D\u011bkuji za rychl\u00e9 odpov\u011bdi<\/span><span style=\"color:blue\"> <\/span><\/p>\n<p><span style=\"font-size:12.0pt;font-family:&quot;Times New Roman&quot;,&quot;serif&quot;;color:blue\"> <\/span><\/p>\n<p><span style=\"font-size:12.0pt;font-family:&quot;Times New Roman&quot;,&quot;serif&quot;;color:blue\"> <\/span><\/p>\n<div>\n<div style=\"border:none;border-top:solid #B5C4DF 1.0pt;padding:3.0pt 0cm 0cm 0cm\">\n<p><strong><span style=\"font-size:10.0pt;font-family:&quot;Tahoma&quot;,&quot;sans-serif&quot;;color:blue\">From:<\/span><\/strong><span style=\"font-size:10.0pt;font-family:&quot;Tahoma&quot;,&quot;sans-serif&quot;;color:blue\"> Jakl Ladislav [<a href=\"http:\/\/email.seznam.cz\/newMessageScreen?sessionId=&amp;to=mailto%3aLadislav%2eJakl%40hrad%2ecz\" target=\"_blank\">mailto:Ladislav.Jakl@hrad.cz<\/a>]<br \/>\n<strong>Sent:<\/strong> Thursday, March 01, 2012 1:33 PM<br \/>\n<strong>To:<\/strong> Dolejsi Vaclav<br \/>\n<strong>Subject:<\/strong> RE: MF DNES pros\u00ed <\/span><\/div>\n<\/div>\n<p><span style=\"color:blue\"> <\/span><\/p>\n<p><span style=\"font-size:10.0pt;font-family:&quot;Arial&quot;,&quot;sans-serif&quot;;color:blue\">Tak\u00e9 d\u011bkuji.<\/span><span style=\"font-size:12.0pt;font-family:&quot;Times New Roman&quot;,&quot;serif&quot;;color:blue\"> <\/span><\/p>\n<p><span style=\"font-size:10.0pt;font-family:&quot;Arial&quot;,&quot;sans-serif&quot;;color:blue\">A budu zv\u011bdav, co z toho vyleze.<\/span><span style=\"font-size:12.0pt;font-family:&quot;Times New Roman&quot;,&quot;serif&quot;;color:blue\"> <\/span><\/p>\n<p><span style=\"font-size:10.0pt;font-family:&quot;Arial&quot;,&quot;sans-serif&quot;;color:blue\">L. J.<\/span><span style=\"font-size:12.0pt;font-family:&quot;Times New Roman&quot;,&quot;serif&quot;;color:blue\"> <\/span><\/p>\n<p><span style=\"color:blue\"> <\/span><\/p>\n<div>\n<p><span style=\"font-size:10.0pt;font-family:&quot;Arial&quot;,&quot;sans-serif&quot;;color:black\"> <\/span><\/div>\n<div style=\"text-align:center\"><span style=\"font-size:10.0pt;font-family:&quot;Arial&quot;,&quot;sans-serif&quot;;color:black\"><\/p>\n<hr \/>\n<p><\/span><\/div>\n<p style=\"margin-bottom:12.0pt\"><strong><span style=\"font-size:10.0pt;font-family:&quot;Tahoma&quot;,&quot;sans-serif&quot;;color:black\">From:<\/span><\/strong><span style=\"font-size:10.0pt;font-family:&quot;Tahoma&quot;,&quot;sans-serif&quot;;color:black\"> Dolejsi Vaclav [<a href=\"http:\/\/email.seznam.cz\/newMessageScreen?sessionId=&amp;to=mailto%3aVaclav%2eDolejsi%40mfdnes%2ecz\" target=\"_blank\">mailto:Vaclav.Dolejsi@mfdnes.cz<\/a>]<br \/>\n<strong>Sent:<\/strong> Thursday, March 01, 2012 3:13 PM<br \/>\n<strong>To:<\/strong> Jakl Ladislav<br \/>\n<strong>Subject:<\/strong> RE: MF DNES pros\u00ed<\/span><span style=\"font-size:10.0pt;font-family:&quot;Arial&quot;,&quot;sans-serif&quot;;color:black\"> <\/span><\/p>\n<p><span style=\"color: #000000;\">v pond\u011bl\u00ed bude t\u00e9ma <\/span><\/p>\n<p><span style=\"color: #000000;\">&#8211;  je\u0161t\u011b se v\u00e1m sv\u011b\u0159\u00edm s jednou svou v\u00fdhradou: j\u00e1 pln\u011b souhlas\u00edm s panem  prezidentem t\u0159eba pokud jde o klesaj\u00edc\u00ed \u00farove\u0148 V\u0160 vzd\u011bl\u00e1n\u00ed, tedy v\u011bd\u011bn\u00ed  jako nejkonzervativn\u011bj\u0161\u00ed hodnoty, \u017ee mus\u00ed po\u0159\u00e1d jmenovat stovky  profesor\u016f a kde se berou, \u017ee univerzitn\u00ed vzd\u011bl\u00e1n\u00ed nen\u00ed pro \u0161irok\u00e9 masy,  p\u0159irozen\u011b\u2026 <\/span><\/p>\n<p><span style=\"color: #000000;\"> <\/span><\/p>\n<p><span style=\"color: #000000;\">&#8211;  no a proto jsem nepochopil, kdy\u017e pan prezident omilostnil \u017eenu, je\u017e  v\u0161echno tohle pop\u00edrala, ba dokonce se vzd\u011bl\u00e1n\u00edm k\u0161eftovala, prod\u00e1vala..  ch\u00e1pu, \u017ee milost se nezd\u016fvod\u0148uje a tohle nebyly d\u016fvody pro jej\u00ed ud\u011blen\u00ed,  ale prost\u011b symbolicky to \u00ad- podle m\u00e9ho m\u00edn\u011bn\u00ed &#8211; bylo \u0161patn\u011b. Mo\u017en\u00e1 to  ani nebylo nutn\u00e9, kdy\u017e \u0161lo o podm\u00ednku. <\/span><\/p>\n<p><span style=\"color:black\"> <\/span><span style=\"color:#1F497D\"> <\/span><\/p>\n<div>\n<div>\n<div>\n<div style=\"text-align:center\"><span style=\"font-size:12.0pt;font-family:&quot;Times New Roman&quot;,&quot;serif&quot;\"><\/p>\n<hr \/>\n<p><\/span><\/div>\n<p style=\"margin-bottom:12.0pt\"><strong><span style=\"font-size:10.0pt;font-family:&quot;Tahoma&quot;,&quot;sans-serif&quot;\">From:<\/span><\/strong><span style=\"font-size:10.0pt;font-family:&quot;Tahoma&quot;,&quot;sans-serif&quot;\"> Jakl Ladislav<br \/>\n<strong>Sent:<\/strong> Thursday, March 01, 2012 3:37 PM<br \/>\n<strong>To:<\/strong> &#8218;Dolejsi Vaclav&#8216;<br \/>\n<strong>Subject:<\/strong> RE: MF DNES pros\u00ed<\/span><span style=\"font-size:12.0pt;font-family:&quot;Times New Roman&quot;,&quot;serif&quot;\"> <\/span><\/p>\n<\/div>\n<\/div>\n<\/div>\n<p><span style=\"font-size:10.0pt;font-family:&quot;Arial&quot;,&quot;sans-serif&quot;;color:blue\">Dobr\u00fd den.<\/span><span style=\"font-size:12.0pt;font-family:&quot;Times New Roman&quot;,&quot;serif&quot;\"> <\/span><\/p>\n<p><span style=\"font-size:12.0pt;font-family:&quot;Times New Roman&quot;,&quot;serif&quot;\"> <\/span><\/p>\n<p><span style=\"font-size:10.0pt;font-family:&quot;Arial&quot;,&quot;sans-serif&quot;;color:blue\">Ano,  nech\u00e1pete to. Ka\u017edou milost dostane jen ten, kdo n\u011bco provedl. Milost  nen\u00ed v\u00fdrok o vin\u011b! Kdy\u017e milost dostane zlod\u011bj, znamen\u00e1 to chv\u00e1lu  zlod\u011bj\u016f? Kdy\u017e milost dostane \u010dlov\u011bk, kter\u00fd n\u011bkoho zabil, je to chv\u00e1la  zab\u00edjen\u00ed? Ur\u010dit\u011b ne.<\/span><span style=\"font-size:12.0pt;font-family:&quot;Times New Roman&quot;,&quot;serif&quot;\"> <\/span><\/p>\n<div>\n<p><span style=\"font-size:12.0pt;font-family:&quot;Times New Roman&quot;,&quot;serif&quot;\"> <\/span><\/div>\n<div>\n<p><span style=\"font-size:10.0pt;font-family:&quot;Arial&quot;,&quot;sans-serif&quot;;color:blue\">A k t\u00e9 pan\u00ed: zkuste si o tom p\u0159\u00edpadu n\u011bco zjistit.<\/span><span style=\"font-size:12.0pt;font-family:&quot;Times New Roman&quot;,&quot;serif&quot;\"> <\/span><\/div>\n<div>\n<p><span style=\"font-size:10.0pt;font-family:&quot;Arial&quot;,&quot;sans-serif&quot;;color:blue\">Moc  o tom nev\u00edm, ale nen\u00ed mi zn\u00e1mo, \u017ee by s n\u011b\u010d\u00edm k\u0161eftovala. Z\u0159izovatel  \u0161koly se, mysl\u00edm, k \u017e\u00e1dosti p\u0159ipojil. Ona z toho nem\u011bla, pokud v\u00edm, ani  korunu. Selektivn\u011b vyb\u00edrala studenty, kter\u00fdm odpou\u0161t\u011bla \u0161koln\u00e9. D\u011blaj\u00ed  to tak v\u0161echny soukrom\u00e9 \u0161koly na sv\u011bt\u011b. T\u0159eba sportovc\u016fm \u010di missk\u00e1m.  Kv\u016fli reklam\u011b a sponzor\u016fm. J\u00e1 o jej\u00edm zlo\u010dinu zas tak moc nev\u00edm (a moc  m\u011b to nezaj\u00edm\u00e1), ale vadou cel\u00e9 debaty o milostech je to, \u017ee si ji lid\u00e9  pletou s odvolac\u00ed instanc\u00ed, jej\u00edm\u017e c\u00edlem je opravit spravedlnost. Nen\u00ed  to tak. A\u017e p\u0159ed V\u00e1mi bude le\u017eet sedm set \u017e\u00e1dost\u00ed, je spr\u00e1vn\u00e9 z nich  vylou\u010dit ty, kter\u00e9 se t\u00fdkaj\u00ed ur\u010dit\u00e9ho okruhu trestn\u00e9 \u010dinnosti? T\u0159eba  sexu\u00e1ln\u00ed delikty? Nebo ozbrojen\u00e9 loupe\u017ee? Nen\u00ed. To s t\u00edm v\u016fbec nem\u00e1 co  d\u011blat. <\/span><span style=\"font-size:12.0pt;font-family:&quot;Times New Roman&quot;,&quot;serif&quot;\"> <\/span><\/div>\n<div>\n<p><span style=\"font-size:12.0pt;font-family:&quot;Times New Roman&quot;,&quot;serif&quot;\"> <\/span><\/div>\n<div>\n<p><span style=\"font-size:10.0pt;font-family:&quot;Arial&quot;,&quot;sans-serif&quot;;color:blue\">A  co se t\u00fd\u010de vlivu snadn\u00e9ho a levn\u00e9ho studov\u00e1n\u00ed: nikdo jin\u00fd ne\u017e V\u00e1clav  Klaus tak \u010dasto neprotestoval proti extenzi po\u010dtu \u0161kol. Ale s t\u00edm se  ned\u00e1 u\u017e nic d\u011blat. Rozhodne jedin\u00e9: uplatnitelnost na trhu pr\u00e1ce. A  jestli trh zjist\u00ed, \u017ee absolventi Akademie missek, prominent\u016f a sportovc\u016f  um\u011bj houby, tak diplom t\u00e9 \u0161koly bude stejn\u011b nanic. A nikdo se na ni  nebude hl\u00e1sit. <\/span><span style=\"font-size:12.0pt;font-family:&quot;Times New Roman&quot;,&quot;serif&quot;\"> <\/span><\/div>\n<div>\n<p><span style=\"font-size:12.0pt;font-family:&quot;Times New Roman&quot;,&quot;serif&quot;\"> <\/span><\/div>\n<p><span style=\"font-size:10.0pt;font-family:&quot;Arial&quot;,&quot;sans-serif&quot;;color:blue\">L. Jakl<br \/>\n<\/span><\/p>\n","protected":false},"excerpt":{"rendered":"<p>(co z toho vylezlo, najdede na str. 2 vyd\u00e1n\u00ed MFD ze dne 5. 3. 012, v \u010dl\u00e1nku jsou v\u00fdroky L.J. ps\u00e1ny mod\u0159e)<\/p>\n","protected":false},"author":1,"featured_media":0,"comment_status":"open","ping_status":"open","sticky":false,"template":"","format":"standard","meta":{"ngg_post_thumbnail":0,"footnotes":""},"categories":[13],"tags":[],"class_list":["post-1566","post","type-post","status-publish","format-standard","hentry","category-rozhovory"],"_links":{"self":[{"href":"https:\/\/www.ladislavjakl.cz\/index.php?rest_route=\/wp\/v2\/posts\/1566","targetHints":{"allow":["GET"]}}],"collection":[{"href":"https:\/\/www.ladislavjakl.cz\/index.php?rest_route=\/wp\/v2\/posts"}],"about":[{"href":"https:\/\/www.ladislavjakl.cz\/index.php?rest_route=\/wp\/v2\/types\/post"}],"author":[{"embeddable":true,"href":"https:\/\/www.ladislavjakl.cz\/index.php?rest_route=\/wp\/v2\/users\/1"}],"replies":[{"embeddable":true,"href":"https:\/\/www.ladislavjakl.cz\/index.php?rest_route=%2Fwp%2Fv2%2Fcomments&post=1566"}],"version-history":[{"count":6,"href":"https:\/\/www.ladislavjakl.cz\/index.php?rest_route=\/wp\/v2\/posts\/1566\/revisions"}],"predecessor-version":[{"id":1585,"href":"https:\/\/www.ladislavjakl.cz\/index.php?rest_route=\/wp\/v2\/posts\/1566\/revisions\/1585"}],"wp:attachment":[{"href":"https:\/\/www.ladislavjakl.cz\/index.php?rest_route=%2Fwp%2Fv2%2Fmedia&parent=1566"}],"wp:term":[{"taxonomy":"category","embeddable":true,"href":"https:\/\/www.ladislavjakl.cz\/index.php?rest_route=%2Fwp%2Fv2%2Fcategories&post=1566"},{"taxonomy":"post_tag","embeddable":true,"href":"https:\/\/www.ladislavjakl.cz\/index.php?rest_route=%2Fwp%2Fv2%2Ftags&post=1566"}],"curies":[{"name":"wp","href":"https:\/\/api.w.org\/{rel}","templated":true}]}}