{"id":1570,"date":"2012-03-06T16:50:38","date_gmt":"2012-03-06T15:50:38","guid":{"rendered":"http:\/\/www.ladislavjakl.cz\/?p=1570"},"modified":"2012-03-06T16:52:39","modified_gmt":"2012-03-06T15:52:39","slug":"obhajoba-cernokneznika-halika","status":"publish","type":"post","link":"https:\/\/www.ladislavjakl.cz\/?p=1570","title":{"rendered":"Obhajoba \u010dernokn\u011b\u017en\u00edka Hal\u00edka"},"content":{"rendered":"<p><img loading=\"lazy\" decoding=\"async\" class=\"ngg-singlepic ngg-center alignleft\" src=\"https:\/\/www.ladislavjakl.cz\/wp-content\/gallery\/cernokneznik\/thumbs\/thumbs_cernokneznik.png\" alt=\"cernokneznik\" width=\"100\" height=\"75\" \/>Ano, i katolick\u00e1 c\u00edrkev m\u00e1 mezi sv\u00fdmi kn\u011b\u017e\u00edmi \u010dern\u00e9 ovce. Jsou jimi homosexu\u00e1ln\u00ed pedofilov\u00e9 nebo lid\u00e9 prosycen\u00ed nen\u00e1vist\u00ed.<\/p>\n<p><!--more--><\/p>\n<p>N\u011bkte\u0159\u00ed lid\u00e9 mi \u0159\u00edkali, \u017ee pater Hal\u00edk reprezentuje ob\u011b skupiny. V tom bych se ho  cht\u011bl zastat, proto\u017ee mi p\u0159ed \u010dasem jedna m\u00e1 zn\u00e1m\u00e1 popisovala, jak vid\u011bla na ulici patera Hal\u00edka mlsn\u011b se ohl\u00ed\u017eej\u00edc\u00edho po dosp\u011bl\u00e9 \u017een\u011b v minisukni.<\/p>\n<p>L. J.<\/p>\nngg_shortcode_0_placeholder\n","protected":false},"excerpt":{"rendered":"<p>Ano, i katolick\u00e1 c\u00edrkev m\u00e1 mezi sv\u00fdmi kn\u011b\u017e\u00edmi \u010dern\u00e9 ovce. Jsou jimi homosexu\u00e1ln\u00ed pedofilov\u00e9 nebo lid\u00e9 prosycen\u00ed nen\u00e1vist\u00ed.<\/p>\n","protected":false},"author":1,"featured_media":0,"comment_status":"open","ping_status":"open","sticky":false,"template":"","format":"standard","meta":{"ngg_post_thumbnail":0,"footnotes":""},"categories":[6],"tags":[],"class_list":["post-1570","post","type-post","status-publish","format-standard","hentry","category-co-jsem-nerekl"],"_links":{"self":[{"href":"https:\/\/www.ladislavjakl.cz\/index.php?rest_route=\/wp\/v2\/posts\/1570","targetHints":{"allow":["GET"]}}],"collection":[{"href":"https:\/\/www.ladislavjakl.cz\/index.php?rest_route=\/wp\/v2\/posts"}],"about":[{"href":"https:\/\/www.ladislavjakl.cz\/index.php?rest_route=\/wp\/v2\/types\/post"}],"author":[{"embeddable":true,"href":"https:\/\/www.ladislavjakl.cz\/index.php?rest_route=\/wp\/v2\/users\/1"}],"replies":[{"embeddable":true,"href":"https:\/\/www.ladislavjakl.cz\/index.php?rest_route=%2Fwp%2Fv2%2Fcomments&post=1570"}],"version-history":[{"count":3,"href":"https:\/\/www.ladislavjakl.cz\/index.php?rest_route=\/wp\/v2\/posts\/1570\/revisions"}],"predecessor-version":[{"id":1589,"href":"https:\/\/www.ladislavjakl.cz\/index.php?rest_route=\/wp\/v2\/posts\/1570\/revisions\/1589"}],"wp:attachment":[{"href":"https:\/\/www.ladislavjakl.cz\/index.php?rest_route=%2Fwp%2Fv2%2Fmedia&parent=1570"}],"wp:term":[{"taxonomy":"category","embeddable":true,"href":"https:\/\/www.ladislavjakl.cz\/index.php?rest_route=%2Fwp%2Fv2%2Fcategories&post=1570"},{"taxonomy":"post_tag","embeddable":true,"href":"https:\/\/www.ladislavjakl.cz\/index.php?rest_route=%2Fwp%2Fv2%2Ftags&post=1570"}],"curies":[{"name":"wp","href":"https:\/\/api.w.org\/{rel}","templated":true}]}}