{"id":1590,"date":"2012-03-07T15:20:20","date_gmt":"2012-03-07T14:20:20","guid":{"rendered":"http:\/\/www.ladislavjakl.cz\/?p=1590"},"modified":"2012-03-07T15:20:20","modified_gmt":"2012-03-07T14:20:20","slug":"ta-mlada-fronta-je-jedina-ktera-to-hraje-s-nama","status":"publish","type":"post","link":"https:\/\/www.ladislavjakl.cz\/?p=1590","title":{"rendered":"Ta Mlad\u00e1 fronta je jedin\u00e1, kter\u00e1 to hraje s n\u00e1ma"},"content":{"rendered":"<p><span style=\"font-size:10.0pt;font-family:&quot;Arial&quot;,&quot;sans-serif&quot;;color:blue\">Z dal\u0161\u00ed korespondence s Mladou frontou&#8230; <\/span><\/p>\n<p><span style=\"font-size:10.0pt;font-family:&quot;Arial&quot;,&quot;sans-serif&quot;;color:blue\"><!--more--><br \/>\n<\/span><\/p>\n<p><span style=\"font-size:10.0pt;font-family:&quot;Arial&quot;,&quot;sans-serif&quot;;color:blue\"> <\/span><\/p>\n<div style=\"text-align:center\"><span style=\"font-size:10.0pt;font-family:&quot;Arial&quot;,&quot;sans-serif&quot;;color:blue\"><\/p>\n<hr \/>\n<p><\/span><\/div>\n<p style=\"margin-bottom:12.0pt\"><strong><span style=\"font-size:10.0pt;font-family:&quot;Tahoma&quot;,&quot;sans-serif&quot;;color:blue\">From:<\/span><\/strong><span style=\"font-size:10.0pt;font-family:&quot;Tahoma&quot;,&quot;sans-serif&quot;;color:blue\"> Dolejsi Vaclav [<a href=\"http:\/\/email.seznam.cz\/newMessageScreen?sessionId=&amp;to=mailto%3aVaclav%2eDolejsi%40mfdnes%2ecz\" target=\"_blank\">mailto:Vaclav.Dolejsi@mfdnes.cz<\/a>]<br \/>\n<strong>Sent:<\/strong> Tuesday, March 06, 2012 3:42 PM<br \/>\n<strong>To:<\/strong> Jakl Ladislav<br \/>\n<strong>Subject:<\/strong> RE: MF DNES pros\u00ed<\/span><span style=\"font-size:10.0pt;font-family:&quot;Arial&quot;,&quot;sans-serif&quot;;color:blue\"> <\/span><\/p>\n<p><span style=\"color: #000000;\">Dobr\u00fd den, <\/span><\/p>\n<p><span style=\"color: #000000;\">mohu  se v\u00e1s zeptat, jak vn\u00edm\u00e1te \u00a0sou\u010dasn\u00fd soud s poslancem VV V\u00edtem B\u00e1rtou?  Jako politick\u00fd proces (\u0161lo o d\u011bn\u00ed uvnit\u0159 poslaneck\u00e9ho klubu), \u010di jako  soud s ob\u017ealovan\u00fdm korup\u010dn\u00edkem? <\/span><\/p>\n<p><span style=\"color: #000000;\">Zdrav\u00ed a d\u011bkuje VD <\/span><\/p>\n<p><span style=\"font-size:12.0pt;font-family:&quot;Times New Roman&quot;,&quot;serif&quot;\"> <\/span><\/p>\n<div style=\"text-align:center\"><span style=\"font-size:12.0pt;font-family:&quot;Times New Roman&quot;,&quot;serif&quot;\"><\/p>\n<hr \/>\n<p><\/span><\/div>\n<p style=\"margin-bottom:12.0pt\"><strong><span style=\"font-size:10.0pt;font-family:&quot;Tahoma&quot;,&quot;sans-serif&quot;\">From:<\/span><\/strong><span style=\"font-size:10.0pt;font-family:&quot;Tahoma&quot;,&quot;sans-serif&quot;\"> Jakl Ladislav<br \/>\n<strong>Sent:<\/strong> Tuesday, March 06, 2012 4:02 PM<br \/>\n<strong>To:<\/strong> &#8218;Dolejsi Vaclav&#8216;<br \/>\n<strong>Subject:<\/strong> RE: MF DNES pros\u00ed<\/span><span style=\"font-size:12.0pt;font-family:&quot;Times New Roman&quot;,&quot;serif&quot;\"> <\/span><\/p>\n<p><span style=\"font-size:12.0pt;font-family:&quot;Times New Roman&quot;,&quot;serif&quot;;color:blue\">Dobr\u00fd den.<\/span><span style=\"font-size:12.0pt;font-family:&quot;Times New Roman&quot;,&quot;serif&quot;\"> <\/span><\/p>\n<p><span style=\"font-size:12.0pt;font-family:&quot;Times New Roman&quot;,&quot;serif&quot;;color:blue\">Soud  s b\u00fdval\u00fdm poslancem VV Jaroslavem \u0160k\u00e1rkou nijak speci\u00e1ln\u011b nevn\u00edm\u00e1m.  Zato vn\u00edm\u00e1m zcela ostudnou roli Mlad\u00e9 fronty Dnes v tomto p\u0159\u00edb\u011bhu.  Ostatn\u011b, v\u00fdmluvn\u011b to \u0159ekla poslankyn\u011b Ko\u010d\u00ed &#8222;Ta Mlad\u00e1 fronta je jedin\u00e1,  kter\u00e1 to hraje s n\u00e1ma.&#8220; A p\u0159esn\u011b tak vypad\u00e1 zpravodajstv\u00ed MFD v t\u00e9to  v\u011bci i dnes. Loni mi novin\u00e1\u0159ka MFD Bla\u017ekov\u00e1 ozn\u00e1mila, \u017ee pan B\u00e1rta  sledoval m\u016fj telefon. Ne jako podez\u0159en\u00ed, ozn\u00e1mila mi to jako hotovou  v\u011bc. Kdy\u017e to tak dob\u0159e MFD v\u00ed, pro\u010d o tom za cel\u00fd rok nic nenapsala?  Proto\u017ee to nev\u00ed, jen cht\u011bla, abych si to myslel. Proto\u017ee d\u011blat noviny je  \u00fapln\u011b vedlej\u0161\u00ed produkt t\u00e9to redakce. Hlavn\u00edm produktem je &#8222;hr\u00e1t to&#8220; s  n\u011bk\u00fdm a proti n\u011bkomu. J\u00e1 to s v\u00e1mi hr\u00e1t nebudu.<\/span><span style=\"font-size:12.0pt;font-family:&quot;Times New Roman&quot;,&quot;serif&quot;\"> <\/span><\/p>\n<p><span style=\"font-size:12.0pt;font-family:&quot;Times New Roman&quot;,&quot;serif&quot;;color:blue\">L. Jakl<br \/>\n<\/span><\/p>\n","protected":false},"excerpt":{"rendered":"<p>Z dal\u0161\u00ed korespondence s Mladou frontou&#8230;<\/p>\n","protected":false},"author":1,"featured_media":0,"comment_status":"open","ping_status":"open","sticky":false,"template":"","format":"standard","meta":{"ngg_post_thumbnail":0,"footnotes":""},"categories":[13],"tags":[],"class_list":["post-1590","post","type-post","status-publish","format-standard","hentry","category-rozhovory"],"_links":{"self":[{"href":"https:\/\/www.ladislavjakl.cz\/index.php?rest_route=\/wp\/v2\/posts\/1590","targetHints":{"allow":["GET"]}}],"collection":[{"href":"https:\/\/www.ladislavjakl.cz\/index.php?rest_route=\/wp\/v2\/posts"}],"about":[{"href":"https:\/\/www.ladislavjakl.cz\/index.php?rest_route=\/wp\/v2\/types\/post"}],"author":[{"embeddable":true,"href":"https:\/\/www.ladislavjakl.cz\/index.php?rest_route=\/wp\/v2\/users\/1"}],"replies":[{"embeddable":true,"href":"https:\/\/www.ladislavjakl.cz\/index.php?rest_route=%2Fwp%2Fv2%2Fcomments&post=1590"}],"version-history":[{"count":1,"href":"https:\/\/www.ladislavjakl.cz\/index.php?rest_route=\/wp\/v2\/posts\/1590\/revisions"}],"predecessor-version":[{"id":1591,"href":"https:\/\/www.ladislavjakl.cz\/index.php?rest_route=\/wp\/v2\/posts\/1590\/revisions\/1591"}],"wp:attachment":[{"href":"https:\/\/www.ladislavjakl.cz\/index.php?rest_route=%2Fwp%2Fv2%2Fmedia&parent=1590"}],"wp:term":[{"taxonomy":"category","embeddable":true,"href":"https:\/\/www.ladislavjakl.cz\/index.php?rest_route=%2Fwp%2Fv2%2Fcategories&post=1590"},{"taxonomy":"post_tag","embeddable":true,"href":"https:\/\/www.ladislavjakl.cz\/index.php?rest_route=%2Fwp%2Fv2%2Ftags&post=1590"}],"curies":[{"name":"wp","href":"https:\/\/api.w.org\/{rel}","templated":true}]}}