{"id":1598,"date":"2012-03-12T14:33:41","date_gmt":"2012-03-12T13:33:41","guid":{"rendered":"http:\/\/www.ladislavjakl.cz\/?p=1598"},"modified":"2012-03-12T14:33:41","modified_gmt":"2012-03-12T13:33:41","slug":"ladislav-jakl-v-poradu-udalosti-komentare-ceske-televize-na-tema-posledni-rok-vaclava-klause-na-hrade-7-3-2012","status":"publish","type":"post","link":"https:\/\/www.ladislavjakl.cz\/?p=1598","title":{"rendered":"Ladislav Jakl v po\u0159adu Ud\u00e1losti, koment\u00e1\u0159e \u010cesk\u00e9 televize na t\u00e9ma posledn\u00ed rok V\u00e1clava Klause na Hrad\u011b   7. 3. 2012"},"content":{"rendered":"<p>V\u00e1clav Klaus &#8211; rok des\u00e1t\u00fd Zdroj:\u00a0\u010cT  24 Datum:\u00a007.03.2012 Relace:\u00a0Ud\u00e1losti, koment\u00e1\u0159e<\/p>\n<p><!--more--><\/p>\n<p><strong>Jakub \u017dELEZN\u00dd, moder\u00e1tor:<br \/>\n<\/strong>P\u0159esn\u011b rok zb\u00fdv\u00e1 do okam\u017eiku, kdy V\u00e1clavu Klausovi vypr\u0161\u00ed druh\u00e9 a tedy posledn\u00ed prezidentsk\u00e9 obdob\u00ed. Prezident republiky dne\u0161ek vyu\u017eil k p\u0159edstaven\u00ed tradi\u010dn\u00ed, v po\u0159ad\u00ed u\u017e 9. sb\u00edrky projev\u016f, \u010dl\u00e1nk\u016f a koment\u00e1\u0159\u016f mapuj\u00edc\u00ed jeho uplynul\u00fd rok. Podle hlavy st\u00e1tu nebyl ten rok pro \u010cesko, ale ani pro Evropskou unii p\u0159\u00edli\u0161 \u0161\u0165astn\u00fdm.<\/p>\n<p><strong>Vladim\u00edr KEBL\u00da\u0160EK, redaktor:<br \/>\n<\/strong>Je to p\u0159esn\u011b 9 let od okam\u017eiku, kdy byl poprv\u00e9 V\u00e1clav  Klaus uveden do funkce prezidenta republiky. Od t\u00e9 doby ka\u017ed\u00fd rok vyd\u00e1v\u00e1 knihu mapuj\u00edc\u00ed 12 m\u011bs\u00edc\u016f jeho \u017eivota. Letos je to rok dev\u00e1t\u00fd.<\/p>\n<p><strong>V\u00e1clav KLAUS, prezident \u010cesk\u00e9 republiky:<br \/>\n<\/strong>V\u0161echny v\u00fdznamn\u00e9 v\u011bci, kter\u00e9 se v tu chv\u00edli odehr\u00e1valy, spory, kter\u00e9 zde byly vedeny, politick\u00e9 a taky kter\u00e9 prob\u00edhaly, to tam tak \u010di onak v m\u00fdch reakc\u00edch odra\u017eeno je.<\/p>\n<p><strong>redaktorka:<br \/>\n<\/strong>Politick\u00e1 situace.<\/p>\n<p><strong>Vladim\u00edr KEBL\u00da\u0160EK, redaktor:<br \/>\n<\/strong>V \u010dl\u00e1nc\u00edch a koment\u00e1\u0159\u00edch m\u00e1 pr\u00e1v\u011b d\u011bn\u00ed na dom\u00e1c\u00ed politick\u00e9 sc\u00e9n\u011b velk\u00fd prostor. Krom\u011b rozh\u00e1dan\u00fdch politik\u016f se prezident op\u00edr\u00e1 i do protestuj\u00edc\u00edch l\u00e9ka\u0159\u016f nebo pilot\u016f.<\/p>\n<p><strong>redaktor \/citace z knihy V\u00e1clava Klause\/:<br \/>\n<\/strong>&#8222;U n\u00e1s si nep\u0159etr\u017eit\u011b podkop\u00e1v\u00e1me vnit\u0159n\u00ed soudr\u017enost zem\u011b, n\u00e1rodn\u00ed pospolitost, schopnost j\u00edt spole\u010dn\u011b za ur\u010dit\u00fdm c\u00edlem, permanentn\u00edm rozh\u00e1d\u00e1v\u00e1n\u00edm na\u0161\u00ed politick\u00e9 sc\u00e9ny &#8230;&#8220;<\/p>\n<p><strong>Petr NE\u010cAS, p\u0159edseda vl\u00e1dy \/ODS\/:<br \/>\n<\/strong>Zklidn\u011bn\u00ed politick\u00e9 sc\u00e9ny by bylo, by bylo \u017e\u00e1douc\u00ed, bylo by p\u011bkn\u00e9. Nakolik je realistick\u00e9, to nedok\u00e1\u017ei \u0159\u00edct.<\/p>\n<p><strong>redaktorka:<br \/>\n<\/strong>Evropsk\u00e1 unie.<\/p>\n<p><strong>Vladim\u00edr KEBL\u00da\u0160EK, redaktor:<br \/>\n<\/strong>Prezident se ve sv\u00e9 knize nevyhl ani kritice Evropsk\u00e9 unie, ke kter\u00e9 se dlouhodob\u011b negativn\u011b vyjad\u0159uje.<\/p>\n<p><strong>redaktor \/citace z knihy V\u00e1clava Klause\/:<br \/>\n<\/strong>&#8222;Evropa je extr\u00e9mn\u00edm p\u0159\u00edpadem cel\u00e9ho Z\u00e1padu, kter\u00fd si tak\u00e9 namlouv\u00e1, \u017ee je v\u00fdjime\u010dn\u00fd a \u017ee si zaslou\u017e\u00ed b\u00fdt n\u00e1vodem pro zbytek sv\u011bta.&#8220;<\/p>\n<p><strong>Vladim\u00edr KEBL\u00da\u0160EK, redaktor:<br \/>\n<\/strong>Sou\u010dasnou krizi p\u0159irovn\u00e1v\u00e1 k p\u00e1du \u0159\u00edmsk\u00e9 \u0159\u00ed\u0161e na konci 5. stolet\u00ed. I ona pr\u00fd padla vinou ekonomick\u00e9 krize.<\/p>\n<p><strong>Martin KOV\u00c1\u0158, \u0159editel \u00dastavu sv\u011btov\u00fdch d\u011bjin FF UK:<br \/>\n<\/strong>Ta rychlost, s jakou p\u0159estala b\u00fdt Z\u00e1pado\u0159\u00edmsk\u00e1 \u0159\u00ed\u0161e garantem solidn\u00ed existence sv\u00fdch ob\u010dan\u016f a tak d\u00e1le a jak se tak\u0159ka p\u0159ed o\u010dima hroutila t\u011bm lidem, kte\u0159\u00ed tehdy \u017eili, tak to je v porovn\u00e1n\u00ed s t\u00edm dne\u0161kem, to se, ono se to opravdu hodn\u011b nab\u00edz\u00ed.<\/p>\n<p><strong>Vladim\u00edr KEBL\u00da\u0160EK, redaktor:<br \/>\n<\/strong>Posledn\u00ed kniha dopln\u00ed s\u00e9rii p\u0159\u00ed\u0161t\u00ed rok. O tom, \u017ee by byl rok 2012 klidn\u011bj\u0161\u00ed, ale prezident pochybuje.<\/p>\n<p><strong>V\u00e1clav KLAUS, prezident \u010cesk\u00e9 republiky:<br \/>\n<\/strong>N\u011bkte\u0159\u00ed jak doma, tak v Evrop\u011b z\u016fst\u00e1vaj\u00ed hluch\u00fdmi i nad\u00e1le.<\/p>\n<p><strong>Jakub \u017dELEZN\u00dd, moder\u00e1tor:<br \/>\n<\/strong>Hosty jsou Ladislav Jakl, bl\u00edzk\u00fd spolupracovn\u00edk prezidenta V\u00e1clava Klause a \u0159editel politick\u00e9ho odboru prezidentsk\u00e9 kancel\u00e1\u0159e. Pane Jakle, dobr\u00fd ve\u010der.<\/p>\n<p><strong>Ladislav JAKL, \u0159editel politick\u00e9ho odboru prezidentsk\u00e9 kancel\u00e1\u0159e:<br \/>\n<\/strong>Dobr\u00fd ve\u010der z pra\u017esk\u00e9 Folimanky.<\/p>\n<p><strong>Jakub \u017dELEZN\u00dd, moder\u00e1tor:<br \/>\n<\/strong>A ve studiu je Petr Havl\u00edk, n\u011bkdej\u0161\u00ed bl\u00edzk\u00fd spolupracovn\u00edk p\u0159edsedy ODS V\u00e1clava Klause. I v\u00e1m p\u0159eji dobr\u00fd ve\u010der, pane Havl\u00edku.<\/p>\n<p><strong>Petr HAVL\u00cdK, spoluzakladatel ODS:<br \/>\n<\/strong>Dobr\u00fd ve\u010der.<\/p>\n<p><strong>Jakub \u017dELEZN\u00dd, moder\u00e1tor:<br \/>\n<\/strong>P\u00e1nov\u00e9, jak\u00fd bude posledn\u00ed rok V\u00e1clava Klause v \u00fa\u0159adu prezidenta, tedy ten rok, kter\u00fd pr\u00e1v\u011b dnes za\u010d\u00edn\u00e1? Pane Jakle?<\/p>\n<p><strong>Ladislav JAKL, \u0159editel politick\u00e9ho odboru prezidentsk\u00e9 kancel\u00e1\u0159e:<br \/>\n<\/strong>Tak j\u00e1 samoz\u0159ejm\u011b nejsem jasnovidec a nev\u00edm, co nadch\u00e1zej\u00edc\u00edch 12 m\u011bs\u00edc\u016f p\u0159inese v \u017eivot\u011b, ve spole\u010dnosti, na na\u0161\u00ed politick\u00e9 sc\u00e9n\u011b a ve sv\u011btov\u00e9 situaci. Ale jinak si mysl\u00edm, \u017ee v pr\u00e1ci pana prezidenta V\u00e1clava Klause nic z\u00e1sadn\u00edho nov\u00e9ho nep\u0159inese. J\u00e1 si mysl\u00edm, \u017ee pan prezident bude nad\u00e1le d\u011blat co nejl\u00e9pe ka\u017ed\u00fd den svoji pr\u00e1ci zp\u016fsobem, o kter\u00e9m je p\u0159esv\u011bd\u010den, \u017ee slou\u017e\u00ed ku prosp\u011bchu \u010cesk\u00e9 republiky a jej\u00edch obyvatel a nep\u0159edpokl\u00e1d\u00e1m, \u017ee by najednou se zm\u011bnil v n\u011bkoho jin\u00e9ho a za\u010dal se chovat n\u011bjak z\u00e1sadn\u011b jinak.<\/p>\n<p><strong>Jakub \u017dELEZN\u00dd, moder\u00e1tor:<br \/>\n<\/strong>Pane Havl\u00edku, stejn\u00e1 ot\u00e1zka na v\u00e1s, jak\u00fd bude ten rok, kter\u00fd mo\u017en\u00e1 hodn\u011b napov\u00ed o tom, jak\u00fd odkaz s sebou z politiky, z velk\u00e9 politiky V\u00e1clav  Klaus bude odn\u00e1\u0161et?<\/p>\n<p><strong>Petr HAVL\u00cdK, spoluzakladatel ODS:<br \/>\n<\/strong>Tak j\u00e1 mysl\u00edm, \u017ee nejde jenom o ten posledn\u00ed rok. My vlastn\u011b u\u017e asi ten posledn\u00ed rok tak\u00e9 budeme bilancovat celou tu \u00e9ru, celou tu etapu bohat\u00e9 kari\u00e9ry, politick\u00e9 kari\u00e9ry V\u00e1clava Klause. Jist\u00e9 je, \u017ee je jedn\u00edm z t\u011bch symbol\u016f t\u011bch uplynul\u00fdch dvou dek\u00e1d. A ot\u00e1zka bude samoz\u0159ejm\u011b, jak\u00fd ten symbol pak ve skute\u010dnosti bude. Kdy\u017e jsem se tedy dozv\u011bd\u011bl, \u017ee tady budeme dva host\u00e9, tak p\u0159edpokl\u00e1d\u00e1m, \u017ee pan Jakl tady zastupuje ten Hrad, j\u00e1 jsem tady ten hlas z podhrad\u00ed a ur\u010dit\u011b se neshodneme \u00fapln\u011b na v\u0161em. Tak\u017ee nechci se pou\u0161t\u011bt do takov\u00fdch t\u011bch ban\u00e1ln\u00edch jednoduchost\u00ed, \u017ee ten rok bude jako ka\u017ed\u00fd jin\u00fd a \u017ee V\u00e1clav  Klaus se nezm\u011bn\u00ed, to by bylo asi m\u00e1lo.<\/p>\n<p><strong>Jakub \u017dELEZN\u00dd, moder\u00e1tor:<br \/>\n<\/strong>Na druhou stranu ale asi to tak n\u011bjak plus minus bude.<\/p>\n<p><strong>Petr HAVL\u00cdK, spoluzakladatel ODS:<br \/>\n<\/strong>Asi to tak n\u011bjak plus minus bude, mysl\u00edm si, \u017ee V\u00e1clava Klause t\u011b\u017eko n\u011bkdo p\u0159evychov\u00e1 ze dne na den.<\/p>\n<p><strong>Jakub \u017dELEZN\u00dd, moder\u00e1tor:<br \/>\n<\/strong>Pan prezident vyu\u017eil dneska to p\u0159edstaven\u00ed sv\u00e9 p\u0159edposledn\u00ed prezidentsk\u00e9 knihy pochopiteln\u011b i ke komentov\u00e1n\u00ed aktu\u00e1ln\u00edch v\u011bc\u00ed, t\u0159eba i prob\u00edhaj\u00edc\u00edho soudn\u00edho procesu v kauze V\u011bc\u00ed ve\u0159ejn\u00fdch. Mimochodem t\u0159et\u00edmu dni projedn\u00e1v\u00e1n\u00ed t\u00e9to v\u011bci jsme se p\u0159ed chv\u00edl\u00ed v\u011bnovali v Ud\u00e1lostech, koment\u00e1\u0159\u00edch.<\/p>\n<p><strong>V\u00e1clav KLAUS, prezident \u010cesk\u00e9 republiky:<br \/>\n<\/strong>Je to ne\u0161\u0165astn\u00e1 v\u011bc, je to reality show v p\u0159\u00edm\u00e9m p\u0159enosu, do kter\u00e9ho se plete v\u0161echno mo\u017en\u00e9 i nemo\u017en\u00e9, v\u0161echno maj\u00edc\u00ed souvislost s n\u011bjakou potenci\u00e1ln\u00ed trestn\u00ed \u010dinnost\u00ed a s obecnou, s obecnou politikou. V ka\u017ed\u00e9m p\u0159\u00edpad\u011b je to ni\u010div\u00fd prvek v\u016f\u010di politick\u00e9mu syst\u00e9mu v \u010cesk\u00e9 republice, je to v\u011bc nesm\u00edrn\u011b riskantn\u00ed a n\u00e1s v ka\u017ed\u00e9m p\u0159\u00edpad\u011b v\u0161echny dohromady z\u00e1sadn\u00edm zp\u016fsobem po\u0161kozuj\u00edc\u00ed.<\/p>\n<p><strong>Jakub \u017dELEZN\u00dd, moder\u00e1tor:<br \/>\n<\/strong>Pane Jakle, pro\u010d pan prezident \u0159\u00edkal, \u017ee je to reality show v p\u0159\u00edm\u00e9m p\u0159enosu?<\/p>\n<p><strong>Ladislav JAKL, \u0159editel politick\u00e9ho odboru prezidentsk\u00e9 kancel\u00e1\u0159e:<br \/>\n<\/strong>Proto\u017ee to uznal za vhodn\u00e9.<\/p>\n<p><strong>Jakub \u017dELEZN\u00dd, moder\u00e1tor:<br \/>\n<\/strong>Zkuste to je\u0161t\u011b n\u011bjak dovysv\u011btlit. J\u00e1 t\u0159eba si pomohu v\u00fdrokem pana soudce \u0160otta, kter\u00fd o t\u00e9 \u00fadajn\u00e9 \u00faplatk\u00e1\u0159sk\u00e9 af\u00e9\u0159e rozhoduje. On \u0159ekl serveru Lidovky.cz, \u017ee nev\u00ed, zda panu prezidentovi vad\u00ed, \u017ee soudn\u00ed \u0159\u00edzen\u00ed v\u016fbec prob\u00edh\u00e1, anebo zda mu vad\u00ed ty form\u00e1ln\u00ed v\u011bci, tedy to, \u017ee tomu \u0159\u00edzen\u00ed je p\u0159\u00edtomna ve\u0159ejnost. Pane Jakle?<\/p>\n<p><strong>Ladislav JAKL, \u0159editel politick\u00e9ho odboru prezidentsk\u00e9 kancel\u00e1\u0159e:<br \/>\n<\/strong>J\u00e1 to taky nev\u00edm, pane redaktore. Mo\u017en\u00e1 se budete divit, ale j\u00e1 nesed\u00edm v Klausov\u011b hlav\u011b. V\u00edm, \u017ee \u010dasto slou\u017e\u00edm jako n\u00e1hradn\u00ed ter\u010d a novin\u00e1\u0159i jako vy se m\u011b ptaj\u00ed, co t\u00edm a t\u00edm pan prezident myslel. J\u00e1 to nev\u00edm, mysl\u00edm, \u017ee on mluv\u00ed s\u00e1m za sebe a nen\u00ed t\u0159eba jeho slova p\u0159ekl\u00e1dat z \u010de\u0161tiny do \u010de\u0161tiny. J\u00e1 v\u00e1m m\u016f\u017eu \u0159\u00edct, co si o v\u011bci mysl\u00edm j\u00e1. Mysl\u00edm, \u017ee ka\u017ed\u00fd soud &#8211; i tento soud &#8211; jist\u011b prob\u00edh\u00e1 podle stanoven\u00fdch pravidel a t\u011b\u017eko je n\u011bjak komentovat. Na druhou stranu si mysl\u00edm, \u017ee medi\u00e1ln\u00ed karneval, kter\u00fd to online v re\u00e1ln\u00e9m \u010dase zprost\u0159edkov\u00e1v\u00e1 a interpretuje, bude jednou student\u016fm novin\u00e1\u0159sk\u00fdch \u0161kol slou\u017eit jako odstra\u0161uj\u00edc\u00ed p\u0159\u00edklad.<\/p>\n<p><strong>Jakub \u017dELEZN\u00dd, moder\u00e1tor:<br \/>\n<\/strong>Pane Havl\u00edku, v\u00e1\u0161 n\u00e1zor na ten soud, i na koment\u00e1\u0159 pana prezidenta k n\u011bmu, pop\u0159\u00edpad\u011b i na koment\u00e1\u0159 pana Jakla k n\u011bmu?<\/p>\n<p><strong>Petr HAVL\u00cdK, spoluzakladatel ODS:<br \/>\n<\/strong>J\u00e1 mysl\u00edm, \u017ee se pan prezident, zvl\u00e1\u0161t\u011b v posledn\u00edm obdob\u00ed dopou\u0161t\u00ed v\u00fdrok\u016f, kter\u00e9 jsou jemn\u011b \u0159e\u010deno na hran\u011b. Nemysl\u00edm si, \u017ee je spr\u00e1vn\u00e9 od prezidenta republiky vstupovat do zapo\u010dat\u00e9ho soudn\u00edho jedn\u00e1n\u00ed n\u011bjak\u00fdm p\u0159\u00edkr\u00fdm koment\u00e1\u0159em &#8230;<\/p>\n<p><strong>Jakub \u017dELEZN\u00dd, moder\u00e1tor:<br \/>\n<\/strong>Po\u010dkejte, tak on zase nevstoupil do toho jedn\u00e1n\u00ed, on prost\u011b komentoval ten soud, pro\u010d by nemohl komentovat kdokoliv soud?<\/p>\n<p><strong>Petr HAVL\u00cdK, spoluzakladatel ODS:<br \/>\n<\/strong>Jasn\u011b, ale pokud pou\u017eiju slovo reality show, j\u00e1 mysl\u00edm, \u017ee reality show je p\u016fsoben\u00ed V\u011bc\u00ed ve\u0159ejn\u00fdch od t\u00e9 chv\u00edle, co se objevily na \u010desk\u00e9 politick\u00e9 sc\u00e9n\u011b. J\u00e1 jsem to v\u017edy pova\u017eoval za karikaturu \u010desk\u00e9 politiky. A my se jenom dneska d\u00edv\u00e1me tro\u0161ku podrobn\u011bji do toho podpaluj\u00ed. A je to jenom dal\u0161\u00ed d\u016fkaz t\u00e9 bulvarizace \u010desk\u00e9 politiky, devastace \u00fapln\u011b element\u00e1rn\u00edch hodnot. Tak\u017ee ta politika bohu\u017eel nem\u00e1 jenom ten nemravn\u00fd rozm\u011br, \u017ee se spousta t\u011bch politick\u00fdch p\u0159edstavitel\u016f vlastn\u011b diskvalifikovala v p\u0159\u00edm\u00e9m p\u0159enosu. Ona bohu\u017eel taky m\u00e1 ten rozm\u011br t\u00e9 nekompetentnosti. Tak\u017ee ti lid\u00e9, kte\u0159\u00ed vlastn\u011b spravuj\u00ed na\u0161e prost\u0159edky nebo ve\u0159ejn\u00e9 zdroje, tak by m\u011bli m\u00edt aspo\u0148 element\u00e1rn\u00ed erudici, \u017eivotn\u00ed zku\u0161enosti. Pak bychom se mo\u017en\u00e1 nedo\u010dkali takov\u00e9ho soudn\u00edho projedn\u00e1v\u00e1n\u00ed, kter\u00e9 te\u010f sledujeme.<\/p>\n<p><strong>Jakub \u017dELEZN\u00dd, moder\u00e1tor:<br \/>\n<\/strong>Poj\u010fme, p\u00e1nov\u00e9, k dal\u0161\u00edm t\u00e9mat\u016fm, kter\u00e1 se dnes tak n\u011bjak objevila kolem prezidenta republiky V\u00e1clava Klause. Docela zaj\u00edmav\u00fd \u010dl\u00e1nek p\u0159inesl den\u00edk Die Welt, kter\u00fd napsal, \u017ee prezident\u016fv poradce, pan Payne uvedl, \u017ee V\u00e1clav  Klaus chce Evropskou unii rozb\u00edt, tedy \u017ee to je jeho ambice. Pane Jakle, v\u00edm, \u017ee mi asi zase \u0159eknete, \u017ee nejste v hlav\u011b pana prezidenta, ale pros\u00edm v\u00e1s o koment\u00e1\u0159 k tomuto n\u00e1zoru pana Payna a tedy k t\u011bm ambic\u00edm pana prezidenta Klause sm\u011brem k Evropsk\u00e9 unii, j\u00edm\u017e je, a to &#8230;, nebo j\u00edm\u017e je, a to nen\u00ed \u017e\u00e1dn\u00e9 tajemstv\u00ed, dlouhodob\u00fdm kritikem.<\/p>\n<p><strong>Ladislav JAKL, \u0159editel politick\u00e9ho odboru prezidentsk\u00e9 kancel\u00e1\u0159e:<br \/>\n<\/strong>J\u00e1 nev\u00edm, jestli cht\u011bn\u011b nebo necht\u011bn\u011b, ale patrn\u011b n\u011bkdo slova pana Payna \u0161patn\u011b p\u0159elo\u017eil do n\u011bm\u010diny. V onom rozhovoru pro dne\u0161n\u00ed Pr\u00e1vo pan Payne nic takov\u00e9ho ne\u0159\u00edk\u00e1.<\/p>\n<p><strong>Jakub \u017dELEZN\u00dd, moder\u00e1tor:<br \/>\n<\/strong>\u010cili pt\u00e1t se v\u00e1s na to, jestli ambice pana prezidenta Klause a t\u0159eba jeho spolupracovn\u00edk\u016f sm\u011b\u0159uje k n\u011b\u010demu, co by se dala nazvat rozbit\u00edm Evropsk\u00e9 unie, \u017ee tahle ot\u00e1zka je zcela irelevantn\u00ed?<\/p>\n<p><strong>Ladislav JAKL, \u0159editel politick\u00e9ho odboru prezidentsk\u00e9 kancel\u00e1\u0159e:<br \/>\n<\/strong>J\u00e1 nev\u00edm, tak t\u0159eba se m\u011b zeptejte, co bych d\u011blal, kdyby v\u00e1m z b\u0159icha vylezla t\u0159et\u00ed hlava. Je mo\u017en\u00e9 spekulovat na leccos, ale j\u00e1 nev\u00edm, pro\u010d bych se m\u011bl zam\u00fd\u0161let nad pitomostmi, kter\u00e9 nemaj\u00ed \u017e\u00e1dn\u00fd re\u00e1ln\u00fd z\u00e1klad.<\/p>\n<p><strong>Jakub \u017dELEZN\u00dd, moder\u00e1tor:<br \/>\n<\/strong>No, j\u00e1 se jenom pt\u00e1m, pane Jakle, j\u00e1 jsem si to nevymyslel. Jak\u00fdm sm\u011brem se podle v\u00e1s, pane Hol\u00edku, bude ub\u00edrat V\u00e1clav Klaus v ot\u00e1zk\u00e1ch EU po odchodu z Hradu?<\/p>\n<p><strong>Petr HAVL\u00cdK, spoluzakladatel ODS:<br \/>\n<\/strong>Tak j\u00e1 mysl\u00edm, \u017ee V\u00e1clav Klaus je v tomto celkem konzistentn\u00ed. Ot\u00e1zka je, jestli je to dob\u0159e, nebo \u0161patn\u011b.<\/p>\n<p><strong>Jakub \u017dELEZN\u00dd, moder\u00e1tor:<br \/>\n<\/strong>Po\u010dkejte, co je nelegitimn\u00edho nebo \u0161patn\u00e9ho na projevov\u00e1n\u00ed siln\u00e9ho n\u00e1zoru na EU, kter\u00fd prost\u011b nerezonuje s t\u00edm takzvan\u00fdm mainstreamem? To je to, co V\u00e1clav  Klaus d\u011bl\u00e1.<\/p>\n<p><strong>Petr HAVL\u00cdK, spoluzakladatel ODS:<br \/>\n<\/strong>Tak Evropsk\u00e1 unie je v krizi a ty ko\u0159eny jsou velmi hlubok\u00e9. U\u017e p\u0159ed mnoha lety se vlastn\u011b dopustila t\u00e9 z\u00e1kladn\u00ed chyby, \u017ee vlastn\u011b ten politick\u00fd projekt nest\u00e1l na tom re\u00e1ln\u00e9m ekonomick\u00e9m fundamentu. To je samoz\u0159ejm\u011b legitimn\u00ed, V\u00e1clav  Klaus je v tomhle velmi, velmi vytrval\u00fd. Ta kritika ob\u010das nen\u00ed konstruktivn\u00ed a p\u0159edev\u0161\u00edm nenab\u00edz\u00ed \u017e\u00e1dnou alternativu. Tak\u017ee pokud je ta kritika &#8230;<\/p>\n<p><strong>Jakub \u017dELEZN\u00dd, moder\u00e1tor:<br \/>\n<\/strong>Po\u010dkejte a nen\u00ed ta kritika sama o sob\u011b alternativou k tomu, co jsem nehezky ne\u010desky nazval mainstream, ale ono se tomu tak \u0159\u00edk\u00e1?<\/p>\n<p><strong>Petr HAVL\u00cdK, spoluzakladatel ODS:<br \/>\n<\/strong>Ne, tak jedna v\u011bc je kritika, kter\u00e1 se, j\u00e1 nev\u00edm, op\u00edr\u00e1 o n\u011bjakou anal\u00fdzu a kter\u00e1 vy\u00fast\u00ed v n\u011bjak\u00e9 konstruktivn\u00ed \u0159e\u0161en\u00ed, n\u011bjak\u00fd jin\u00fd alternativn\u00ed n\u00e1vrh, p\u0159\u00edpadn\u011b navrhne konkr\u00e9tn\u00ed zm\u011bny konkr\u00e9tn\u00edch vylep\u0161en\u00ed. Ale pokud to u\u017e p\u0159esko\u010d\u00ed do nep\u0159\u00e1telsk\u00e9ho postoje, tak si samoz\u0159ejm\u011b mnoz\u00ed kladou ot\u00e1zku, jestli to tedy nen\u00ed jenom provokace a co skute\u010dn\u011b tedy V\u00e1clav  Klaus t\u00edm zam\u00fd\u0161l\u00ed, jestli naopak nem\u00e1 t\u0159eba n\u011bjak\u00e9 jin\u00e9 preference, kter\u00e9 jdou mimo r\u00e1mec toho z\u00e1kladn\u00edho projektu EU.<\/p>\n<p><strong>Jakub \u017dELEZN\u00dd, moder\u00e1tor:<br \/>\n<\/strong>Dnes pan prezident, pane Jakle, tak\u00e9 p\u0159edstavil vizi sv\u00e9ho institutu, tedy m\u00edsta, kde chce po odchodu z Hradu p\u016fsobit a \u0159e\u010d byla pr\u00e1v\u011b i o tom, \u017ee ten institut by m\u011bl n\u011bjak fungovat i v tom, \u0159ekn\u011bme evropsk\u00e9m prostoru. V\u00edte, jak chce institut V\u00e1clava Klause fungovat v prostoru Evropsk\u00e9 unie?<\/p>\n<p><strong>Ladislav JAKL, \u0159editel politick\u00e9ho odboru prezidentsk\u00e9 kancel\u00e1\u0159e:<br \/>\n<\/strong>J\u00e1 bych je\u0161t\u011b k t\u00e9 p\u0159edchoz\u00ed ot\u00e1zce, jestli dovol\u00edte. V\u00edte, kdybych nedostal ot\u00e1zku na n\u011bjak\u00fd v\u00fdmysl, na kterou jsem opravdu reagovat v\u00e1\u017en\u011b nemohl, proto\u017ee v\u00e1\u017en\u00e1 ot\u00e1zka to nebyla, ale kdybych dostal ot\u00e1zku na to, jestli V\u00e1clav  Klaus v n\u00e1sleduj\u00edc\u00edm roce a mo\u017en\u00e1 i potom se bude v\u011bnovat t\u00e9mat\u016fm kolem evropsk\u00e9 integrace, tak bych odpov\u011bd\u011bl v\u00e1\u017en\u011b a seri\u00f3zn\u011b, \u017ee ur\u010dit\u011b ano. Pro V\u00e1clava Klause je z\u00e1sadn\u00ed jedno hlavn\u00ed t\u00e9ma celou dobu jeho politick\u00e9 \u010dinnosti. T\u00edm je svoboda jednotlivce, svoboda \u010dlov\u011bka. A on velmi dob\u0159e v\u00ed, \u017ee o tu svobodu je nejl\u00e9pe postar\u00e1no v \u00fastavn\u00edm syst\u00e9mu parlamentn\u00ed demokracie, nikoliv v r\u00e1mci mezin\u00e1rodn\u00ed organizace, kter\u00e1 za\u010d\u00edn\u00e1 nab\u00fdvat n\u011bkter\u00e9 mocensk\u00e9 znaky st\u00e1tu, ale kter\u00e9 chyb\u00ed kontroln\u00ed a zp\u011btn\u011b vazebn\u00e9 mechanismy, kter\u00fdmi disponuje ka\u017ed\u00e1 demokracie. O tom ur\u010dit\u011b V\u00e1clav  Klaus bude diskutovat, mluvit, p\u0159em\u00fd\u0161let, p\u0159edn\u00e1\u0161et nejenom v posledn\u00edm roce sv\u00e9ho prezidentov\u00e1n\u00ed, bude to d\u011blat i v jak\u00e9koliv dal\u0161\u00ed sv\u00e9 roli, v jak\u00e9mkoliv dal\u0161\u00edm p\u016fsoben\u00ed, proto\u017ee to je d\u016fle\u017eit\u00e9 t\u00e9ma. Bohu\u017eel to t\u00e9ma je p\u0159ekr\u00fdv\u00e1no t\u00edm, \u017ee kdykoliv \u0159eknete n\u011bco, co nen\u00ed v souladu s hlavn\u00edm proudem a s dikt\u00e1tem t\u011bch nejmocn\u011bj\u0161\u00edch z\u00e1jm\u016f v Evropsk\u00e9 unii, tak jste vy\u0161t\u011bk\u00e1v\u00e1ni a zahn\u00e1ni do kouta a uml\u010dov\u00e1ni s t\u00edm, \u017ee jste fa\u0161ista, nacista a doma \u017eerete mal\u00e9 d\u011bti.<\/p>\n<p><strong>Jakub \u017dELEZN\u00dd, moder\u00e1tor:<br \/>\n<\/strong>No, tak j\u00e1 nev\u00edm, kdo \u0159\u00edkal o V\u00e1clavu Klausovi, \u017ee doma \u017eere mal\u00e9 d\u011bti, ale v ka\u017ed\u00e9m p\u0159\u00edpad\u011b zase na druhou stranu, pokud v\u011bt\u0161ina m\u00e1 n\u011bjak\u00fd n\u00e1zor, tak ho p\u0159ece m\u016f\u017ee projevit a \u0159\u00edci: to je v\u011bt\u0161inov\u00fd n\u00e1zor. Ale j\u00e1 v\u00e1m d\u011bkuji za tu odpov\u011b\u010f, proto\u017ee te\u010f jako byste se dostal tedy kone\u010dn\u011b k odpov\u011bdi na tu p\u0159edchoz\u00ed ot\u00e1zku a jenom p\u0159ipom\u00edn\u00e1m, byla vygenerov\u00e1na opravdu z toho, co napsal dneska Die Welt. Tak\u017ee d\u00edky za odpov\u011b\u010f. A kdy\u017e jsme je\u0161t\u011b mluvili o tom institutu, pane Havl\u00edku, jak\u00e9 renom\u00e9 podle v\u00e1s bude m\u00edt takov\u00e1 organizace nebo instituce?<\/p>\n<p><strong>Petr HAVL\u00cdK, spoluzakladatel ODS:<br \/>\n<\/strong>Tak t\u011b\u017eko j\u00e1 mohu odhadovat, nechci se pou\u0161t\u011bt do n\u011bjak\u00fdch spekulac\u00ed. Chci v\u011b\u0159it tomu, \u017ee to nebude n\u011bjak\u00e1 uzav\u0159en\u00e1 kvazi sekt\u00e1\u0159sk\u00e1 z\u00e1le\u017eitost, \u017ee to nebude fungovat pouze jako n\u011bjak\u00fd pokra\u010duj\u00edc\u00ed fanklub velk\u00e9ho V\u00e1clava Klause. Pokud to tedy bude otev\u0159en\u00e1 instituce, otev\u0159en\u00e1 dialogu s r\u016fzn\u00fdmi n\u00e1zory, tak pak to m\u016f\u017ee b\u00fdt ur\u010dit\u011b u\u017eite\u010dn\u00e1 platforma. Ale ob\u00e1v\u00e1m se, aby to nesklouzlo sp\u00ed\u0161e do toho prvn\u00edho modelu.<\/p>\n<p><strong>Jakub \u017dELEZN\u00dd, moder\u00e1tor:<br \/>\n<\/strong>Dnes tedy, p\u00e1nov\u00e9, za\u010d\u00edn\u00e1 posledn\u00ed rok V\u00e1clava Klause na Hrad\u011b, bude to, pane Jakle posledn\u00ed rok V\u00e1clava Klause v tom prostoru, kter\u00e9mu m\u00e1me ve zvyku \u0159\u00edkat vrcholn\u00e1 politika? J\u00e1 jenom p\u0159ipomenu malou statistiku, \u017ee z \u010desk\u00fdch politik\u016f ve vrcholn\u00e9 politice je V\u00e1clav  Klaus zdaleka nejd\u00e9le. J\u00e1 jsem to snad spo\u010d\u00edtal dob\u0159e &#8211; 22 let 2 m\u011bs\u00edce a 26 dn\u016f bez jedin\u00e9 vte\u0159iny p\u0159eru\u0161en\u00ed. Pane Jakle, bude to tedy opravdu ten posledn\u00ed rok V\u00e1clava Klause ve vrcholn\u00e9 politice?<\/p>\n<p><strong>Ladislav JAKL, \u0159editel politick\u00e9ho odboru prezidentsk\u00e9 kancel\u00e1\u0159e:<br \/>\n<\/strong>Mo\u017en\u00e1 ho p\u0159ekonal n\u011bkdej\u0161\u00ed komunistick\u00fd a pozd\u011bji soci\u00e1ln\u011bdemokratick\u00fd poslanec Michal Kraus. Ten mo\u017en\u00e1 vede. Ale j\u00e1 nev\u00edm, mo\u017en\u00e1 v\u00e1s odpov\u011b\u010f p\u0159ekvap\u00ed. Te\u010f to nemysl\u00edm v\u016fbec ironicky, tu ot\u00e1zku j\u00e1 dost\u00e1v\u00e1m u\u017e posledn\u00ed rok velmi pravideln\u011b a odpov\u00edd\u00e1m na ni v\u017edy stejn\u011b: na Hrad\u011b v okruhu spolupracovn\u00edk\u016f prezidenta V\u00e1clava Klause o tom zat\u00edm nikdy nepadlo \u017e\u00e1dn\u00e9 slovo, ani jedno, o \u017e\u00e1dn\u00e9m dal\u0161\u00edm anga\u017em\u00e1. Mo\u017en\u00e1 si lid\u00e9 p\u0159edstavuj\u00ed, \u017ee tam nem\u00e1me nic jin\u00e9ho na pr\u00e1ci, ne\u017e \u017ee sed\u00edme n\u011bkde v n\u011bjak\u00e9m doup\u011bti a kujeme n\u011bjak\u00e9 pikle, co bude potom. My se sna\u017e\u00edme co nejl\u00e9pe d\u011blat ka\u017ed\u00fd den svoji pr\u00e1ci a to, \u017ee pan prezident u\u017e 12 let vede \u00a0&#8211; a ne, \u017ee o n\u011bm mluv\u00ed, ale vede &#8211; think tank, \u010dili n\u011bjak\u00e9 m\u00edsto pro p\u0159em\u00fd\u0161len\u00ed, pro publikov\u00e1n\u00ed r\u016fzn\u00fdch n\u00e1zor\u016f a my\u0161lenek, kter\u00e9 se jmenuje Centrum pro ekonomiku a politiku, a po sv\u00e9m anga\u017em\u00e1 na Hrad\u011b ho chce p\u0159em\u011bnit v n\u011bco je\u0161t\u011b \u017eiv\u011bj\u0161\u00edho, funk\u010dn\u011bj\u0161\u00edho, proto\u017ee na to bude m\u00edt v\u00edc \u010dasu, to je, si mysl\u00edm, \u017ee to je logick\u00e9 a p\u0159edpokl\u00e1dateln\u00e9. Dop\u0159edu to diskvalifikovat slovem fanklub od \u010dlov\u011bka, kter\u00fd Klausovy fankluby kdysi zakl\u00e1dal, mo\u017en\u00e1 zakl\u00e1dal i po\u017e\u00e1r v obecn\u00edm sen\u00edku, to j\u00e1 opravdu, j\u00e1 nev\u00edm, pro\u010d o tom takhle dehonestuj\u00edc\u00edm zp\u016fsobem mluvit. Prost\u011b bude to jedna z platforem, kde bude jist\u011b V\u00e1clav Klaus p\u016fsobit na ve\u0159ejn\u00e9 prost\u0159ed\u00ed. Jestli si najde n\u011bjak\u00e9 jin\u00e9 platformy, anebo jestli \u017eivot p\u0159inese n\u011bjak\u00e9 dal\u0161\u00ed v\u00fdzvy, to j\u00e1 v\u016fbec nechci p\u0159edpov\u00eddat.<\/p>\n<p><strong>Jakub \u017dELEZN\u00dd, moder\u00e1tor:<br \/>\n<\/strong>Vy jste, pane Havl\u00edku, loni v \u010cesk\u00e9 televizi \u0159ekl, cituji: &#8222;nedovedu si p\u0159edstavit, \u017ee by zcela,&#8220; m\u00edn\u011bno V\u00e1clav Klaus, &#8222;opustil ve\u0159ejn\u00fd prostor a le\u017eel n\u011bkde na chalup\u011b v ji\u017en\u00edch \u010cech\u00e1ch. Na druhou stranu po jeho plnohodnotn\u00e9m comebacku u\u017e tady nebude popt\u00e1vka, a \u010d\u00edm d\u0159\u00edve to pochop\u00ed, t\u00edm l\u00e9pe pro n\u011bj.&#8220; Podepsal byste i dneska tahle slova z lo\u0148sk\u00e9ho \u010dervna?<\/p>\n<p><strong>Petr HAVL\u00cdK, spoluzakladatel ODS:<br \/>\n<\/strong>Ur\u010dit\u011b ano. J\u00e1 si nedovedu p\u0159edstavit, \u017ee by se V\u00e1clav  Klaus te\u010f cht\u011bl stav\u011bt do \u010dela n\u011bjak\u00e9 nov\u011b vznikl\u00e9 politick\u00e9 formace. Pan Jakl se m\u00fdl\u00ed, j\u00e1 jsem nezakl\u00e1dal fankluby V\u00e1clava Klause, j\u00e1 jsem zalo\u017eil pravicovou stranu, z kter\u00e9 jsem pak v roce 1993 ode\u0161el &#8230;<\/p>\n<p><strong>Jakub \u017dELEZN\u00dd, moder\u00e1tor:<br \/>\n<\/strong>Dob\u0159e, nechme, pros\u00edm, fankluby, m\u011b by zaj\u00edmal v\u00e1\u0161 n\u00e1zor &#8230;<\/p>\n<p><strong>Petr HAVL\u00cdK, spoluzakladatel ODS:<br \/>\n<\/strong>Ne, j\u00e1 mysl\u00edm, \u017ee to je &#8230;<\/p>\n<p><strong>Jakub \u017dELEZN\u00dd, moder\u00e1tor:<br \/>\n<\/strong>&#8230; na budouc\u00ed mo\u017en\u00e9 anga\u017em\u00e1 V\u00e1clava Klause, t\u0159eba i v politice?<\/p>\n<p><strong>Petr HAVL\u00cdK, spoluzakladatel ODS:<br \/>\n<\/strong>Nev\u011b\u0159\u00edm v to. J\u00e1 mysl\u00edm, \u017ee V\u00e1clavu Klausovi te\u010f vyhovovalo, \u017ee Hrad slou\u017eil vlastn\u011b jako jak\u00e9si alternativn\u00ed centrum moci a mysl\u00edm si, \u017ee se v t\u00e9to roli c\u00edt\u00ed dob\u0159e. Tak\u017ee i po ukon\u010den\u00ed mand\u00e1tu p\u0159edpokl\u00e1d\u00e1m, \u017ee v n\u011bjak\u00e9 podobn\u00e9 bude fungovat. Jenom posledn\u00ed v\u011btu, jestli mohu k tomu institutu a v\u016fbec k tomu z\u00e1zem\u00ed, mysl\u00edm, \u017ee je dobr\u00e9 se tak\u00e9 zastavit u toho, pro\u010d zrovna pan Kellner se rozhodl, nebo velmi v\u00e1\u017en\u011b uva\u017euje o tom, \u017ee do toho finan\u010dn\u011b vstoup\u00ed, dal\u0161\u00ed zaj\u00edmav\u00e1 vazba je na Martina Romana, nejmocn\u011bj\u0161\u00edho st\u00e1tn\u00edho mana\u017eera v d\u011bjin\u00e1ch Evropy a tak d\u00e1le, a tak d\u00e1le. Tak\u017ee t\u011bch ot\u00e1zek, kter\u00e9 se vyroj\u00ed kolem V\u00e1clava Klause, bude cel\u00e1 \u0159ada a ur\u010dit\u011b to nezvl\u00e1dneme b\u011bhem 5 minut ve va\u0161em studiu.<\/p>\n<p><strong>Jakub \u017dELEZN\u00dd, moder\u00e1tor:<br \/>\n<\/strong>To nezvl\u00e1dneme, ale na druhou stranu j\u00e1 mysl\u00edm, \u017ee odpov\u011bdi na ot\u00e1zky V\u00e1clava Klause nemusej\u00ed nebavit nutn\u011b.<\/p>\n<p><strong>Petr HAVL\u00cdK, spoluzakladatel ODS:<br \/>\n<\/strong>Ne, ur\u010dit\u011b, ur\u010dit\u011b, ur\u010dit\u011b bude d\u00e1le velmi viditeln\u00fdm hr\u00e1\u010dem na \u010desk\u00e9 sc\u00e9n\u011b, to zcela ur\u010dit\u011b.<\/p>\n<p><strong>Jakub \u017dELEZN\u00dd, moder\u00e1tor:<br \/>\n<\/strong>Pane Jakle, pane Havl\u00edku, v\u00e1m ob\u011bma d\u011bkuji za \u00fa\u010dast v dne\u0161n\u00edch Ud\u00e1lostech, koment\u00e1\u0159\u00edch. D\u00edky a na shledanou.<\/p>\n<p><strong>Petr HAVL\u00cdK, spoluzakladatel ODS:<br \/>\n<\/strong>Na shledanou. D\u011bkuji za pozv\u00e1n\u00ed.<\/p>\n<p><strong>Ladislav JAKL, \u0159editel politick\u00e9ho odboru prezidentsk\u00e9 kancel\u00e1\u0159e:<br \/>\n<\/strong>D\u011bkuji tak\u00e9. P\u0159eji p\u011bkn\u00fd ve\u010der. Na shledanou.<\/p>\n<p>Video <a href=\" http:\/\/www.ceskatelevize.cz\/porady\/1096898594-udalosti-komentare\/212411000370307\/video\/\" target=\"_blank\">ZDE<\/a><\/p>\n","protected":false},"excerpt":{"rendered":"<p>V\u00e1clav Klaus &#8211; rok des\u00e1t\u00fd Zdroj:\u00a0\u010cT 24 Datum:\u00a007.03.2012 Relace:\u00a0Ud\u00e1losti, koment\u00e1\u0159e<\/p>\n","protected":false},"author":1,"featured_media":0,"comment_status":"open","ping_status":"open","sticky":false,"template":"","format":"standard","meta":{"ngg_post_thumbnail":0,"footnotes":""},"categories":[13],"tags":[],"class_list":["post-1598","post","type-post","status-publish","format-standard","hentry","category-rozhovory"],"_links":{"self":[{"href":"https:\/\/www.ladislavjakl.cz\/index.php?rest_route=\/wp\/v2\/posts\/1598","targetHints":{"allow":["GET"]}}],"collection":[{"href":"https:\/\/www.ladislavjakl.cz\/index.php?rest_route=\/wp\/v2\/posts"}],"about":[{"href":"https:\/\/www.ladislavjakl.cz\/index.php?rest_route=\/wp\/v2\/types\/post"}],"author":[{"embeddable":true,"href":"https:\/\/www.ladislavjakl.cz\/index.php?rest_route=\/wp\/v2\/users\/1"}],"replies":[{"embeddable":true,"href":"https:\/\/www.ladislavjakl.cz\/index.php?rest_route=%2Fwp%2Fv2%2Fcomments&post=1598"}],"version-history":[{"count":1,"href":"https:\/\/www.ladislavjakl.cz\/index.php?rest_route=\/wp\/v2\/posts\/1598\/revisions"}],"predecessor-version":[{"id":1599,"href":"https:\/\/www.ladislavjakl.cz\/index.php?rest_route=\/wp\/v2\/posts\/1598\/revisions\/1599"}],"wp:attachment":[{"href":"https:\/\/www.ladislavjakl.cz\/index.php?rest_route=%2Fwp%2Fv2%2Fmedia&parent=1598"}],"wp:term":[{"taxonomy":"category","embeddable":true,"href":"https:\/\/www.ladislavjakl.cz\/index.php?rest_route=%2Fwp%2Fv2%2Fcategories&post=1598"},{"taxonomy":"post_tag","embeddable":true,"href":"https:\/\/www.ladislavjakl.cz\/index.php?rest_route=%2Fwp%2Fv2%2Ftags&post=1598"}],"curies":[{"name":"wp","href":"https:\/\/api.w.org\/{rel}","templated":true}]}}