{"id":1607,"date":"2012-03-12T14:41:39","date_gmt":"2012-03-12T13:41:39","guid":{"rendered":"http:\/\/www.ladislavjakl.cz\/?p=1607"},"modified":"2012-03-12T14:41:39","modified_gmt":"2012-03-12T13:41:39","slug":"jakl-haji-halika-neni-homosexualni-pedofil","status":"publish","type":"post","link":"https:\/\/www.ladislavjakl.cz\/?p=1607","title":{"rendered":"Jakl h\u00e1j\u00ed Hal\u00edka: Nen\u00ed homosexu\u00e1ln\u00ed pedofil"},"content":{"rendered":"<div style=\"text-align: justify;\">Tajemn\u00edk prezidenta V\u00e1clava Klause Ladislav Jakl uk\u00e1zal svoji vl\u00eddnou  tv\u00e1\u0159. Patera Hal\u00edka, kter\u00fd mu p\u0159itom nem\u016f\u017ee p\u0159ij\u00edt na jm\u00e9no, se  rezolutn\u011b zastal. &#8222;Ano, i katolick\u00e1 c\u00edrkev m\u00e1 mezi sv\u00fdmi kn\u011b\u017e\u00edmi \u010dern\u00e9 ovce. Jsou jimi  homosexu\u00e1ln\u00ed pedofilov\u00e9 nebo lid\u00e9 prosycen\u00ed nen\u00e1vist\u00ed,&#8220; uvedl Jakl na  sv\u00fdch webov\u00fdch str\u00e1nk\u00e1ch v rubrice Hrub\u00e1 z\u00e1plata.<\/div>\n<p style=\"text-align: justify;\"><!--more--><br \/>\n&#8222;N\u011bkte\u0159\u00ed lid\u00e9 mi \u0159\u00edkali, \u017ee pater Hal\u00edk reprezentuje ob\u011b skupiny,&#8220;  napsal d\u00e1le \u0159editel politick\u00e9ho odboru kancel\u00e1\u0159e prezidenta republiky.<\/p>\n<p>Jakl si ale mysl\u00ed, \u017ee v t\u00e9 prvn\u00ed skupin\u011b Hal\u00edk nen\u00ed.<\/p>\n<p>&#8222;V tom bych se ho cht\u011bl zastat, proto\u017ee mi p\u0159ed \u010dasem jedna m\u00e1 zn\u00e1m\u00e1  popisovala, jak vid\u011bla na ulici patera Hal\u00edka mlsn\u011b se ohl\u00ed\u017eej\u00edc\u00edho po  dosp\u011bl\u00e9 \u017een\u011b v minisukni,&#8220; dosv\u011bd\u010dil Jakl.<\/p>\n<p>Znamen\u00e1 toto zast\u00e1n\u00ed za\u010d\u00e1tek dobr\u00fdch vztah\u016f mezi Hal\u00edkem a Hradem? Znamen\u00e1 zakop\u00e1n\u00ed v\u00e1le\u010dn\u00e9 sekery \u010di dokonce mo\u017en\u00e1 spolupr\u00e1ci?<\/p>\n<p>To zat\u00edm nen\u00ed jasn\u00e9, prezident V\u00e1clav Klaus ve st\u0159edu pro  Prvnizpravy.cz odm\u00edtl, \u017ee by uva\u017eoval o zam\u011bstn\u00e1n\u00ed Tom\u00e1\u0161e Hal\u00edka mezi  sv\u00fdmi poradci, a to i p\u0159esto, \u017ee Hal\u00edk tuto pr\u00e1ci vpodstat\u011b zdarma  vykon\u00e1v\u00e1 u\u017e dnes &#8211; t\u00e9m\u011b\u0159 denn\u011b prezidentovi p\u0159es m\u00e9dia rad\u00ed, jak by se  m\u011bl chovat a co by m\u011bl d\u011blat.<\/p>\n<p>&#8222;Nic takov\u00e9ho m\u011b opravdu nenapadlo a mysl\u00edm, \u017ee tito p\u00e1nov\u00e9 (Hal\u00edk a  Pehe, pozn. red.) by o takovou pr\u00e1ci ani nem\u011bli z\u00e1jem. Nicm\u00e9n\u011b \u017e\u00e1dn\u00e9  radik\u00e1ln\u00ed zm\u011bny tady v kancel\u00e1\u0159i neo\u010dek\u00e1v\u00e1m. Za posledn\u00ed rok sice ode\u0161ly  t\u0159i bl\u00edzk\u00e9 spolupracovnice, ale v\u0161echny na mate\u0159skou dovolenou, proto\u017ee  se jim narodila miminka, ale nic radik\u00e1ln\u00edho opravdu ne,\u201c \u0159ekl s  \u00fasm\u011bvem prezident V\u00e1clav Klaus.<\/p>\n<p>Jaklova vl\u00eddn\u00e1 slova na adresu patera ale mohou nazna\u010dovat, \u017ee k ur\u010dit\u00e9mu usmi\u0159ov\u00e1n\u00ed p\u0159esto doch\u00e1z\u00ed.<\/p>\n<p style=\"text-align: justify;\"><a href=\"http:\/\/freeglobe.parlamentnilisty.cz\/Articles\/1583-jakl-haji-halika-neni-homosexualni-pedofil.aspx\" target=\"_blank\">Zdroj<\/a><\/p>\n","protected":false},"excerpt":{"rendered":"<p>Tajemn\u00edk prezidenta V\u00e1clava Klause Ladislav Jakl uk\u00e1zal svoji vl\u00eddnou tv\u00e1\u0159. Patera Hal\u00edka, kter\u00fd mu p\u0159itom nem\u016f\u017ee p\u0159ij\u00edt na jm\u00e9no, se rezolutn\u011b zastal. &#8222;Ano, i katolick\u00e1 c\u00edrkev m\u00e1 mezi sv\u00fdmi kn\u011b\u017e\u00edmi \u010dern\u00e9 ovce. Jsou jimi homosexu\u00e1ln\u00ed pedofilov\u00e9 nebo lid\u00e9 prosycen\u00ed nen\u00e1vist\u00ed,&#8220; uvedl Jakl na sv\u00fdch webov\u00fdch str\u00e1nk\u00e1ch v rubrice Hrub\u00e1 z\u00e1plata.<\/p>\n","protected":false},"author":1,"featured_media":0,"comment_status":"open","ping_status":"open","sticky":false,"template":"","format":"standard","meta":{"ngg_post_thumbnail":0,"footnotes":""},"categories":[11],"tags":[],"class_list":["post-1607","post","type-post","status-publish","format-standard","hentry","category-ozvena"],"_links":{"self":[{"href":"https:\/\/www.ladislavjakl.cz\/index.php?rest_route=\/wp\/v2\/posts\/1607","targetHints":{"allow":["GET"]}}],"collection":[{"href":"https:\/\/www.ladislavjakl.cz\/index.php?rest_route=\/wp\/v2\/posts"}],"about":[{"href":"https:\/\/www.ladislavjakl.cz\/index.php?rest_route=\/wp\/v2\/types\/post"}],"author":[{"embeddable":true,"href":"https:\/\/www.ladislavjakl.cz\/index.php?rest_route=\/wp\/v2\/users\/1"}],"replies":[{"embeddable":true,"href":"https:\/\/www.ladislavjakl.cz\/index.php?rest_route=%2Fwp%2Fv2%2Fcomments&post=1607"}],"version-history":[{"count":1,"href":"https:\/\/www.ladislavjakl.cz\/index.php?rest_route=\/wp\/v2\/posts\/1607\/revisions"}],"predecessor-version":[{"id":1608,"href":"https:\/\/www.ladislavjakl.cz\/index.php?rest_route=\/wp\/v2\/posts\/1607\/revisions\/1608"}],"wp:attachment":[{"href":"https:\/\/www.ladislavjakl.cz\/index.php?rest_route=%2Fwp%2Fv2%2Fmedia&parent=1607"}],"wp:term":[{"taxonomy":"category","embeddable":true,"href":"https:\/\/www.ladislavjakl.cz\/index.php?rest_route=%2Fwp%2Fv2%2Fcategories&post=1607"},{"taxonomy":"post_tag","embeddable":true,"href":"https:\/\/www.ladislavjakl.cz\/index.php?rest_route=%2Fwp%2Fv2%2Ftags&post=1607"}],"curies":[{"name":"wp","href":"https:\/\/api.w.org\/{rel}","templated":true}]}}